{"id":222041,"date":"2026-04-27T23:01:14","date_gmt":"2026-04-28T03:01:14","guid":{"rendered":"https:\/\/www.elsinodaldetamaulipas.com.mx\/?p=222041"},"modified":"2026-04-27T23:01:14","modified_gmt":"2026-04-28T03:01:14","slug":"corta-memoria","status":"publish","type":"post","link":"https:\/\/www.elsinodaldetamaulipas.com.mx\/?p=222041","title":{"rendered":"CORTA MEMORIA"},"content":{"rendered":"<p><strong><em>Algunos han olvidado<\/em><\/strong><\/p>\n<p><strong><em>ese azote de violencia,<\/em><\/strong><\/p>\n<p><strong><em>acaso tienen amnesia<\/em><\/strong><\/p>\n<p><strong><em>sobre sexenio pasado\u2026<\/em><\/strong><\/p>\n<p><strong><em>\u00a0<\/em><\/strong><\/p>\n<p><strong><em>El Gober lo mencion\u00f3,<\/em><\/strong><\/p>\n<p><strong><em>una cifra que ofend\u00eda:<\/em><\/strong><\/p>\n<p><strong><em>130 muertes por d\u00eda<\/em><\/strong><\/p>\n<p><strong><em>y hoy, hasta 14 baj\u00f3\u2026<\/em><\/strong><\/p>\n<p>&nbsp;<\/p>\n<p>En tema de seguridad p\u00fablica, el gobernador de Tamaulipas, <strong>AM\u00c9RICO VILLARREAL ANAYA<\/strong>, nunca le ha \u201csacado al bulto\u201d y lo ha remarcado que en el combate a la violencia no es una tarea terminada a pesar de los mejorados niveles que hoy se perciben.<\/p>\n<p>El sexenio del <strong>EGIDIO TORRE CANT\u00da<\/strong> (2011-2016) fue una \u00e9poca muy violenta para Tamaulipas. Fueron fechas en donde los cuerpos quedaban regados en carreteras, caminos vecinales, colonias, zonas centros, zonas residenciales y hasta fraccionamientos privados de todos los municipios tamaulipecos; fruto de ejecuciones, levantones fallidos, \u201ctopones\u201d entre grupos antag\u00f3nicos, entre civiles armados y la polic\u00eda o de todos contra todos\u2026 \u00a1<strong><em>Zaaas culebra<\/em><\/strong>!<\/p>\n<p>Con los fallidos \u201cvientos del cambio\u201d, que comand\u00f3 el panista saqueador de <strong>FRANCISCO GARC\u00cdA CABEZA DE VACA<\/strong>, las cosas \u201cmejoraron\u201d a trav\u00e9s de boletines con \u201ccuentas alegres\u201d. En la teor\u00eda el sexenio panista \u201ccombati\u00f3\u201d la inseguridad, pero en la pr\u00e1ctica se generaban hasta 130 homicidios diarios.<\/p>\n<p>Ni qu\u00e9 decir las masacres y saqueos perpetrados por fuerzas policiales durante el sexenio del texano\/reynosense que han sido por dem\u00e1s publicitadas, como aquellas en donde se se\u00f1al\u00f3 aquello de que se hac\u00edan: \u201c<em>nom\u00e1s pa\u2019 calentar la plaza<\/em>\u201d\u2026 \u00a1<strong><em>Ay nanita<\/em><\/strong>!<\/p>\n<p>Y s\u00ed, tambi\u00e9n se ha convertido en una \u201ctradici\u00f3n\u201d que cada que las fuerzas del orden act\u00faan para detener a un \u201cobjetivo prioritario\u201d, se desate la violencia, lo que aprovechan los grupos antag\u00f3nicos al Gobierno de <strong>AM\u00c9RICO VILLARREAL ANAYA<\/strong> para se\u00f1alar \u2014con \u00edndice flam\u00edgero\u2014 y tratar de vender la idea de que hay un \u201cTamaulipas violento\u201d\u2026 \u00a1<strong><em>Ch\u00fapale pich\u00f3n<\/em><\/strong>!<\/p>\n<p>Por ello, este lunes por la ma\u00f1ana, <strong>AM\u00c9RICO<\/strong> fue claro al pedir que \u201c<em>no seamos cortos de memoria<\/em>\u201d y tiene raz\u00f3n el Gobernador, porque tal pareciera que hay una campa\u00f1a en contra del Gobierno de Tamaulipas para hacer ver que no ha cambiado nada del pasado, que la violencia sigue, que est\u00e1 a flor de piel\u2026 \u00a1<strong><em>Ay nanita<\/em><\/strong>!<\/p>\n<p>Frente a los reporteros de la fuente, luego de los Honores al L\u00e1baro Patrio, el Gobernador lo dijo clarito: \u201c<em>h<\/em><em>ace seis a\u00f1os, en nuestra entidad, ten\u00edamos un promedio de 130 homicidios por mes y en estos meses \u00faltimos estamos teniendo un promedio de 14 homicidios<\/em>\u201d.<\/p>\n<p>Nunca mencion\u00f3 el nombre de su antecesor, pero sacando cuentas, en el 2020, es decir hace seis a\u00f1os, los \u201ccabecistas\u201d presum\u00edan sus estaciones seguras, pero se registraban 130 homicidios dolosos; presum\u00edan cifras \u201cimpactantes\u201d, pero las muertes dolosas no bajaban de las cien al d\u00eda\u2026 \u00a1<strong><em>AyWey<\/em><\/strong>!<\/p>\n<p>Ahora, con <strong>AM\u00c9RICO<\/strong> y la Mesa de Seguridad para la Paz, en donde se confeccionan, se revisan, se adecuan o corrigen las estrategias contra la inseguridad, cit\u00f3: \u201c<em>Nunca hemos dicho que la seguridad sea un asunto terminado, sino que merece permanentemente nuestra presencia y actuaci\u00f3n d\u00eda con d\u00eda en las mesas de seguridad<\/em>\u201d; algo que al menos los dos antecesores del actual Gobernador no hicieron y all\u00ed est\u00e1n las pruebas para sustentar esta afirmaci\u00f3n.<\/p>\n<p>A pesar de la brutal campa\u00f1a medi\u00e1tica que tiene en contra y de forma permanente el Gobierno de Tamaulipas, los \u00edndices de homicidios dolosos se han reducido en porcentajes muy importantes, que evidencian claramente que hay un trabajo por parte de la Administraci\u00f3n estatal de Am\u00e9rico, en conjunto con el Gobierno federal.<\/p>\n<p>Para terminar el tema ante los reporteros de la fuente, <strong>AM\u00c9RICO<\/strong> dijo que garantizar la paz y seguridad de las y los tamaulipecos, \u201c<em>e<\/em><em>s un compromiso que tiene el Gobierno, que se comprometi\u00f3 con la ciudadan\u00eda de mejorar estas condiciones y yo siento que vamos avanzando consistentemente<\/em>\u201d.<\/p>\n<p>Antes de tocar el tema de la seguridad, el gobernador <strong>AM\u00c9RICO VILLARREAL ANAYA<\/strong>, entreg\u00f3 obras que en conjunto representaron m\u00e1s de cuatro millones de pesos.<\/p>\n<p>Durante la Ceremonia C\u00edvica de Honores, en la escuela primaria Rep\u00fablica de M\u00e9xico, en Ciudad Victoria, la Capital de Tamaulipas, dijo que construir entre todos una sociedad cada vez m\u00e1s justa, en donde todos podamos progresar, es el objetivo del modelo de educaci\u00f3n que hoy tienen los gobiernos humanistas de la transformaci\u00f3n.<\/p>\n<p>Adem\u00e1s de entregar obras por la suma mencionada, <strong>VILLARREAL ANAYA<\/strong> dio el banderazo de salida a camiones con 700 pupitres y mil 400 latas de pintura para los planteles escolares de los 43 municipios.<\/p>\n<p>Durante el inicio del reparto, <strong>AM\u00c9RICO<\/strong> cit\u00f3: \u201c<em>Que disfruten ustedes de esta ni\u00f1ez, que es lo m\u00e1s importante que tenemos los adultos, y verlos crecer sanos, y verlos crecer fuertes, y verlos crecer con mucho conocimiento para que en un futuro sean y contribuyan ustedes tambi\u00e9n al desarrollo de este gran estado<\/em>\u201d.<\/p>\n<p>El Mandatario estatal destac\u00f3 tambi\u00e9n los programas de apoyo de \u00fatiles escolares, las becas, la entrega de libros de texto gratuitos, los cuidados a la salud de las ni\u00f1as y ni\u00f1os y la capacitaci\u00f3n permanente de las y los maestros\u2026 \u00a1<strong><em>Ostias t\u00edo de la Virgen santa<\/em><\/strong>!<\/p>\n<p>En otro tema, d\u00e9jeme comentarle que la alcaldesa de Nuevo Laredo, <strong>CARMEN LILIA CANTUROSAS VILLARREAL<\/strong>, para reafirmar el liderazgo de los gobiernos municipales de Tamaulipas en la construcci\u00f3n de una agenda nacional progresista, basada en la coordinaci\u00f3n, di\u00e1logo y generaci\u00f3n de pol\u00edticas p\u00fablicas que impacten en la vida de las y los ciudadanos, particip\u00f3 en la XXVIII Asamblea Nacional de la Asociaci\u00f3n de Autoridades Locales de M\u00e9xico, A.C. (AALMAC).<\/p>\n<p>En su calidad de Coordinadora Nacional de las y los Alcaldes de la Frontera Norte de la AALMAC, la alcaldesa form\u00f3 parte de este importante encuentro donde participaron cerca de mil presidentes municipales de todo M\u00e9xico que pertenecen al AALMAC, donde refrendaron su compromiso de trabajar de manera conjunta para el fortalecimiento de los gobiernos municipales y la consolidaci\u00f3n de un modelo de gobernanza cercano a la gente.<\/p>\n<p>Tambi\u00e9n durante la asamblea se llev\u00f3 a cabo la toma de protesta de <strong>JAVIER L\u00d3PEZ CASAR\u00cdN<\/strong>, alcalde de \u00c1lvaro Obreg\u00f3n, Ciudad de M\u00e9xico,\u00a0 como nuevo presidente nacional de este organismo, en un contexto de unidad entre los cientos de alcaldes que asistieron al evento.<\/p>\n<p>La presidenta municipal <strong>CARMEN LILIA CANTUROSAS<\/strong>, coment\u00f3 que en esta asamblea se delinearon estrategias para fortalecer el papel de los municipios en la transformaci\u00f3n del pa\u00eds, bajo una l\u00f3gica de coordinaci\u00f3n interinstitucional y pol\u00edticas p\u00fablicas con enfoque territorial.<\/p>\n<p>En ese sentido, <strong>CARMEN LILIA<\/strong> destac\u00f3 los resultados que colocan a Nuevo Laredo dentro del grupo de ciudades que cumplen con los est\u00e1ndares de desempe\u00f1o impulsados por organismos como la AALMAC, donde se promueve un modelo de gobierno cercano, eficiente y con impacto directo en la calidad de vida de la poblaci\u00f3n.<\/p>\n<p>De acuerdo con la m\u00e1s reciente medici\u00f3n de la INEGI a trav\u00e9s de la Encuesta Nacional de Seguridad P\u00fablica Urbana (ENSU) correspondiente al primer trimestre de 2026, Nuevo Laredo se ubic\u00f3 en el top ten nacional en percepci\u00f3n de eficacia gubernamental para resolver problem\u00e1ticas urbanas, adem\u00e1s de colocarse en la posici\u00f3n 14 en reducci\u00f3n de la percepci\u00f3n de inseguridad, indicadores clave en la evaluaci\u00f3n del desempe\u00f1o municipal.<\/p>\n<p>Durante su intervenci\u00f3n, la edil destac\u00f3 que los avances registrados en Nuevo Laredo son reflejo de un modelo de gobierno alineado con la visi\u00f3n transformadora que impulsa la presidenta de M\u00e9xico, <strong>CLAUDIA SHEINBAUM PARDO<\/strong> y el gobernador de Tamaulipas, <strong>AM\u00c9RICO VILLARREAL ANAYA<\/strong>, en el que los municipios se consolidan como el primer frente de respuesta a las demandas sociales.<\/p>\n<p>La participaci\u00f3n de <strong>CARMEN LILIA <\/strong>en asamblea ocurre en un momento clave, donde los indicadores de desempe\u00f1o de su administraci\u00f3n no s\u00f3lo la posicionan como referente en Tamaulipas y se destaca la capacidad de gesti\u00f3n, resultados y articulaci\u00f3n pol\u00edtica que tiene la alcaldesa, en un entorno donde la evaluaci\u00f3n ciudadana se ha convertido en el principal term\u00f3metro del desempe\u00f1o gubernamental\u2026 \u00a1<strong><em>Enhorabuena<\/em><\/strong>!<\/p>\n<p><strong>GRACIAS<\/strong>\u2026 Nos leemos hasta ma\u00f1ana<\/p>\n<p><strong>COMENTARIOS<\/strong>: <a href=\"mailto:letrasprohibidas2011@hotmail.com\">letrasprohibidas2011@hotmail.com<\/a><\/p>\n","protected":false},"excerpt":{"rendered":"<p>Algunos han olvidado ese azote de violencia, acaso tienen amnesia sobre sexenio pasado\u2026 \u00a0 El Gober lo mencion\u00f3, una cifra que ofend\u00eda: 130 muertes por d\u00eda y hoy, hasta 14 baj\u00f3\u2026 &nbsp; En tema de seguridad p\u00fablica, el gobernador de Tamaulipas, AM\u00c9RICO VILLARREAL ANAYA, nunca le ha \u201csacado al bulto\u201d y lo ha remarcado que [&hellip;]<\/p>\n","protected":false},"author":1,"featured_media":214894,"comment_status":"closed","ping_status":"closed","sticky":false,"template":"","format":"standard","meta":{"footnotes":""},"categories":[16],"tags":[],"class_list":["post-222041","post","type-post","status-publish","format-standard","has-post-thumbnail","hentry","category-opinion"],"_links":{"self":[{"href":"https:\/\/www.elsinodaldetamaulipas.com.mx\/index.php?rest_route=\/wp\/v2\/posts\/222041","targetHints":{"allow":["GET"]}}],"collection":[{"href":"https:\/\/www.elsinodaldetamaulipas.com.mx\/index.php?rest_route=\/wp\/v2\/posts"}],"about":[{"href":"https:\/\/www.elsinodaldetamaulipas.com.mx\/index.php?rest_route=\/wp\/v2\/types\/post"}],"author":[{"embeddable":true,"href":"https:\/\/www.elsinodaldetamaulipas.com.mx\/index.php?rest_route=\/wp\/v2\/users\/1"}],"replies":[{"embeddable":true,"href":"https:\/\/www.elsinodaldetamaulipas.com.mx\/index.php?rest_route=%2Fwp%2Fv2%2Fcomments&post=222041"}],"version-history":[{"count":1,"href":"https:\/\/www.elsinodaldetamaulipas.com.mx\/index.php?rest_route=\/wp\/v2\/posts\/222041\/revisions"}],"predecessor-version":[{"id":222042,"href":"https:\/\/www.elsinodaldetamaulipas.com.mx\/index.php?rest_route=\/wp\/v2\/posts\/222041\/revisions\/222042"}],"wp:featuredmedia":[{"embeddable":true,"href":"https:\/\/www.elsinodaldetamaulipas.com.mx\/index.php?rest_route=\/wp\/v2\/media\/214894"}],"wp:attachment":[{"href":"https:\/\/www.elsinodaldetamaulipas.com.mx\/index.php?rest_route=%2Fwp%2Fv2%2Fmedia&parent=222041"}],"wp:term":[{"taxonomy":"category","embeddable":true,"href":"https:\/\/www.elsinodaldetamaulipas.com.mx\/index.php?rest_route=%2Fwp%2Fv2%2Fcategories&post=222041"},{"taxonomy":"post_tag","embeddable":true,"href":"https:\/\/www.elsinodaldetamaulipas.com.mx\/index.php?rest_route=%2Fwp%2Fv2%2Ftags&post=222041"}],"curies":[{"name":"wp","href":"https:\/\/api.w.org\/{rel}","templated":true}]}}