{"id":222046,"date":"2026-04-27T23:07:08","date_gmt":"2026-04-28T03:07:08","guid":{"rendered":"https:\/\/www.elsinodaldetamaulipas.com.mx\/?p=222046"},"modified":"2026-04-27T23:07:08","modified_gmt":"2026-04-28T03:07:08","slug":"ipso-facto-viene-el-cambio-en-morena","status":"publish","type":"post","link":"https:\/\/www.elsinodaldetamaulipas.com.mx\/?p=222046","title":{"rendered":"IPSO FACTO VIENE EL CAMBIO EN MORENA"},"content":{"rendered":"<p>A MI MANERA<\/p>\n<p>Por Tello Montes<\/p>\n<p><strong>-Para que se ubiquen: aqu\u00ed nom\u00e1s truenan los chicharrones de Claudia.<\/strong><\/p>\n<p><strong>-Am\u00e9rico cumple\u2026 y eso pesa.<\/strong><\/p>\n<p>En Morena no est\u00e1n perdiendo tiempo\u2026 lo est\u00e1n comprimiendo. El CEN decidi\u00f3 irse por la v\u00eda r\u00e1pida y convoc\u00f3 al Congreso Nacional el pr\u00f3ximo 3 de mayo, donde no solo se renovar\u00e1 el Consejo Nacional, sino que se perfila el cambio en la dirigencia.<\/p>\n<p>Todo indica que Luisa Mar\u00eda Alcalde se despide del partido para brincar a la Consejer\u00eda Jur\u00eddica de la Presidencia, dejando el camino planchado. Y en ese mismo movimiento, buscan subir al tablero a Ariadna Montiel, habilit\u00e1ndola como consejera para convertirla \u2014sin sobresaltos\u2014 en la pr\u00f3xima presidenta nacional.<\/p>\n<p>No es casualidad\u2026 es operaci\u00f3n.<\/p>\n<p>Morena no improvisa: ordena, acomoda y decide.<\/p>\n<p>El pr\u00f3ximo domingo, Morena no elegir\u00e1\u2026 confirmar\u00e1: ya tiene nueva presidenta.<\/p>\n<p>Para que se ubiquen: aqu\u00ed nom\u00e1s truenan los chicharrones de Claudia.<\/p>\n<p>POR OTRO LADO\u2026, En pol\u00edtica abundan las promesas\u2026 pero en Tamaulipas empieza a notarse algo distinto: que s\u00ed se cumplen.<\/p>\n<p>El gobernador Am\u00e9rico Villarreal Anaya lo dej\u00f3 claro sin rodeos: \u201clo que prometemos, lo cumplimos\u201d. Y no es discurso al aire\u2026 hay obra que lo respalda.<\/p>\n<p>Ah\u00ed est\u00e1 el Puerto del Norte en Matamoros, que tras m\u00e1s de dos d\u00e9cadas dej\u00f3 de ser promesa para convertirse en motor real de comercio e inversi\u00f3n.<\/p>\n<p>La nueva sede de la Agencia Nacional de Aduanas en Nuevo Laredo, con miles de millones invertidos, coloca a Tamaulipas como pieza clave del comercio internacional.<\/p>\n<p>Y el arranque del sistema de transporte Conecta marca el primer paso hacia un servicio m\u00e1s digno, moderno y menos contaminante.<\/p>\n<p>No es menor: infraestructura, log\u00edstica y movilidad\u2026 tres ejes que no lucen en el discurso f\u00e1cil, pero que sostienen el desarrollo de fondo.<\/p>\n<p>Am\u00e9rico no est\u00e1 apostando al aplauso inmediato\u2026 est\u00e1 construyendo condiciones para que el crecimiento se note en la calle.<\/p>\n<p>Y en estos tiempos, donde muchos prometen y pocos regresan a cumplir\u2026 eso, pol\u00edticamente, vale oro.<\/p>\n<p>EN OTRO TEMA\u2026, La Universidad Aut\u00f3noma de Tamaulipas tiene todo preparado para que este 29 de abril, en punto de las 12:00 horas, el rector D\u00e1maso Anaya Alvarado rinda su Segundo Informe de Labores.<\/p>\n<p>En sesi\u00f3n solemne ante la Asamblea Universitaria, presentar\u00e1 avances clave en calidad acad\u00e9mica, crecimiento de la matr\u00edcula, ampliaci\u00f3n de la oferta educativa y modernizaci\u00f3n de infraestructura.<\/p>\n<p>Tambi\u00e9n destacar\u00e1 el fortalecimiento de la vinculaci\u00f3n institucional, los apoyos a estudiantes y el impulso al deporte y la cultura, como parte de un modelo educativo con visi\u00f3n humanista.<\/p>\n<p>La comunidad universitaria y la sociedad podr\u00e1n seguir el informe en vivo a trav\u00e9s de los canales oficiales de la UAT, en un ejercicio de rendici\u00f3n de cuentas que marcar\u00e1 el rumbo de la m\u00e1xima casa de estudios de Tamaulipas.<\/p>\n<p>Y PARA CERRAR\u2026, En Matamoros hay un cambio que empieza a notarse donde realmente importa: en la calle, no en el discurso.<\/p>\n<p>El alcalde Alberto Granados est\u00e1 apostando por lo que pocos quieren hacer: resolver lo inc\u00f3modo. M\u00e1s de 270 ca\u00eddos rehabilitados en apenas a\u00f1o y medio lo dicen todo\u2026 obras que no lucen, pero que s\u00ed le cambian la vida a la gente.<\/p>\n<p>A la par, vienen medidas que alivian el bolsillo: descuentos del 50% en recargos para licencias, predial y mercados, incluso con facilidades para quienes arrastran adeudos de a\u00f1os. Aqu\u00ed no hay castigo\u2026 hay oportunidad de ponerse al d\u00eda.<\/p>\n<p>Y mientras se ordena la casa, tambi\u00e9n se le mete vida a la ciudad: la Feria Bicentenario accesible, el DIF activo atendiendo a los m\u00e1s vulnerables, inversi\u00f3n en deporte y programas de salud gratuitos que marcan un antes y un despu\u00e9s.<\/p>\n<p>No es casualidad. Es un gobierno que decidi\u00f3 dejar el escritorio\u2026 para meterse al territorio.<\/p>\n<p>Y en pol\u00edtica municipal, eso hace toda la diferencia.<\/p>\n","protected":false},"excerpt":{"rendered":"<p>A MI MANERA Por Tello Montes -Para que se ubiquen: aqu\u00ed nom\u00e1s truenan los chicharrones de Claudia. -Am\u00e9rico cumple\u2026 y eso pesa. En Morena no est\u00e1n perdiendo tiempo\u2026 lo est\u00e1n comprimiendo. El CEN decidi\u00f3 irse por la v\u00eda r\u00e1pida y convoc\u00f3 al Congreso Nacional el pr\u00f3ximo 3 de mayo, donde no solo se renovar\u00e1 el [&hellip;]<\/p>\n","protected":false},"author":1,"featured_media":213390,"comment_status":"closed","ping_status":"closed","sticky":false,"template":"","format":"standard","meta":{"footnotes":""},"categories":[16],"tags":[],"class_list":["post-222046","post","type-post","status-publish","format-standard","has-post-thumbnail","hentry","category-opinion"],"_links":{"self":[{"href":"https:\/\/www.elsinodaldetamaulipas.com.mx\/index.php?rest_route=\/wp\/v2\/posts\/222046","targetHints":{"allow":["GET"]}}],"collection":[{"href":"https:\/\/www.elsinodaldetamaulipas.com.mx\/index.php?rest_route=\/wp\/v2\/posts"}],"about":[{"href":"https:\/\/www.elsinodaldetamaulipas.com.mx\/index.php?rest_route=\/wp\/v2\/types\/post"}],"author":[{"embeddable":true,"href":"https:\/\/www.elsinodaldetamaulipas.com.mx\/index.php?rest_route=\/wp\/v2\/users\/1"}],"replies":[{"embeddable":true,"href":"https:\/\/www.elsinodaldetamaulipas.com.mx\/index.php?rest_route=%2Fwp%2Fv2%2Fcomments&post=222046"}],"version-history":[{"count":1,"href":"https:\/\/www.elsinodaldetamaulipas.com.mx\/index.php?rest_route=\/wp\/v2\/posts\/222046\/revisions"}],"predecessor-version":[{"id":222047,"href":"https:\/\/www.elsinodaldetamaulipas.com.mx\/index.php?rest_route=\/wp\/v2\/posts\/222046\/revisions\/222047"}],"wp:featuredmedia":[{"embeddable":true,"href":"https:\/\/www.elsinodaldetamaulipas.com.mx\/index.php?rest_route=\/wp\/v2\/media\/213390"}],"wp:attachment":[{"href":"https:\/\/www.elsinodaldetamaulipas.com.mx\/index.php?rest_route=%2Fwp%2Fv2%2Fmedia&parent=222046"}],"wp:term":[{"taxonomy":"category","embeddable":true,"href":"https:\/\/www.elsinodaldetamaulipas.com.mx\/index.php?rest_route=%2Fwp%2Fv2%2Fcategories&post=222046"},{"taxonomy":"post_tag","embeddable":true,"href":"https:\/\/www.elsinodaldetamaulipas.com.mx\/index.php?rest_route=%2Fwp%2Fv2%2Ftags&post=222046"}],"curies":[{"name":"wp","href":"https:\/\/api.w.org\/{rel}","templated":true}]}}