{"id":222053,"date":"2026-04-27T23:22:39","date_gmt":"2026-04-28T03:22:39","guid":{"rendered":"https:\/\/www.elsinodaldetamaulipas.com.mx\/?p=222053"},"modified":"2026-04-27T23:22:39","modified_gmt":"2026-04-28T03:22:39","slug":"damaso-anaya-dara-cuenta-los-avances-de-la-uat","status":"publish","type":"post","link":"https:\/\/www.elsinodaldetamaulipas.com.mx\/?p=222053","title":{"rendered":"D\u00c1MASO ANAYA, DAR\u00c1 CUENTA LOS AVANCES DE LA UAT"},"content":{"rendered":"<p>&nbsp;<\/p>\n<ul class=\"wp-block-list\">\n<li>Reynosa nominada a catedral del deporte<\/li>\n<li>A la ciudad capital, le llueven inversiones<\/li>\n<\/ul>\n<p>Ser\u00e1 este pr\u00f3ximo mi\u00e9rcoles 29 de abril cuando la Asamblea y la Comunidad Universitaria se re\u00fanan escuchar de parte del Rector DAMASO ANAYA ALVARADO el II informe de labores en una ceremonia, donde dar\u00e1 cuenta a la sociedad en general, de los avances alcanzados durante su administraci\u00f3n.<\/p>\n<p>El comportamiento social que ha tenido la UAT en la administraci\u00f3n del Rector ANAYA, se ha notado por la dimensi\u00f3n que tiene en su matr\u00edcula, llega a todos los rincones del estado, a los habitantes m\u00e1s alejados para que reciban el conocimiento que anteriormente fue presencial.<\/p>\n<p>Ahora con las nuevas tecnolog\u00edas de la informaci\u00f3n y comunicaci\u00f3n el nombre de la Universidad Aut\u00f3noma de Tamaulipas se percibe en las seis regiones geogr\u00e1ficas.<\/p>\n<p>Aunado a la diversificaci\u00f3n de la oferta educativa y la Certificaci\u00f3n de los Programas al 100%, provoca un circulo virtuoso que propicia el ganar-ganar a la sociedad que quiere estudiar, prepararse para el presente y estar en condiciones de poder transcender en la vida. {<\/p>\n<p>Lo que m\u00e1s le importa a la sociedad, la UAT le est\u00e1 cumpliendo al destacar su \u00e1rea de influencia educativa en el desarrollo econ\u00f3mico y social, ya que los estudiantes egresados de la UAT han encontrado tierra f\u00e9rtil, trabajo al finalizar los estudios universitarios.<\/p>\n<p>Complementa el conocimiento con la ampliaci\u00f3n a las disciplinas deportivas y la actividad cultural.<\/p>\n<p>El mi\u00e9rcoles 29 ser\u00e1 un d\u00eda de lujo para la ciudad capital, vendr\u00e1n visitantes ejecutivos, empresarios, pol\u00edticos, universitarios de los campus municipales, alcaldes que asistir\u00e1n en la misma manera que la UAT y si Rector asiste a los municipios.<\/p>\n<p>A prop\u00f3sito de alcaldes, el del municipio de Victoria, EDUARDO GATTAS BAEZ, le cumpli\u00f3 al sector de las colonias Bertha del Avellano, Guti\u00e9rrez de Lara y Unidad Modelo al inaugurar un amplio circuito de alumbrado p\u00fablico en el boulevard Guadalupe Victoria.<\/p>\n<p>Esta fue una parte del programa del programa de modernizaci\u00f3n de alumbrado a trav\u00e9s del que se instalan 5 mil l\u00e1mparas tipo LED en toda la Capital.<\/p>\n<p>Respecto al Puerto Interior en Ciudad Victoria, este proyecto en un \u00e1rea de 1,332 hect\u00e1reas de propiedad estatal permitir\u00e1 integrar al centro del estado a una nueva din\u00e1mica de crecimiento y desarrollo y posicionar a la capital como punto estrat\u00e9gico para la industria, abriendo la puerta a la instalaci\u00f3n de empresas y detonar el crecimiento regional.<\/p>\n<p>Para finalizar, expuso que ya se dio el primer paso para la modernizaci\u00f3n del transporte p\u00fablico con la presentaci\u00f3n de las seis unidades de la ruta Conecta, las cuales son m\u00e1s eficientes, con mejor rendimiento, generan menos contaminaci\u00f3n y ofrecen un transporte m\u00e1s digno a las y los tamaulipecos.<\/p>\n<p>Agreg\u00f3 que esta ruta se ampliar\u00e1 a Reynosa y a la zona conurbada del sur, como parte del desarrollo de todo un proyecto para eficientizar la movilidad en Tampico, Madero y Altamira, \u00abestoy seguro de que lo podemos consolidar en esta administraci\u00f3n\u00bb, afirm\u00f3.<\/p>\n<p>Estas dos \u00faltimas declaraciones de voz del gobernador AMERICO VILLARREAL GUERRA del programa dominical transmitido por Radio Tamaulipas.<\/p>\n<p>Se ve bien el futuro de dos a\u00f1os para la zona centro de Tamaulipas que detonara en mejores empleos t\u00e9cnicos en materia de aduanas, en servicios, gastronom\u00eda y hospedaje en esa zona.<\/p>\n<p>En Reynosa apunta para que el Alcalde Carlos Pe\u00f1a Ortiz, sea nominado como el gran impulsor del deporte ganador. En este momento brinda su respaldo a la Liga Municipal de Taekwondo, facilitando espacios adecuados para su preparaci\u00f3n rumbo a pr\u00f3ximas competencias.<\/p>\n<p>El Gobierno Municipal destac\u00f3 la importancia de apoyar a las y los atletas locales en su proceso de formaci\u00f3n, promoviendo valores como la disciplina, el respeto y la constancia, fundamentales en esta disciplina.<\/p>\n<p>Sucedi\u00f3 en Nuevo Laredo donde las obras de arte, representativas de este municipio se restauran a la vista de toda la sociedad, el edificio administrativo de la Antigua Aduana, una de las obras m\u00e1s representativas del patrimonio hist\u00f3rico de la ciudad, un edificio emblem\u00e1tico construido en 1884, que refleja la importancia de Nuevo Laredo en la regi\u00f3n de esa \u00e9poca y sobrevive 142 a\u00f1os despu\u00e9s en donde se hace la restauraci\u00f3n conservando su estilo baja supervisi\u00f3n del Instituto Nacional de Antropolog\u00eda e Historia (INAH).<\/p>\n<p>La Antigua Aduana forma parte de una zona patrimonial estrat\u00e9gica que incluye espacios como la antigua y nueva estaci\u00f3n del ferrocarril, la Secundaria Uno, el complejo cultural aduanal y otros edificios hist\u00f3ricos, lo que permitir\u00e1 fortalecer este sector como un punto de valor cultural y tur\u00edstico para la ciudad.<\/p>\n<p>AGENDA FRONTERIZA es una colaboraci\u00f3n de temas relacionados con el desarrollo econ\u00f3mico \u2013 pol\u00edtico del estado de Tamaulipas y sus municipios. Se distribuye a trav\u00e9s de la Agencia Informaci\u00f3n y An\u00e1lisis Estad\u00edstico.<\/p>\n<p>MI CORREO: humbertografico@yahoo.com.mx<\/p>\n","protected":false},"excerpt":{"rendered":"<p>&nbsp; Reynosa nominada a catedral del deporte A la ciudad capital, le llueven inversiones Ser\u00e1 este pr\u00f3ximo mi\u00e9rcoles 29 de abril cuando la Asamblea y la Comunidad Universitaria se re\u00fanan escuchar de parte del Rector DAMASO ANAYA ALVARADO el II informe de labores en una ceremonia, donde dar\u00e1 cuenta a la sociedad en general, de [&hellip;]<\/p>\n","protected":false},"author":1,"featured_media":216112,"comment_status":"closed","ping_status":"closed","sticky":false,"template":"","format":"standard","meta":{"footnotes":""},"categories":[16],"tags":[],"class_list":["post-222053","post","type-post","status-publish","format-standard","has-post-thumbnail","hentry","category-opinion"],"_links":{"self":[{"href":"https:\/\/www.elsinodaldetamaulipas.com.mx\/index.php?rest_route=\/wp\/v2\/posts\/222053","targetHints":{"allow":["GET"]}}],"collection":[{"href":"https:\/\/www.elsinodaldetamaulipas.com.mx\/index.php?rest_route=\/wp\/v2\/posts"}],"about":[{"href":"https:\/\/www.elsinodaldetamaulipas.com.mx\/index.php?rest_route=\/wp\/v2\/types\/post"}],"author":[{"embeddable":true,"href":"https:\/\/www.elsinodaldetamaulipas.com.mx\/index.php?rest_route=\/wp\/v2\/users\/1"}],"replies":[{"embeddable":true,"href":"https:\/\/www.elsinodaldetamaulipas.com.mx\/index.php?rest_route=%2Fwp%2Fv2%2Fcomments&post=222053"}],"version-history":[{"count":1,"href":"https:\/\/www.elsinodaldetamaulipas.com.mx\/index.php?rest_route=\/wp\/v2\/posts\/222053\/revisions"}],"predecessor-version":[{"id":222055,"href":"https:\/\/www.elsinodaldetamaulipas.com.mx\/index.php?rest_route=\/wp\/v2\/posts\/222053\/revisions\/222055"}],"wp:featuredmedia":[{"embeddable":true,"href":"https:\/\/www.elsinodaldetamaulipas.com.mx\/index.php?rest_route=\/wp\/v2\/media\/216112"}],"wp:attachment":[{"href":"https:\/\/www.elsinodaldetamaulipas.com.mx\/index.php?rest_route=%2Fwp%2Fv2%2Fmedia&parent=222053"}],"wp:term":[{"taxonomy":"category","embeddable":true,"href":"https:\/\/www.elsinodaldetamaulipas.com.mx\/index.php?rest_route=%2Fwp%2Fv2%2Fcategories&post=222053"},{"taxonomy":"post_tag","embeddable":true,"href":"https:\/\/www.elsinodaldetamaulipas.com.mx\/index.php?rest_route=%2Fwp%2Fv2%2Ftags&post=222053"}],"curies":[{"name":"wp","href":"https:\/\/api.w.org\/{rel}","templated":true}]}}