{"id":222054,"date":"2026-04-27T23:24:34","date_gmt":"2026-04-28T03:24:34","guid":{"rendered":"https:\/\/www.elsinodaldetamaulipas.com.mx\/?p=222054"},"modified":"2026-04-27T23:24:34","modified_gmt":"2026-04-28T03:24:34","slug":"set-mas-y-mejor-educacion","status":"publish","type":"post","link":"https:\/\/www.elsinodaldetamaulipas.com.mx\/?p=222054","title":{"rendered":"SET; M\u00c1S Y MEJOR EDUCACI\u00d3N"},"content":{"rendered":"<p>TIEMPO Y ESPACIO<\/p>\n<p>Por Jaime Luis Soto.<br \/>\nEste martes 28 de abril, el doctor MIGUEL \u00c1NGEL VALDEZ GARC\u00cdA<br \/>\nhabr\u00e1 de comparecer en el Congreso del Estado para informar de lo<br \/>\nque se ha logrado en la Secretar\u00eda de Educaci\u00f3n de Tamaulipas<br \/>\n(SET).<br \/>\nY vaya que tiene mucho que informar MIGUEL \u00c1NGEL\u2026<br \/>\nComo todo mundo sabe, el gobernador AM\u00c9RICO VILLARREAL<br \/>\nANAYA ha dicho en m\u00faltiples ocasiones que la educaci\u00f3n es una de<br \/>\nlas prioridades de su gobierno y lo ha demostrado con hist\u00f3ricas<br \/>\ninversiones en infraestructura educativa.<br \/>\nEn el gobierno del doctor AM\u00c9RICO, infinidad de escuelas han sido<br \/>\nremodeladas para mejorar los espacios en donde miles de<br \/>\nestudiantes tamaulipecos asisten a clases.<br \/>\nY por supuesto, en esta tit\u00e1nica tarea, el gobierno de la presidenta<br \/>\nCLAUDIA SHEINBAUM est\u00e1 apoyando de manera muy generosa con<br \/>\nrecursos de la Federaci\u00f3n.<br \/>\nEl propio MIGUEL \u00c1NGEL VALDEZ acaba de decir que a trav\u00e9s del<br \/>\nprograma La Escuela es Nuestra se esperan aplicar recursos por<br \/>\nm\u00e1s de 900 millones de pesos, precisamente para la infraestructura<br \/>\neducativa del Estado.<br \/>\nY que representar\u00e1 un incremento impresionante tomando en<br \/>\ncuenta que el presupuesto de ese programa era de 300 millones de<br \/>\npesos.<br \/>\nOtro tema interesante que seguramente abordar\u00e1 el titular de la<br \/>\nSET es el de la Estrategia Tamaulipas Educa, una agenda de<\/p>\n<p>transformaci\u00f3n que establece 10 compromisos y 100 acciones para<br \/>\nlos pr\u00f3ximos mil d\u00edas.<br \/>\nY que est\u00e1n orientadas a fortalecer la calidad educativa y la<br \/>\nformaci\u00f3n humanista en las escuelas.<br \/>\nMire usted que esta estrategia impulsa acciones para fortalecer la<br \/>\nNueva Escuela Mexicana.<br \/>\nY busca asegurar que ni\u00f1as, ni\u00f1os y j\u00f3venes logren aprendizajes<br \/>\nfundamentales, promoviendo trayectorias educativas completas<br \/>\ndesde la educaci\u00f3n b\u00e1sica hasta la superior.<br \/>\nAs\u00ed, en la comparecencia del titular de la SET, las y los diputados<br \/>\nlocales escuchar\u00e1n los grandes avances que se han tenido en<br \/>\nmateria de educaci\u00f3n en el gobierno de AM\u00c9RICO VILLARREAL.<br \/>\nCuando se trabaja en equipo, se consigue muchos resultados<br \/>\npositivos y alentadores y eso, en Tamaulipas, est\u00e1 pasando en el<br \/>\nrubro de la educaci\u00f3n.<br \/>\nHoy, aqu\u00ed, hay m\u00e1s y mejor educaci\u00f3n\u2026<br \/>\nCambiando de tema, ya est\u00e1 confirmado que ser\u00e1 el domingo 3 de<br \/>\nmayo cuando se lleve a cabo el nombramiento de ARIADNA<br \/>\nMONTIEL como nueva presidenta nacional de Morena.<br \/>\nComo es del dominio p\u00fablico, MONTIEL, junto con la coordinadora<br \/>\nde elecciones, CITLALLI HERN\u00c1NDEZ, buscar\u00e1n sacar al partido<br \/>\nguinda de la tremenda crisis que vive.<br \/>\nAsimismo, ARIADNA y CITLALLI tratar\u00e1n de reconstruir la alianza<br \/>\ncon el Verde y el PT y que hoy est\u00e1 hecha pedazos gracias a que<br \/>\nestos dos \u00faltimos partidos les est\u00e1 ganando la ambici\u00f3n por<br \/>\nconseguir m\u00e1s espacios y m\u00e1s poder.<\/p>\n<p>Un gran ejemplo es que presuntamente el Verde quiere \u00a1siete! de<br \/>\nlas 17 gubernaturas que habr\u00e1n de disputarse el pr\u00f3ximo a\u00f1o.<br \/>\nPor supuesto que muchos consideran exagerado y fuera de toda<br \/>\nproporci\u00f3n lo que supuestamente est\u00e1 exigiendo el partido del<br \/>\nTuc\u00e1n.<br \/>\nMorena, por lo pronto, solo aceptar\u00eda cederle la candidatura de una<br \/>\nde las 17 gubernaturas: La de San Luis Potos\u00ed. Pero siete es algo<br \/>\nexagerado, se insiste.<br \/>\nTodo parece indicar que, si no hay acuerdos entre estos tres<br \/>\npartidos, entonces s\u00ed, hasta en SLP va a tronar cualquier alianza.<br \/>\nY que cada partido se rasque con sus propias u\u00f1as\u2026<br \/>\nMejor comentemos que este mi\u00e9rcoles 29 de abril el rector de la<br \/>\nUAT, D\u00c1MASO ANAYA ALVARADO presentar\u00e1 su segundo informe<br \/>\nen donde los avances acad\u00e9micos e impulso a las becas a<br \/>\nestudiantes, ser\u00e1n los principales temas.<br \/>\nAl respecto, D\u00c1MASO ANAYA resalt\u00f3 que uno de los pilares de su<br \/>\ngesti\u00f3n ha sido el robusto programa de becas, logrando que el 50 %<br \/>\nde la matr\u00edcula total \u2014que abarca a m\u00e1s de 42 000 estudiantes,<br \/>\ndesde preparatorias hasta posgrados\u2014 cuente con este beneficio,<br \/>\nlo que significa que uno de cada dos alumnos recibe respaldo<br \/>\ninstitucional.<br \/>\nEn entrevista con medios de comunicaci\u00f3n, afirm\u00f3 que su<br \/>\nadministraci\u00f3n est\u00e1 implementando una transformaci\u00f3n<br \/>\nsignificativa en la infraestructura de la Universidad.<br \/>\nEnfocada, dijo, en la modernizaci\u00f3n de aulas, laboratorios, la<br \/>\nconstrucci\u00f3n de techumbres y la mejora de espacios comunes para<br \/>\nelevar la calidad de la ense\u00f1anza.<\/p>\n<p>Otros temas que se detallar\u00e1n son los relacionados con los avances<br \/>\nen materia de certificaciones y acreditaciones de los programas<br \/>\neducativos.<br \/>\nAs\u00ed como el fuerte impulso dado al deporte y la vinculaci\u00f3n con la<br \/>\nsociedad, buscando siempre la excelencia universitaria.<br \/>\nMientras que, en familia y gran ambiente de alegr\u00eda y diversi\u00f3n, el<br \/>\nalcalde de Victoria EDUARDO GATT\u00c1S B\u00c1EZ y la presidenta del DIF,<br \/>\nLUCY DE GATT\u00c1S festejaron este domingo a la ni\u00f1ez victorense<br \/>\ncomo parte de las actividades del pr\u00f3ximo D\u00eda del Ni\u00f1o.<br \/>\nEn su mensaje, destac\u00f3 que las ni\u00f1as y ni\u00f1os representan el activo y<br \/>\nfuturo de la sociedad, por lo que reiter\u00f3 el compromiso de su<br \/>\ngobierno \u00abpara seguir impulsando acciones que fortalezcan<br \/>\nentornos m\u00e1s sanos para su desarrollo en la etapa infantil\u00bb.<br \/>\nEn compa\u00f1\u00eda de sus hijos GALILEA, JACOBO y ABRAHAM,<br \/>\ndisfrutaron junto a decenas de familias del espect\u00e1culo infantil y<br \/>\nart\u00edstico sobre el escenario del paseo dominical 17 Te Quiero M\u00e1s,<br \/>\nque brindaron los grupos Hakuna Matata y Magic Star.<br \/>\nLa sonrisa y alegr\u00eda de ni\u00f1as y ni\u00f1os se aviv\u00f3 con el obsequio de<br \/>\njuguetes, rifa sorpresa de bicicletas y reparto de refrigerio entre las<br \/>\nfamilias que asistieron al evento organizado con apoyo de la<br \/>\nSecretar\u00eda de Bienestar Social del Municipio.<br \/>\nEs todo por hoy. Muchas gracias por leer.<br \/>\nCorreo electr\u00f3nico: jaimeluissoto@hotmail.com<\/p>\n","protected":false},"excerpt":{"rendered":"<p>TIEMPO Y ESPACIO Por Jaime Luis Soto. Este martes 28 de abril, el doctor MIGUEL \u00c1NGEL VALDEZ GARC\u00cdA habr\u00e1 de comparecer en el Congreso del Estado para informar de lo que se ha logrado en la Secretar\u00eda de Educaci\u00f3n de Tamaulipas (SET). Y vaya que tiene mucho que informar MIGUEL \u00c1NGEL\u2026 Como todo mundo sabe, [&hellip;]<\/p>\n","protected":false},"author":1,"featured_media":214847,"comment_status":"closed","ping_status":"closed","sticky":false,"template":"","format":"standard","meta":{"footnotes":""},"categories":[16],"tags":[],"class_list":["post-222054","post","type-post","status-publish","format-standard","has-post-thumbnail","hentry","category-opinion"],"_links":{"self":[{"href":"https:\/\/www.elsinodaldetamaulipas.com.mx\/index.php?rest_route=\/wp\/v2\/posts\/222054","targetHints":{"allow":["GET"]}}],"collection":[{"href":"https:\/\/www.elsinodaldetamaulipas.com.mx\/index.php?rest_route=\/wp\/v2\/posts"}],"about":[{"href":"https:\/\/www.elsinodaldetamaulipas.com.mx\/index.php?rest_route=\/wp\/v2\/types\/post"}],"author":[{"embeddable":true,"href":"https:\/\/www.elsinodaldetamaulipas.com.mx\/index.php?rest_route=\/wp\/v2\/users\/1"}],"replies":[{"embeddable":true,"href":"https:\/\/www.elsinodaldetamaulipas.com.mx\/index.php?rest_route=%2Fwp%2Fv2%2Fcomments&post=222054"}],"version-history":[{"count":1,"href":"https:\/\/www.elsinodaldetamaulipas.com.mx\/index.php?rest_route=\/wp\/v2\/posts\/222054\/revisions"}],"predecessor-version":[{"id":222056,"href":"https:\/\/www.elsinodaldetamaulipas.com.mx\/index.php?rest_route=\/wp\/v2\/posts\/222054\/revisions\/222056"}],"wp:featuredmedia":[{"embeddable":true,"href":"https:\/\/www.elsinodaldetamaulipas.com.mx\/index.php?rest_route=\/wp\/v2\/media\/214847"}],"wp:attachment":[{"href":"https:\/\/www.elsinodaldetamaulipas.com.mx\/index.php?rest_route=%2Fwp%2Fv2%2Fmedia&parent=222054"}],"wp:term":[{"taxonomy":"category","embeddable":true,"href":"https:\/\/www.elsinodaldetamaulipas.com.mx\/index.php?rest_route=%2Fwp%2Fv2%2Fcategories&post=222054"},{"taxonomy":"post_tag","embeddable":true,"href":"https:\/\/www.elsinodaldetamaulipas.com.mx\/index.php?rest_route=%2Fwp%2Fv2%2Ftags&post=222054"}],"curies":[{"name":"wp","href":"https:\/\/api.w.org\/{rel}","templated":true}]}}