{"id":222057,"date":"2026-04-27T23:26:36","date_gmt":"2026-04-28T03:26:36","guid":{"rendered":"https:\/\/www.elsinodaldetamaulipas.com.mx\/?p=222057"},"modified":"2026-04-27T23:26:36","modified_gmt":"2026-04-28T03:26:36","slug":"a-patadas-voladoras","status":"publish","type":"post","link":"https:\/\/www.elsinodaldetamaulipas.com.mx\/?p=222057","title":{"rendered":"A PATADAS VOLADORAS"},"content":{"rendered":"<p>Finas, como suelen ser algunas damas cuando andan en mont\u00f3n, vieron pasar al pol\u00edtico frente a ellas y no dudaron en piropearlo, as\u00ed como cuando cualquier hombre reci\u00e9n salido de la cantina anda de conquista, \u201cGe\u00f1o, Ge\u00f1o, queremos le\u00f1o\u201d.<\/p>\n<p>El susodicho ni se inmut\u00f3, era demasiado joven y con tantas ambiciones pol\u00edticas que le parec\u00edan graciosos y nimiedades los jocosos versos compuestos por las lideresas de colonias, casi corre a abrazarlas, a decirles con una carcajada de oreja a oreja, \u201cEst\u00e9nse quietas, muchachas, aqu\u00ed anda mi esposa\u201d.<\/p>\n<p>El aludido era el exgobernador Eugenio Hern\u00e1ndez Flores, en ese entonces candidato a uno de los cargos de elecci\u00f3n popular a los que tuvo acceso en su mete\u00f3rica carrera pol\u00edtica, el escenario, unas canchas ubicadas por el sector de lo que en la capital conocemos como la Unidad Modelo, el evento, un acto de campa\u00f1a con lucha libre incluida.<\/p>\n<p>La fortuna le sonre\u00eda a Ge\u00f1o y \u00e9l le abonaba a su suerte, hac\u00eda lo que la gente quisiera, igual era de f\u00e1cil sonrisa y no ten\u00eda ning\u00fan pudor si de quedar bien se trataba, tanto, que de ese muy lejano d\u00eda la imagen m\u00e1s clara en la memoria es verlo lanzarse, en posici\u00f3n de patadas voladoras, contra un luchador, as\u00ed conquistaba Victoria, as\u00ed aspiraba a la gubernatura del Estado que m\u00e1s tarde tuvo en sus manos.<\/p>\n<p>La breve introducci\u00f3n nace de un evento, bastante concurrido y emotivo, por cierto, realizado por el DIF Tamaulipas para festejar a la ni\u00f1ez, porque, ya en fr\u00edo, es decir, una vez que se narr\u00f3 todo lo ocurrido en el mismo, ahora roban espacios en las redes sociales los secretarios del Medio Ambiente, Karl Becker Hern\u00e1ndez (curiosamente sobrino de Ge\u00f1o, curiosamente aspirante a la alcald\u00eda), y el Secretario del Trabajo, Gerardo Illoldi. Ambos aparecen en un video compitiendo en una de las pistas de Difzania, as\u00ed se llam\u00f3 el evento, y en esa carrera hubo de todo, velocidad, maromas en un inflable, obst\u00e1culos al salir del mismo y el morbo de saber cu\u00e1l de los dos ganaba porque muchos cre\u00edan era la carrera por la candidatura a la presidencia municipal de la capital de Tamaulipas.<\/p>\n<p>La verdad es que no se sabe qui\u00e9n gan\u00f3, el resultado fue apretado, un final de fotograf\u00eda.<\/p>\n<p>Pero es aqu\u00ed donde vienen las preguntas: como en los viejos tiempos, \u00bfpodr\u00e1 conquistarse la capital del Estado a patadas voladoras?, \u00bftendr\u00e1n los personajes suficiente carisma como para no ser, a corto plazo, el hazmerre\u00edr de la poblaci\u00f3n?, \u00bfser\u00e1 sano para la pol\u00edtica que el pueblo se entretenga de esa forma con sus pr\u00f3ceres?, en lo particular tengo una certeza: Morena est\u00e1 urgida de liderazgos que se deben construir de cualquier forma, en lo que tengo dudas es si Victoria necesita un pol\u00edtico dispuesto a caer bien de cualquier forma, m\u00e1s que eso, si despu\u00e9s de ello se va a aplicar para gobernar bien.<\/p>\n<p>Igual debo confesarle que la carrera me gust\u00f3, porque hubo competencia y se cumpli\u00f3 con el objetivo central de la propuesta de Difzania, entretener a los ni\u00f1os, darles alegr\u00edas a las familias, porque adem\u00e1s los Secretarios se sumaron con todo a ese prop\u00f3sito y eso no tiene precio, se agradece.<\/p>\n<p>Tambi\u00e9n debo externar una cosa m\u00e1s, Gerardo Illoldi y Karl Becker son incluidos en una lista en la que quiz\u00e1 ellos ni siquiera est\u00e1n interesados, peor a\u00fan, en la que quiz\u00e1 no tengan cabida los del g\u00e9nero masculino ya que en Victoria puede, por primera vez, ser una mujer la candidata fuerte y la que ocupe la silla principal del edificio del 17 a fuerza de votos y respaldo popular.<\/p>\n<p>Por lo dem\u00e1s, como en los viejos tiempos, creo que Victoria merece un pol\u00edtico que la quiera conquistar con todo lo que est\u00e9 a su alcance, a piruetas o patadas voladoras, de ser necesario, en competencias donde las maromas parezcan cosa de ni\u00f1os, como sea. Eso s\u00ed, siempre y cuando la o el afortunado traigan mucho m\u00e1s que eso, que en su mente ya exista un proyecto serio para la capital, trabajo suficiente en las bases, inteligencia para gobernar, honestidad, decencia, vaya, pues, que sea capaz de hacer compromisos de largo alcance.<\/p>\n<p>Carisma, s\u00ed; hacer lo necesario para estar, incluso echar maromas o tirar patadas voladoras, tambi\u00e9n; pero que solo sean el plus, no lo m\u00e1s fuerte que pudiera tener un candidato, digo, para espect\u00e1culos, pues salen m\u00e1s baratos en otra parte\u2026<\/p>\n<p>EDUCACI\u00d3N HUMANISTA BUSCA UNA SOCIEDAD M\u00c1S JUSTA: AM\u00c9RICO. ENTREGA GOBERNADOR OBRAS POR 4 MDP ADEM\u00c1S DE MOBILIARIO ESCOLAR\u2026 Construir entre todos una sociedad cada vez m\u00e1s justa para que todos podamos progresar es el objetivo del modelo de educaci\u00f3n que hoy tienen los gobiernos humanistas de la transformaci\u00f3n, afirm\u00f3 el gobernador Am\u00e9rico Villarreal Anaya.<\/p>\n<p>Durante la Ceremonia C\u00edvica de Honores, en la escuela primaria Rep\u00fablica de M\u00e9xico, el gobernador entreg\u00f3 obras por m\u00e1s de 4 mdp y dio el banderazo de salida a camiones con 700 pupitres y 1,400 latas de pintura que se entregar\u00e1n en los planteles escolares de los 43 municipios.<\/p>\n<p>\u00abQue disfruten ustedes de esta ni\u00f1ez, que es lo m\u00e1s importante que tenemos los adultos, y verlos crecer sanos, y verlos crecer fuertes, y verlos crecer con mucho conocimiento para que en un futuro sean y contribuyan ustedes tambi\u00e9n al desarrollo de este gran estado\u00bb, expres\u00f3.<\/p>\n<p>El mandatario estatal destac\u00f3 tambi\u00e9n los programas de apoyo de \u00fatiles escolares, las becas, la entrega de libros de texto gratuitos, los cuidados a la salud de las ni\u00f1as y ni\u00f1os y la capacitaci\u00f3n permanente de las y los maestros.<\/p>\n<p>Al t\u00e9rmino de la ceremonia c\u00edvica, presidi\u00f3 adem\u00e1s la demostraci\u00f3n de la rutina del equipo de salto de cuerda \u201cLos Chapulines\u201d, ganadores de la etapa municipal, quienes asistir\u00e1n a la etapa regional a finales de mayo en Tula.<\/p>\n<p>En el evento, el secretario de Educaci\u00f3n, Miguel \u00c1ngel Valdez Garc\u00eda, expres\u00f3 que, adem\u00e1s de las obras de infraestructura que hoy se entregan, el gobernador tambi\u00e9n enviar\u00e1 este d\u00eda el nuevo escudo de Tamaulipas a todas las escuelas.<\/p>\n<p>\u00abTermino diciendo la frase que acu\u00f1\u00f3 hace un mes y medio la presidenta de M\u00e9xico, la doctora Claudia Sheinbaum Pardo, y eso el gobernador hoy lo est\u00e1 haciendo realidad\u00bb, dijo en un evento p\u00fablico: \u201cLa educaci\u00f3n es el coraz\u00f3n de la transformaci\u00f3n\u00bb, indic\u00f3.<\/p>\n<p>Al dar la bienvenida, el director de la escuela Rep\u00fablica de M\u00e9xico, Emmanuel de la Garza Garc\u00eda, agradeci\u00f3 todo el apoyo del gobernador y su respuesta a las peticiones planteadas, haciendo realidad el contar ahora con material deportivo, una cancha digna, la musicalizaci\u00f3n del himno de la escuela, pintura para el plantel y mobiliario escolar, adem\u00e1s de una unidad de ba\u00f1os para ni\u00f1as y ni\u00f1os y la terminaci\u00f3n y equipamiento de un aula escolar.<\/p>\n<p>\u00abHoy, con gratitud y mucha satisfacci\u00f3n, podemos decir que esos compromisos han sido cumplidos\u00bb, mencion\u00f3.<\/p>\n<p>Acompa\u00f1aron al gobernador: Arnulfo Rodr\u00edguez Trevi\u00f1o, secretario general de la Secci\u00f3n 30 del SNTE; Tania Gisela Contreras L\u00f3pez, magistrada presidenta del Supremo Tribunal de Justicia; el diputado Sergio Ojeda Castillo, presidente de la Mesa Directiva del Congreso del Estado, y el alumno Santiago Alonso Barr\u00f3n Reyna.<\/p>\n<p>AVANCES ACAD\u00c9MICOS E IMPULSO A LAS BECAS A ESTUDIANTES, SER\u00c1N LOS PRINCIPALES TEMAS DEL SEGUNDO INFORME DEL RECTOR\u2026 Con el prop\u00f3sito de dar a conocer los logros y avances de su administraci\u00f3n, el rector de la Universidad Aut\u00f3noma de Tamaulipas (UAT), D\u00e1maso Anaya Alvarado, presentar\u00e1 su segundo informe de actividades ante la Asamblea Universitaria y la sociedad en general, destacando las acciones realizadas en favor del fortalecimiento acad\u00e9mico y el bienestar estudiantil.<\/p>\n<p>Al respecto, el rector resalt\u00f3 que uno de los pilares de su gesti\u00f3n ha sido el robusto programa de becas, logrando que el 50 % de la matr\u00edcula total \u2014que abarca a m\u00e1s de 42 000 estudiantes, desde preparatorias hasta posgrados\u2014 cuente con este beneficio, lo que significa que uno de cada dos alumnos recibe respaldo institucional.<\/p>\n<p>En entrevista con medios de comunicaci\u00f3n, D\u00e1maso Anaya asever\u00f3 que su administraci\u00f3n est\u00e1 implementando una transformaci\u00f3n significativa en la infraestructura de la Universidad, enfocada en la modernizaci\u00f3n de aulas, laboratorios, la construcci\u00f3n de techumbres y la mejora de espacios comunes para elevar la calidad de la ense\u00f1anza.<\/p>\n<p>Otros temas que se detallar\u00e1n son los relacionados con los avances en materia de certificaciones y acreditaciones de los programas educativos; as\u00ed como el fuerte impulso dado al deporte y la vinculaci\u00f3n con la sociedad, buscando siempre la excelencia universitaria.<\/p>\n<p>Este segundo informe, que reafirma el compromiso de la UAT con la comunidad, se llevar\u00e1 a cabo el mi\u00e9rcoles, 29 de abril, a las 12:00 horas en el Centro de Excelencia del campus Victoria, y ser\u00e1 difundido en vivo por videoconferencia a las facultades, unidades acad\u00e9micas y dependencias de la Universidad, as\u00ed como por medio de los canales oficiales y redes sociales de la instituci\u00f3n.<\/p>\n<p>EN FAMILIA, FESTEJAN LALO Y LUCY A LA NI\u00d1EZ VICTORENSE\u2026 Cd. Victoria, 27 de abril de 2026.- En familia y gran ambiente de alegr\u00eda y diversi\u00f3n, el alcalde Victoria Eduardo Gatt\u00e1s B\u00e1ez y la presidenta del DIF Lucy de Gatt\u00e1s festejaron este domingo a la ni\u00f1ez victorense como parte de las actividades del pr\u00f3ximo D\u00eda del Ni\u00f1o.<\/p>\n<p>En su mensaje, destac\u00f3 que las ni\u00f1as y ni\u00f1os representan el activo y futuro de la sociedad, por lo que reiter\u00f3 el compromiso de su gobierno \u00abpara seguir impulsando acciones que fortalezcan entornos m\u00e1s sanos para su desarrollo en la etapa infantil\u00bb.<\/p>\n<p>En compa\u00f1\u00eda de sus hijos Galilea, Jacobo y Abraham, disfrutaron junto a decenas de familias del espect\u00e1culo infantil y art\u00edstico sobre el escenario del paseo dominical 17 Te Quiero M\u00e1s, que brindaron los grupos Hakuna Matata y Magic Star.<\/p>\n<p>La sonrisa y alegr\u00eda de ni\u00f1as y ni\u00f1os se avivo con el obsequio de juguetes, rifa sobrepasa de bicicletas y reparto de refrigerio entre las familias que asistieron al evento organizado con apoyo de la Secretar\u00eda de Bienestar Social del Municipio.<\/p>\n<p>Coloque en el buscador de facebok @CENADeNegros1 y le agradecer\u00e9 que me regale un Me Gusta, adem\u00e1s nos puede seguir en la cuenta de X @gatovaliente y, como siempre, le dejo el correo electr\u00f3nico a sus \u00f3rdenes para lo que guste y mande\u2026 marcovazquez20001@hotmail.com<\/p>\n","protected":false},"excerpt":{"rendered":"<p>Finas, como suelen ser algunas damas cuando andan en mont\u00f3n, vieron pasar al pol\u00edtico frente a ellas y no dudaron en piropearlo, as\u00ed como cuando cualquier hombre reci\u00e9n salido de la cantina anda de conquista, \u201cGe\u00f1o, Ge\u00f1o, queremos le\u00f1o\u201d. El susodicho ni se inmut\u00f3, era demasiado joven y con tantas ambiciones pol\u00edticas que le parec\u00edan [&hellip;]<\/p>\n","protected":false},"author":1,"featured_media":213547,"comment_status":"closed","ping_status":"closed","sticky":false,"template":"","format":"standard","meta":{"footnotes":""},"categories":[16],"tags":[],"class_list":["post-222057","post","type-post","status-publish","format-standard","has-post-thumbnail","hentry","category-opinion"],"_links":{"self":[{"href":"https:\/\/www.elsinodaldetamaulipas.com.mx\/index.php?rest_route=\/wp\/v2\/posts\/222057","targetHints":{"allow":["GET"]}}],"collection":[{"href":"https:\/\/www.elsinodaldetamaulipas.com.mx\/index.php?rest_route=\/wp\/v2\/posts"}],"about":[{"href":"https:\/\/www.elsinodaldetamaulipas.com.mx\/index.php?rest_route=\/wp\/v2\/types\/post"}],"author":[{"embeddable":true,"href":"https:\/\/www.elsinodaldetamaulipas.com.mx\/index.php?rest_route=\/wp\/v2\/users\/1"}],"replies":[{"embeddable":true,"href":"https:\/\/www.elsinodaldetamaulipas.com.mx\/index.php?rest_route=%2Fwp%2Fv2%2Fcomments&post=222057"}],"version-history":[{"count":1,"href":"https:\/\/www.elsinodaldetamaulipas.com.mx\/index.php?rest_route=\/wp\/v2\/posts\/222057\/revisions"}],"predecessor-version":[{"id":222058,"href":"https:\/\/www.elsinodaldetamaulipas.com.mx\/index.php?rest_route=\/wp\/v2\/posts\/222057\/revisions\/222058"}],"wp:featuredmedia":[{"embeddable":true,"href":"https:\/\/www.elsinodaldetamaulipas.com.mx\/index.php?rest_route=\/wp\/v2\/media\/213547"}],"wp:attachment":[{"href":"https:\/\/www.elsinodaldetamaulipas.com.mx\/index.php?rest_route=%2Fwp%2Fv2%2Fmedia&parent=222057"}],"wp:term":[{"taxonomy":"category","embeddable":true,"href":"https:\/\/www.elsinodaldetamaulipas.com.mx\/index.php?rest_route=%2Fwp%2Fv2%2Fcategories&post=222057"},{"taxonomy":"post_tag","embeddable":true,"href":"https:\/\/www.elsinodaldetamaulipas.com.mx\/index.php?rest_route=%2Fwp%2Fv2%2Ftags&post=222057"}],"curies":[{"name":"wp","href":"https:\/\/api.w.org\/{rel}","templated":true}]}}