{"id":222059,"date":"2026-04-27T23:28:05","date_gmt":"2026-04-28T03:28:05","guid":{"rendered":"https:\/\/www.elsinodaldetamaulipas.com.mx\/?p=222059"},"modified":"2026-04-27T23:28:05","modified_gmt":"2026-04-28T03:28:05","slug":"la-fiesta-del-nino-y-la-nina","status":"publish","type":"post","link":"https:\/\/www.elsinodaldetamaulipas.com.mx\/?p=222059","title":{"rendered":"LA FIESTA DEL NI\u00d1O Y LA NI\u00d1A"},"content":{"rendered":"<p>C R O N I C A S\u00a0\u00a0\u00a0 P O L I T I C A S<\/p>\n<p>&nbsp;<\/p>\n<p><strong>Por Alberto Guerra Salazar<\/strong><\/p>\n<p><strong>CIUDAD VICTORIA, (ASI).\u2014 El gobierno de Am\u00e9rico Villarreal Anaya instruy\u00f3 a funcionario de la Secretar\u00eda de Educci\u00f3n de Tamaulipas para establecer protocolos de actuaci\u00f3n para prevenir y atender situaciones relacionadas con retos virales especialmente en redes sociales, que impliquen acciones de riesgo para los alumnos.<\/strong><\/p>\n<p><strong>El Secretario estatal de Educaci\u00f3n Miguel Angel Valdez Garc\u00eda dio a conocer que la intenci\u00f3n es impedir que se repitan en el Estado situaciones de riesgo que han ocurrido en otras entidades, con resultados muy lamentables. \u00a0<\/strong><\/p>\n<p><strong>Agreg\u00f3 el funcionario que el protocolo contempla cuatro pasos fundamentales: notificar de inmediato a las autoridades educativas y de seguridad; identificar a la persona responsable de la amenaza; establecer comunicaci\u00f3n con la familia de la o el estudiante involucrado, aplicando las medidas correspondientes, y finalmente, sensibilizar a la comunidad escolar sobre los riesgos asociados a estos contenidos.<\/strong><\/p>\n<p><strong>Este tipo de tendencias, dijo, que son difundidas a nivel internacional, requieren atenci\u00f3n preventiva y seguimiento constante a fin de salvaguardar la integridad de los estudiantes.<\/strong><\/p>\n<p><strong>Por cierto, la Secretar\u00eda Anti-corrupci\u00f3n y Buen Gobierno celebr\u00f3 el D\u00eda de la Ni\u00f1a y el Ni\u00f1o en el Museo de Historia Natural de Tamaulipas, TAMUX, con actividades l\u00fadicas, loter\u00eda y marat\u00f3n de valores, as\u00ed como la proyecci\u00f3n de materiales audiovisuales promoviendo valores morales.<\/strong><\/p>\n<p><strong>La titular de la dependencia, Norma Ang\u00e9lica Pedraza Melo, destac\u00f3 que el programa federal \u201cSemilleros de la Honestidad\u201d, impulsa una educaci\u00f3n humanista, integral e inclusiva, promoviendo el aprendizaje de valores con herramientas did\u00e1cticas y personajes dise\u00f1ados para ese prop\u00f3sito.<\/strong><\/p>\n<p><strong>A prop\u00f3sito de ni\u00f1os escolares, el Gobernador Am\u00e9rico Villarreal Anaya entreg\u00f3 obras por m\u00e1s de cuatro millones de pesos y dio el banderazo de salida a camiones con 700 pupitres y 1,400 latas de pintura que se entregar\u00e1n en los planteles escolares de los 43 municipios.<\/strong><\/p>\n<p><strong>En la ceremonia respectiva, Am\u00e9rico dirigi\u00f3 un mensaje a los estudiantes: \u201cque disfruten ustedes de esta ni\u00f1ez, que es lo m\u00e1s importante que tenemos los adultos, y verlos crecer sanos, y verlos crecer fuertes, y verlos crecer con mucho conocimiento para que en un futuro sean y contribuyan ustedes tambi\u00e9n al desarrollo de este gran Estado\u201d, expres\u00f3.<\/strong><\/p>\n<p><strong>Destac\u00f3 tambi\u00e9n los programas de apoyo de \u00fatiles escolares, las becas, la entrega de libros de texto gratuitos, los cuidados a la salud de las ni\u00f1a y ni\u00f1os y la capacitaci\u00f3n permanente de los maestros, hombres y mujeres.<\/strong><\/p>\n<p><strong>Al t\u00e9rmino de la ceremonia c\u00edvica, presidi\u00f3 adem\u00e1s la demostraci\u00f3n de la rutina del equipo de salto de cuerda \u201cLos Chapulines\u201d, ganadores de la etapa municipal, quienes asistir\u00e1n a la etapa regional a finales de mayo, en Tula.<\/strong><\/p>\n<p><strong>En el evento, el Secretario de Educaci\u00f3n Miguel Angel Valdez Garc\u00eda, expres\u00f3 que, adem\u00e1s de las obras de infraestructura que se entregan, el Gobernador tambi\u00e9n enviar\u00e1 este d\u00eda el nuevo escudo de Tamaulipas a todas las escuelas.<\/strong><\/p>\n<p><strong>\u201cTermino diciendo la frase que acu\u00f1\u00f3 hace un mes y medio la Presidenta de M\u00e9xico, la doctora Claudia Sheinbaum Pardo, y eso el Gobernador hoy lo est\u00e1 haciendo realidad\u201d. \u00a0Dijo en un evento p\u00fablico: \u201cla educaci\u00f3n es el coraz\u00f3n de la transformaci\u00f3n\u201d, indic\u00f3.<\/strong><\/p>\n<p><strong>En otros temas, la Secretaria estatal de Econom\u00eda, licenciada Ninfa Cant\u00fa Deandar, particip\u00f3 ayer en una reuni\u00f3n de trabajo con funcionarios y empresarios de Laredo, Texas, donde debatieron temas relativos al comercio internacional.<\/strong><\/p>\n<p><strong>La funcionaria estatal represent\u00f3 al Gobernador del Estado en la importante conferencia, donde se produjo un di\u00e1logo para fortalecer la agenda de comercio binacional.<\/strong><\/p>\n<p><strong>\u201cSeguimos haciendo equipo por un Tamaulipas con m\u00e1s inversi\u00f3n, m\u00e1s desarrollo y m\u00e1s oportunidades para todas y todos\u201d, dijo la joven emisaria tamaulipeca en esa ciudad texana.<\/strong><\/p>\n<p><strong>Terminamos la colaboraci\u00f3n con el apunte de que todo ser encuentra listo y dispuesto para la ceremonia que habr\u00e1 ma\u00f1ana mi\u00e9rcoles en el curso de la Asamblea General de la Universidad Aut\u00f3noma de Tamaulipas, donde rendir\u00e1 su segundo informe de labores el Rector D\u00e1maso Anaya Alvarado.<\/strong><\/p>\n<p><strong>Toda la comunidad universitaria tamaulipeca, as\u00ed como el mundillo pol\u00edtico y de funcionarios gubernamentales y de la iniciativa privada, se reunir\u00e1n en la capital del Estado para estar presentes en la importante ceremonia. \u00a0<\/strong><\/p>\n<p><strong>Correo electr\u00f3nico:\u00a0<a href=\"mailto:albertoguerra65@hotmail.com\" target=\"_blank\" rel=\"noreferrer noopener\">albertoguerra65@hotmail.com<\/a><\/strong><\/p>\n","protected":false},"excerpt":{"rendered":"<p>C R O N I C A S\u00a0\u00a0\u00a0 P O L I T I C A S &nbsp; Por Alberto Guerra Salazar CIUDAD VICTORIA, (ASI).\u2014 El gobierno de Am\u00e9rico Villarreal Anaya instruy\u00f3 a funcionario de la Secretar\u00eda de Educci\u00f3n de Tamaulipas para establecer protocolos de actuaci\u00f3n para prevenir y atender situaciones relacionadas con retos virales [&hellip;]<\/p>\n","protected":false},"author":1,"featured_media":212051,"comment_status":"closed","ping_status":"closed","sticky":false,"template":"","format":"standard","meta":{"footnotes":""},"categories":[16],"tags":[],"class_list":["post-222059","post","type-post","status-publish","format-standard","has-post-thumbnail","hentry","category-opinion"],"_links":{"self":[{"href":"https:\/\/www.elsinodaldetamaulipas.com.mx\/index.php?rest_route=\/wp\/v2\/posts\/222059","targetHints":{"allow":["GET"]}}],"collection":[{"href":"https:\/\/www.elsinodaldetamaulipas.com.mx\/index.php?rest_route=\/wp\/v2\/posts"}],"about":[{"href":"https:\/\/www.elsinodaldetamaulipas.com.mx\/index.php?rest_route=\/wp\/v2\/types\/post"}],"author":[{"embeddable":true,"href":"https:\/\/www.elsinodaldetamaulipas.com.mx\/index.php?rest_route=\/wp\/v2\/users\/1"}],"replies":[{"embeddable":true,"href":"https:\/\/www.elsinodaldetamaulipas.com.mx\/index.php?rest_route=%2Fwp%2Fv2%2Fcomments&post=222059"}],"version-history":[{"count":1,"href":"https:\/\/www.elsinodaldetamaulipas.com.mx\/index.php?rest_route=\/wp\/v2\/posts\/222059\/revisions"}],"predecessor-version":[{"id":222060,"href":"https:\/\/www.elsinodaldetamaulipas.com.mx\/index.php?rest_route=\/wp\/v2\/posts\/222059\/revisions\/222060"}],"wp:featuredmedia":[{"embeddable":true,"href":"https:\/\/www.elsinodaldetamaulipas.com.mx\/index.php?rest_route=\/wp\/v2\/media\/212051"}],"wp:attachment":[{"href":"https:\/\/www.elsinodaldetamaulipas.com.mx\/index.php?rest_route=%2Fwp%2Fv2%2Fmedia&parent=222059"}],"wp:term":[{"taxonomy":"category","embeddable":true,"href":"https:\/\/www.elsinodaldetamaulipas.com.mx\/index.php?rest_route=%2Fwp%2Fv2%2Fcategories&post=222059"},{"taxonomy":"post_tag","embeddable":true,"href":"https:\/\/www.elsinodaldetamaulipas.com.mx\/index.php?rest_route=%2Fwp%2Fv2%2Ftags&post=222059"}],"curies":[{"name":"wp","href":"https:\/\/api.w.org\/{rel}","templated":true}]}}