{"id":222065,"date":"2026-04-27T23:35:30","date_gmt":"2026-04-28T03:35:30","guid":{"rendered":"https:\/\/www.elsinodaldetamaulipas.com.mx\/?p=222065"},"modified":"2026-04-27T23:35:30","modified_gmt":"2026-04-28T03:35:30","slug":"expectativa-rebasada","status":"publish","type":"post","link":"https:\/\/www.elsinodaldetamaulipas.com.mx\/?p=222065","title":{"rendered":"EXPECTATIVA REBASADA"},"content":{"rendered":"<p>&nbsp;<\/p>\n<p><strong>-Asistencia y contenidos validaron el \u00e9xito a la II Cumbre Mundial de la Voz<\/strong><\/p>\n<p><strong>-La Agencia de Prensa Mundial y Defensor\u00eda del Pueblo excelentes anfitriones<\/strong><\/p>\n<p><strong>-Otorgan la presea \u201cRicardo Rocha\u201d al periodista de Campeche, Jorge Luis Gonz\u00e1lez<\/strong><\/p>\n<p>&nbsp;<\/p>\n<ol>\n<li>Matamoros, Tamaulipas.-La participaci\u00f3n de panelistas de distintos pa\u00edses y la calidad de contenidos fueron factores determinantes para el rotundo \u00e9xito de la Segunda Cumbre Mundial de la Voz que se llev\u00f3 a cabo en la Rep\u00fablica Dominicana en el marco del D\u00e9cimo Aniversario de la Agencia de Prensa Mundial (APM) que preside a nivel internacional el periodista y locutor SALVADOR RAM\u00cdREZ.<\/li>\n<\/ol>\n<p>Durante las jornadas de trabajo que se llevaron a cabo durante los d\u00edas 16, 17 y 18 de abril en la capital Santo Domingo se reafirm\u00f3 el compromiso de la instituci\u00f3n con la promoci\u00f3n de la comunicaci\u00f3n responsable, la formaci\u00f3n continua y la defensa de la libertad de prensa.<\/p>\n<p>Asimismo, se cumpli\u00f3 el objetivo de seguir impulsando el desarrollo de la voz como instrumento de transformaci\u00f3n social, cultural y profesional a nivel global a trav\u00e9s de futuros eventos gremiales en el D\u00eda Mundial de la Voz que se conmemora mundialmente el 16 de abril.<\/p>\n<p>El intercambio de impresiones entre periodistas, locutores y comunicadores tuvieron como recinto oficial el Palacio de Bellas Artes, el Instituto T\u00e9cnico Superior Comunitario (ITSC) y la Universidad Aut\u00f3noma de Santo Domingo (UASD) los d\u00edas 16, 17 y 18 de abril, respectivamente.<\/p>\n<p>Adem\u00e1s de participar en los distintos paneles, las distintas delegaciones realizaron una visita guiada al Senado de la Rep\u00fablica que preside RICARDO DE LOS SANTOS y, posteriormente, una visita oficial al Palacio Nacional, gestionada por el presidente internacional de la APM, SALVADOR RAM\u00cdREZ, y el doctor DAR\u00cdO NIN, Segundo Adjunto Representante del Defensor del Pueblo, ante el Coordinador de Comunicaci\u00f3n Social Presidencial, CARLOS ALBERTO CAMINERO S\u00c1NCHEZ.<\/p>\n<p>Los panelistas internacionales de M\u00e9xico, Estados Unidos, Colombia, Puerto Rico Argentina, Espa\u00f1a y de Montenegro, Europa, intercambiaron impresiones con los expositores naciones de la Rep\u00fablica Dominicana en distintos temas de alto contenido.<\/p>\n<p>La Historia de la Radio en Rep\u00fablica Dominicana; La Importancia de la Voz, su Impacto en la Sociedad y Responsabilidad Legal y \u00c9tica; La Libertad de Expresi\u00f3n en M\u00e9xico y los Riesgos de los Comunicadores que Hacen Periodismo de Investigaci\u00f3n; El Periodismo en Colombia como Profesi\u00f3n de Alto Riesgo; y Los Retos de los Periodistas en la Nueva Era Digital y el Internet ante la Inteligencia Artificial y su Impacto en la Comunicaci\u00f3n; fueron, entre otros, los temas que se abordaron en la Segunda Cumbre Mundial de la Voz.<\/p>\n<p>Representaron a la Rep\u00fablica Dominicana los panelistas nacionales ELLIS P\u00c9REZ, presentador de grandes espect\u00e1culos y artistas internacionales y con amplia trayectoria en el cine, radio y televisi\u00f3n; MIGUEL SUSANA, periodista-locutor presentador de Noticias Telecentro Canal 13, Productor de Radio, TV y Expreso Matutino canal 4; LUIS P\u00c9REZ, catedr\u00e1tico, periodista, locutor y presidente del Colegio Dominicano de Periodistas; BISMARCK MORALES, presidente del C\u00edrculo de Locutores Dominicanos; y DAR\u00cdO CUBA, periodista graduado con honores en la Escuela del Instituto Dominicano de Periodismo.<\/p>\n<p>Tambi\u00e9n, JIMMY DUVAL, presidente del C\u00edrculo de Locutores de San Juan de la Manguana y comentarista de la Z 101; FREDDY ORTIZ, director del peri\u00f3dico el Ocoe\u00f1o; LICDA DEMIL RAM\u00cdREZ, embajadora para la Rep\u00fablica Dominicana del Women Economic Forum-Caribbean Wef Caribbean; MILAGROS M\u00c9NDEZ, periodista, locutora, productora y voz comercial; y ESMERLI MOLINA, periodista y locutora \u201cLa Voz de las Mujeres en Televisi\u00f3n\u201d; LENNYS TEJADA BETANCOURT, director de la Escuela de Comunicaci\u00f3n Palabra Multimedia; JAVIER TAVERAS, periodista y presentador de TV y Voice Over; y el periodista y locutor DAMI\u00c1N ARIAS MATOS.<\/p>\n<p>En el plano internacional, la delegaci\u00f3n de panelistas mexicanos estuvo integrada por REN\u00c9 NARV\u00c1EZ LOZADA, La Voz de M\u00e9xico; JORGE LUIS GONZ\u00c1LEZ VALD\u00c9Z, ex director del peri\u00f3dico La Tribuna en el estado de Campeche; NOEL ALVARADO, editor del peri\u00f3dico La Prensa y director de La Neta Noticia Acustik Radio AM Nacional; RAFAEL CANO FLORES, presidente del Foro Nacional de Periodistas de M\u00e9xico; RAFAEL FLORES MART\u00cdNEZ, presidente del Cap\u00edtulo M\u00e9xico del Foro Nacional de Periodistas de M\u00e9xico; y HUMBERTO CRUZ MAT\u00cdAS, director de Noticieros de Oro Radio, corresponsal del peri\u00f3dico La Jornada y jefe de cabina de Radio Gobierno del estado de Oaxaca.<\/p>\n<p>Se sumaron a la delegaci\u00f3n mexicana los periodistas LUIS RAM\u00cdREZ HERN\u00c1NDEZ, ENRIQUE JORGE ESQUIVEL MU\u00d1OZ, MART\u00cdN DE JES\u00daS TAKAGUI y JES\u00daS VALDEZ y reconocido comunicador LINO CALDER\u00d3N, director editorial de las revistas Liberal Metropolitano y C\u00faspide.<\/p>\n<p>Representando a Argentina, particip\u00f3 activamente MARCELA RANQUIN, presidenta del Centro Mundial de Noticias; TOM\u00c1S PAV\u00d3N, de UniverMind de Espa\u00f1a; DIJANA LUKOVAC, de Montenegro, Europa, periodista y locutora miembro de la Asociaci\u00f3n Internacional de Liderazgo (GROW); y RAM\u00d3N ALBERTO SOTO, Director Ejecutivo del Colegio Nacional de Periodistas de Colombia.<\/p>\n<p>Con la representaci\u00f3n de la Asociaci\u00f3n Nacional de Periodistas, Locutores y Comunicadores de los Estados Unidos y M\u00e9xico (ANPLC USA-M\u00e9xico) participaron en los distintos paneles ARTEMIO GLORIA, DAVID UR\u00cdAS, ARLETTE SALAZAR y quien abajo suscribe al calce.<\/p>\n<p>Finalmente, en Punta Cana, Rep\u00fablica Dominicana, se llev\u00f3 a cabo el Primer Encuentro de Periodistas Internacionales, organizado por la Asociaci\u00f3n de Medios Digitales de Punta Cana (AMEDIP), evento gremial que se llev\u00f3 a cabo a bordo de un catamar\u00e1n navegando por las c\u00e1lidas y turquesas aguas del Mar Caribe.<\/p>\n<p>Adem\u00e1s de fortalecer los lazos de cooperaci\u00f3n entre medios digitales, intercambiar experiencias period\u00edsticas y promover el desarrollo de la comunicaci\u00f3n internacional en el \u00e1mbito tur\u00edstico, la AMEDIP reafirm\u00f3 su compromiso con la integraci\u00f3n regional, la innovaci\u00f3n informativa y el crecimiento del periodismo digital en el Caribe y Latinoam\u00e9rica.<\/p>\n<p>La unidad y compa\u00f1erismo del periodismo mexicano y dominicano qued\u00f3 sellado en dos actos de reconocimiento entre pares, es decir de periodistas para periodistas.<\/p>\n<p>Con el atestiguamiento del gremio mexicano la Asociaci\u00f3n de Medios Digitales de Punta Cana entreg\u00f3 merecido reconocimiento por su larga trayectoria period\u00edstica y en la locuci\u00f3n al colega WENSI MEDINA. Del mismo modo el Foro Nacional de Periodistas de M\u00e9xico otorg\u00f3 la presea \u201cRicardo Rocha\u201d al decano del periodismo de Campeche, JORGE LUIS GONZ\u00c1LEZ, quien en las \u00faltimas fechas se ha caracterizado por resistir el embate f\u00edsico, profesional y econ\u00f3mico por parte del gobierno estatal bajo la responsabilidad de la mandataria LAYDA SANSORES.<\/p>\n<p>Cabe se\u00f1alar que, si bien es cierto que gran parte del \u00e9xito de la Segunda Cumbre Internacional de la Voz obedeci\u00f3 a la cantidad de panelistas y calidad de contenidos, tambi\u00e9n es una realidad la coordinaci\u00f3n, trabajo y log\u00edstica desplegada por la organizaci\u00f3n anfitriona Agencia de Prensa Mundial que preside el colega SALVADOR RAM\u00cdREZ, y el doctor DAR\u00cdO NIN, Segundo Adjunto Representante Defensor del Pueblo. \u00a1Honor a quien honor merece!<\/p>\n<p>&nbsp;<\/p>\n<p>DESDE EL BALC\u00d3N:<\/p>\n<p>I.-Como nobleza obliga, mi agradecimiento y reconocimiento al doctor DAR\u00cdO NIN por la dedicatoria de su obra literaria Grad\u00faate de Persona \u00a1A vivir a plenitud!<\/p>\n<p>\u201cMario D\u00edaz Bienvenido a la Rep\u00fablica Dominicana, con Aprecio\u201d 16\/04\/2026.<\/p>\n<p>El doctor DAR\u00cdO NIN es escritor, comunicador, abogado y psic\u00f3logo cl\u00ednico con Maestr\u00eda en Terapia Sexual y de Pareja, Derechos Humanos e Internacional y Humanitario. Es director del Centro Persona y creador del taller de educaci\u00f3n emocional.<\/p>\n<p>Durante su ejercicio profesional se ha desempe\u00f1ado, entre otros cargos, como funcionario p\u00fablico, procurador fiscal, abogado en ejercicio, productor y conductor de programas de radio y televisi\u00f3n.<\/p>\n<p>&nbsp;<\/p>\n<p>II.-Justo es destacar el profesionalismo y liderazgo gremial del presidente internacional de la Agencia de Prensa Mundial (APM) y coordinador general de la Segunda Cumbre Mundial de la Voz, SALVADOR RAM\u00cdREZ, evento que, sin duda, rebas\u00f3 la expectativa en asistencia y calidad de contenidos y, adem\u00e1s, herman\u00f3 a periodistas y comunicadores de habla hispana.<\/p>\n<p>Agradezco la distinci\u00f3n del presidente internacional de la APM en Rep\u00fablica Dominicana, SALVADOR RAM\u00cdREZ, al otorgarme el Galard\u00f3n Internacional APM en reconocimiento \u201ca la amplia trayectoria en el periodismo y locuci\u00f3n en M\u00e9xico y su participaci\u00f3n en la II Cumbre Mundial de la Voz y X Aniversario APM dado en UASD, Rep\u00fablica Dominicana\u201d.<\/p>\n<p>Y precisa: \u201cEsta certificaci\u00f3n se realiza en el marco de la celebraci\u00f3n de la Segunda Cumbre Mundial de la Voz, D\u00e9cimo Aniversario de Agencia de Prensa Mundial y la Semana Mundial de la Voz, dado en el paraninfo de la Facultad de Ciencias Econ\u00f3micas de la Universidad Aut\u00f3noma de Santo Domingo (UASD), Rep\u00fablica Dominicana, el 18 de abril de 2026.\u201d<\/p>\n<p>&nbsp;<\/p>\n<p>III.-El autor de PALACIO expuso La importancia de la voz, su impacto en la sociedad y responsabilidad legal y \u00e9tica, en la sala Dram\u00e1tica del Palacio de Bellas Artes; Las libertades de prensa y expresi\u00f3n durante el conversatorio en el Instituto T\u00e9cnico Superior Comunitario (ITSC); y los Retos del periodismo, en el paraninfo de la Universidad Aut\u00f3noma de Santo Domingo (UASD).<\/p>\n<p>Y hasta la pr\u00f3xima.<\/p>\n<p>mariodiaz27@prodigy.net.mx<\/p>\n<p>&nbsp;<\/p>\n","protected":false},"excerpt":{"rendered":"<p>&nbsp; -Asistencia y contenidos validaron el \u00e9xito a la II Cumbre Mundial de la Voz -La Agencia de Prensa Mundial y Defensor\u00eda del Pueblo excelentes anfitriones -Otorgan la presea \u201cRicardo Rocha\u201d al periodista de Campeche, Jorge Luis Gonz\u00e1lez &nbsp; Matamoros, Tamaulipas.-La participaci\u00f3n de panelistas de distintos pa\u00edses y la calidad de contenidos fueron factores determinantes [&hellip;]<\/p>\n","protected":false},"author":1,"featured_media":216207,"comment_status":"closed","ping_status":"closed","sticky":false,"template":"","format":"standard","meta":{"footnotes":""},"categories":[16],"tags":[],"class_list":["post-222065","post","type-post","status-publish","format-standard","has-post-thumbnail","hentry","category-opinion"],"_links":{"self":[{"href":"https:\/\/www.elsinodaldetamaulipas.com.mx\/index.php?rest_route=\/wp\/v2\/posts\/222065","targetHints":{"allow":["GET"]}}],"collection":[{"href":"https:\/\/www.elsinodaldetamaulipas.com.mx\/index.php?rest_route=\/wp\/v2\/posts"}],"about":[{"href":"https:\/\/www.elsinodaldetamaulipas.com.mx\/index.php?rest_route=\/wp\/v2\/types\/post"}],"author":[{"embeddable":true,"href":"https:\/\/www.elsinodaldetamaulipas.com.mx\/index.php?rest_route=\/wp\/v2\/users\/1"}],"replies":[{"embeddable":true,"href":"https:\/\/www.elsinodaldetamaulipas.com.mx\/index.php?rest_route=%2Fwp%2Fv2%2Fcomments&post=222065"}],"version-history":[{"count":1,"href":"https:\/\/www.elsinodaldetamaulipas.com.mx\/index.php?rest_route=\/wp\/v2\/posts\/222065\/revisions"}],"predecessor-version":[{"id":222066,"href":"https:\/\/www.elsinodaldetamaulipas.com.mx\/index.php?rest_route=\/wp\/v2\/posts\/222065\/revisions\/222066"}],"wp:featuredmedia":[{"embeddable":true,"href":"https:\/\/www.elsinodaldetamaulipas.com.mx\/index.php?rest_route=\/wp\/v2\/media\/216207"}],"wp:attachment":[{"href":"https:\/\/www.elsinodaldetamaulipas.com.mx\/index.php?rest_route=%2Fwp%2Fv2%2Fmedia&parent=222065"}],"wp:term":[{"taxonomy":"category","embeddable":true,"href":"https:\/\/www.elsinodaldetamaulipas.com.mx\/index.php?rest_route=%2Fwp%2Fv2%2Fcategories&post=222065"},{"taxonomy":"post_tag","embeddable":true,"href":"https:\/\/www.elsinodaldetamaulipas.com.mx\/index.php?rest_route=%2Fwp%2Fv2%2Ftags&post=222065"}],"curies":[{"name":"wp","href":"https:\/\/api.w.org\/{rel}","templated":true}]}}