{"id":222070,"date":"2026-04-27T23:40:09","date_gmt":"2026-04-28T03:40:09","guid":{"rendered":"https:\/\/www.elsinodaldetamaulipas.com.mx\/?p=222070"},"modified":"2026-04-27T23:40:09","modified_gmt":"2026-04-28T03:40:09","slug":"informara-logros-y-avances","status":"publish","type":"post","link":"https:\/\/www.elsinodaldetamaulipas.com.mx\/?p=222070","title":{"rendered":"INFORMAR\u00c1 LOGROS Y AVANCES"},"content":{"rendered":"<p>TINTA NEGRA<br \/>\nAlfredo Guevara<\/p>\n<p>El Rector de la Universidad Aut\u00f3noma de Tamaulipas, D\u00c1MASO ANAYA ALVARADO, rendir\u00e1 su segundo informe de actividades, a eso del mediod\u00eda de este mi\u00e9rcoles.<br \/>\nA la ceremonia, acude como invitado especial, el gobernador AM\u00c9RICO VILLARREAL ANAYA, as\u00ed como los titulares de las diferentes \u00e1reas de la administraci\u00f3n estatal, legisladores federales y locales.<br \/>\nEl segundo informe de actividades, representa para D\u00c1MASO ANAYA un ejercicio de transparencia y rendici\u00f3n de cuentas, en este caso ante la comunidad universitaria y la sociedad en general.<br \/>\nSentar\u00e1 las bases, para dar a conocer avances y resultados de los programas acad\u00e9micos, de investigaci\u00f3n, la oferta educativa que tiene la UAT, el incremento en la matr\u00edcula, entre otros.<br \/>\nANAYA ALVARADO tendr\u00e1 la oportunidad de dar a conocer, el apoyo que ofrece la Universidad Aut\u00f3noma de Tamaulipas a estudiantes de escasos recursos econ\u00f3micos, que mediante becas, les permite continuar y no alejarse de las aulas.<br \/>\nD\u00c1MASO ha sido un fuerte impulsor del programa de becas, logrando que el 50 por ciento de la matr\u00edcula total, que abarca a m\u00e1s de 42 mil estudiantes desde prepas hasta posgrados, cuente con ese beneficio, recibiendo los alumnos un respaldo institucional.<br \/>\nDesde luego que el Rector de la UAT, aprovechar\u00e1 para informar del impulso al deporte universitario, la implementaci\u00f3n del modelo educativo con visi\u00f3n humanista y los retos que est\u00e1n por venir para que la m\u00e1xima casa de estudios de Tamaulipas, siga siendo de las m\u00e1s reconocidas en el entorno nacional e internacional.<br \/>\nParte fundamental de los logros y avances que ha tenido la UAT en los \u00faltimos a\u00f1os, es indiscutiblemente por el respaldo que el gobernador AM\u00c9RICO VILLLAREAL ANAYA a la administraci\u00f3n de D\u00c1MASO ANAYA ALVARADO.<br \/>\nDesde luego que aun y con el avance que refleja la m\u00e1xima casa de estudios de Tamaulipas, todav\u00eda hay retos por delante que s\u00f3lo se pueden lograr, trabajando de manera coordinada como hasta ahora, entre el gobernador y el Rector de la UAT.<br \/>\nEl segundo informe de actividades del Rector D\u00c1MASO ANAYA ALVARADO ser\u00e1 en el Centro de Excelencia del campus Victoria, aunque tambi\u00e9n ser\u00e1 difundido en vivo por videoconferencia a las facultades, unidades acad\u00e9micas y dependencias de la Universidad, as\u00ed como por medio de los canales oficiales y redes sociales de la instituci\u00f3n. EN FIN.<br \/>\nalfredoguevara0@gmail.com<\/p>\n","protected":false},"excerpt":{"rendered":"<p>TINTA NEGRA Alfredo Guevara El Rector de la Universidad Aut\u00f3noma de Tamaulipas, D\u00c1MASO ANAYA ALVARADO, rendir\u00e1 su segundo informe de actividades, a eso del mediod\u00eda de este mi\u00e9rcoles. A la ceremonia, acude como invitado especial, el gobernador AM\u00c9RICO VILLARREAL ANAYA, as\u00ed como los titulares de las diferentes \u00e1reas de la administraci\u00f3n estatal, legisladores federales y [&hellip;]<\/p>\n","protected":false},"author":1,"featured_media":215700,"comment_status":"closed","ping_status":"closed","sticky":false,"template":"","format":"standard","meta":{"footnotes":""},"categories":[16],"tags":[],"class_list":["post-222070","post","type-post","status-publish","format-standard","has-post-thumbnail","hentry","category-opinion"],"_links":{"self":[{"href":"https:\/\/www.elsinodaldetamaulipas.com.mx\/index.php?rest_route=\/wp\/v2\/posts\/222070","targetHints":{"allow":["GET"]}}],"collection":[{"href":"https:\/\/www.elsinodaldetamaulipas.com.mx\/index.php?rest_route=\/wp\/v2\/posts"}],"about":[{"href":"https:\/\/www.elsinodaldetamaulipas.com.mx\/index.php?rest_route=\/wp\/v2\/types\/post"}],"author":[{"embeddable":true,"href":"https:\/\/www.elsinodaldetamaulipas.com.mx\/index.php?rest_route=\/wp\/v2\/users\/1"}],"replies":[{"embeddable":true,"href":"https:\/\/www.elsinodaldetamaulipas.com.mx\/index.php?rest_route=%2Fwp%2Fv2%2Fcomments&post=222070"}],"version-history":[{"count":1,"href":"https:\/\/www.elsinodaldetamaulipas.com.mx\/index.php?rest_route=\/wp\/v2\/posts\/222070\/revisions"}],"predecessor-version":[{"id":222071,"href":"https:\/\/www.elsinodaldetamaulipas.com.mx\/index.php?rest_route=\/wp\/v2\/posts\/222070\/revisions\/222071"}],"wp:featuredmedia":[{"embeddable":true,"href":"https:\/\/www.elsinodaldetamaulipas.com.mx\/index.php?rest_route=\/wp\/v2\/media\/215700"}],"wp:attachment":[{"href":"https:\/\/www.elsinodaldetamaulipas.com.mx\/index.php?rest_route=%2Fwp%2Fv2%2Fmedia&parent=222070"}],"wp:term":[{"taxonomy":"category","embeddable":true,"href":"https:\/\/www.elsinodaldetamaulipas.com.mx\/index.php?rest_route=%2Fwp%2Fv2%2Fcategories&post=222070"},{"taxonomy":"post_tag","embeddable":true,"href":"https:\/\/www.elsinodaldetamaulipas.com.mx\/index.php?rest_route=%2Fwp%2Fv2%2Ftags&post=222070"}],"curies":[{"name":"wp","href":"https:\/\/api.w.org\/{rel}","templated":true}]}}