{"id":222073,"date":"2026-04-28T01:56:56","date_gmt":"2026-04-28T05:56:56","guid":{"rendered":"https:\/\/www.elsinodaldetamaulipas.com.mx\/?p=222073"},"modified":"2026-04-28T01:56:56","modified_gmt":"2026-04-28T05:56:56","slug":"endeudamiento-nacional-historico","status":"publish","type":"post","link":"https:\/\/www.elsinodaldetamaulipas.com.mx\/?p=222073","title":{"rendered":"ENDEUDAMIENTO NACIONAL HIST\u00d3RICO"},"content":{"rendered":"<p>GOLPE A GOLPE<\/p>\n<p>Por Juan S\u00e1nchez Mendoza<\/p>\n<p>Cuando Claudia Sheinbaum Pardo asumi\u00f3 la Presidencia de M\u00e9xico \u2013d\u00eda 1 de diciembre de 2024\u2013, la deuda p\u00fablica total superaba los 17.4 billones de pesos. Y actualmente rebasa los 18.6 billones, seg\u00fan datos oficiales.<\/p>\n<p>O sea, en tan s\u00f3lo 12 meses de su administraci\u00f3n, creci\u00f3 m\u00e1s de 1.2 billones, que es el saldo hist\u00f3rico m\u00e1s alto del endeudamiento.<\/p>\n<p>Sin embargo, el subdirector de an\u00e1lisis econ\u00f3mico de CIBanco, James Salazar, considera que esos niveles de deuda no representan un \u2018foco rojo\u2019 para la econom\u00eda mexicana, pero s\u00ed un llamado de atenci\u00f3n para mejorar la capacidad de ingresos.<\/p>\n<p>\u201cLos niveles son todav\u00eda manejables\u201d, dice, a diferencia de lo que pasa en otras econom\u00edas del mismo tama\u00f1o, que a ra\u00edz de la pandemia sufrieron deterioro en sus finanzas p\u00fablicas.<\/p>\n<p>El crecimiento de la deuda, explican los especialistas, ocurre porque el gasto sigue subiendo, pero los ingresos no aumentan a la misma velocidad y esta discrepancia incide fuerte en la crisis, ya que el incremento del gasto p\u00fablico ha sido para sostener programas sociales y construir obras insignia en el sexenio anterior, como la \u00b4Refiner\u00eda Olmeca\u2019 en Dos Bocas (Tabasco) y el Tren Maya que recorre los estados de Chiapas, Tabasco, Campeche, Yucat\u00e1n y Quintana Roo.<\/p>\n<p>Adem\u00e1s, deben cubrirse intereses onerosos que no pueden liquidarse en tiempo y forma por falta de recaudaci\u00f3n y, al renegociar la deuda, crece el d\u00e9bito.<\/p>\n<p>Ciertamente, la deuda externa ha sido reestructurada en cuanto toca a sus amortizaciones, seg\u00fan lo advierte la Secretar\u00eda de Hacienda y Cr\u00e9dito P\u00fablico SHyCP), lo que significa que los plazos para el pago de capital se ampliaron por varios a\u00f1os m\u00e1s, evit\u00e1ndose con ello compromisos con la usura internacional, pero, al tiempo, se contrajeron con la usura \u2018nacional\u2019.<\/p>\n<p>Esto podr\u00eda causar un colapso econ\u00f3mico.<\/p>\n<p>Y aunque Sheinbaum Pardo se niega a reconocer que la econom\u00eda nacional atraviesa por la peor crisis de su historia y que la reparaci\u00f3n del da\u00f1o no habr\u00eda de darse en la primera mitad de su administraci\u00f3n, existen analistas que s\u00ed saben del tema y a trav\u00e9s de estudios objetivos, sin tintes partidistas ni ideol\u00f3gicos, se han encargado de sugerirle que hoy, por lo menos, hable con la verdad, en cuanto al endeudamiento p\u00fablico.<\/p>\n<p>Que no trate de tapar el sol con un dedo. Sobre todo, cuando aduce que los (+\/-) 130 millones de mexicanos (la cifra poblacional estimada) estamos (ya) en franca recuperaci\u00f3n.<\/p>\n<p>Inclusive, asoman economistas que adelantan que, de no revertirse la tendencia negativa, M\u00e9xico caer\u00eda en un colapso econ\u00f3mico, por lo que tendr\u00edan que tomarse otras medidas para tratar de mantener el barco a flote, como ser\u00edan una dr\u00e1stica devaluaci\u00f3n de nuestra moneda, la venta de m\u00e1s empresas (todav\u00eda) propiedad del Estado y\/o un nuevo y mayor endeudamiento externo.<\/p>\n<p>De otra forma, advierten expertos que trabajan como investigadores en algunas de las instituciones m\u00e1s destacadas del pa\u00eds, la econom\u00eda nacional continuar\u00e1 en picada y el actual r\u00e9gimen presidencial, como los nueve que lo antecedieron \u2013encabezados por Luis Echeverr\u00eda \u00c1lvarez, Jos\u00e9 L\u00f3pez Portillo, Miguel de la Madrid Hurtado, Carlos Salinas de Gortari, Ernesto Zedillo Ponce de Le\u00f3n, Vicente Fox Quesada, Felipe de Jes\u00fas Calder\u00f3n Hinojosa, Enrique Pe\u00f1a Nieto y Andr\u00e9s Manuel L\u00f3pez Obrador\u2013, pr\u00e1cticamente ser\u00eda de fracaso.<\/p>\n<p>La situaci\u00f3n econ\u00f3mica que padece M\u00e9xico es, ciertamente, en buena parte consecuencia de la crisis mundial. Pero igual contribuyen al quebranto el excesivo poder burocr\u00e1tico, la inversi\u00f3n especulativa, el gasto desorbitado de nuestros gobernantes y el pillaje de algunos funcionarios p\u00fablicos que las \u00faltimas cinco d\u00e9cadas han devaluado el peso en m\u00faltiples ocasiones \u2013directamente o disfrazando el hecho con el deslizamiento de nuestra moneda frente a otras m\u00e1s fuertes, como el d\u00f3lar y\/o el euro\u2013, convirtiendo el circulante en una divisa poco atractiva para el mercado mundial.<\/p>\n<p>De ah\u00ed recobra capital importancia la sentencia del fil\u00f3sofo ingl\u00e9s John Emerich Edward Dalkberg Acton, m\u00e1s conocido como Lord Acton en 1887, quien estableciera la sentencia: \u2018el poder corrompe, pero el poder absoluto corrompe absolutamente\u2019.<\/p>\n<p>Y, en efecto, aqu\u00ed en M\u00e9xico los programas econ\u00f3micos del Gobierno Federal han fracasado a pesar de tantos planes y estrategias sexenales; y han fracasado porque los servidores p\u00fablicos han hecho con la riqueza nacional los que se les ha dado su regalada gana; porque han gastado ofensivas cantidades de dinero en los procesos electorales, en los viajes presidenciales, en su promoci\u00f3n medi\u00e1tica y hasta en el sostenimiento de empresas fantasmas o, en el mejor de los casos, improductivas.<\/p>\n<p>Y todo ese saqueo, obviamente, lo han cubierto elevando impuestos, y contratando deudas (interna y externa).<\/p>\n<p>Por eso la econom\u00eda del pa\u00eds ha fracasado sexenio tras sexenio, aun cuando a ese deterioro tambi\u00e9n contribuya el hecho de que los bur\u00f3cratas tengan mucho poder y en sus manos tengan el manejo presupuestal.<\/p>\n<p>Tan s\u00f3lo en las \u00faltimas nueve administraciones presidenciales, como en la actual, se han implementado diversos programas econ\u00f3micos, pero estos no han funcionado quiz\u00e1 por falta de continuidad o tal vez porque no ha existido voluntad para apostarle a un fortalecimiento sostenido y sustentable en la materia.<\/p>\n<p>Lo cierto, es que la deuda p\u00fablica es may\u00fascula.<\/p>\n<p>Correo:\u00a0<a href=\"mailto:jusam_gg@hotmail.com\" target=\"_blank\" rel=\"noreferrer noopener\">jusam_gg@hotmail.com<\/a><\/p>\n","protected":false},"excerpt":{"rendered":"<p>GOLPE A GOLPE Por Juan S\u00e1nchez Mendoza Cuando Claudia Sheinbaum Pardo asumi\u00f3 la Presidencia de M\u00e9xico \u2013d\u00eda 1 de diciembre de 2024\u2013, la deuda p\u00fablica total superaba los 17.4 billones de pesos. Y actualmente rebasa los 18.6 billones, seg\u00fan datos oficiales. O sea, en tan s\u00f3lo 12 meses de su administraci\u00f3n, creci\u00f3 m\u00e1s de 1.2 [&hellip;]<\/p>\n","protected":false},"author":1,"featured_media":212108,"comment_status":"closed","ping_status":"closed","sticky":false,"template":"","format":"standard","meta":{"footnotes":""},"categories":[16],"tags":[],"class_list":["post-222073","post","type-post","status-publish","format-standard","has-post-thumbnail","hentry","category-opinion"],"_links":{"self":[{"href":"https:\/\/www.elsinodaldetamaulipas.com.mx\/index.php?rest_route=\/wp\/v2\/posts\/222073","targetHints":{"allow":["GET"]}}],"collection":[{"href":"https:\/\/www.elsinodaldetamaulipas.com.mx\/index.php?rest_route=\/wp\/v2\/posts"}],"about":[{"href":"https:\/\/www.elsinodaldetamaulipas.com.mx\/index.php?rest_route=\/wp\/v2\/types\/post"}],"author":[{"embeddable":true,"href":"https:\/\/www.elsinodaldetamaulipas.com.mx\/index.php?rest_route=\/wp\/v2\/users\/1"}],"replies":[{"embeddable":true,"href":"https:\/\/www.elsinodaldetamaulipas.com.mx\/index.php?rest_route=%2Fwp%2Fv2%2Fcomments&post=222073"}],"version-history":[{"count":1,"href":"https:\/\/www.elsinodaldetamaulipas.com.mx\/index.php?rest_route=\/wp\/v2\/posts\/222073\/revisions"}],"predecessor-version":[{"id":222074,"href":"https:\/\/www.elsinodaldetamaulipas.com.mx\/index.php?rest_route=\/wp\/v2\/posts\/222073\/revisions\/222074"}],"wp:featuredmedia":[{"embeddable":true,"href":"https:\/\/www.elsinodaldetamaulipas.com.mx\/index.php?rest_route=\/wp\/v2\/media\/212108"}],"wp:attachment":[{"href":"https:\/\/www.elsinodaldetamaulipas.com.mx\/index.php?rest_route=%2Fwp%2Fv2%2Fmedia&parent=222073"}],"wp:term":[{"taxonomy":"category","embeddable":true,"href":"https:\/\/www.elsinodaldetamaulipas.com.mx\/index.php?rest_route=%2Fwp%2Fv2%2Fcategories&post=222073"},{"taxonomy":"post_tag","embeddable":true,"href":"https:\/\/www.elsinodaldetamaulipas.com.mx\/index.php?rest_route=%2Fwp%2Fv2%2Ftags&post=222073"}],"curies":[{"name":"wp","href":"https:\/\/api.w.org\/{rel}","templated":true}]}}