{"id":222075,"date":"2026-04-28T15:17:44","date_gmt":"2026-04-28T19:17:44","guid":{"rendered":"https:\/\/www.elsinodaldetamaulipas.com.mx\/?p=222075"},"modified":"2026-04-28T15:17:44","modified_gmt":"2026-04-28T19:17:44","slug":"aunque-usted-no-lo-crea","status":"publish","type":"post","link":"https:\/\/www.elsinodaldetamaulipas.com.mx\/?p=222075","title":{"rendered":"AUNQUE USTED NO LO CREA"},"content":{"rendered":"<p>Esto ya lo hab\u00edamos dicho, pero va de nuevo porque la verdad es que el \u00edndice de accidentes laborales no disminuye, \u00bfPor qu\u00e9? Pues pueden ser muchos los factores, descuido, prisa, irresponsabilidad o talvez hasta torpeza.<\/p>\n<p>Quiz\u00e1 haga falta m\u00e1s concientizaci\u00f3n y medidas estrictas para que los mismos trabajadores cuiden su integridad f\u00edsica, pues todos, empleadores y trabajadores deben recordar siempre que despu\u00e9s de un accidente, de cualquier \u00edndole, pero m\u00e1s en caso laboral, ya nada es igual, ambas partes resultan afectadas.<\/p>\n<p>En el tema de seguridad y salud en el trabajo tal parece que en lugar de avanzar se retrocede, la muestra es que todos los d\u00edas medios de comunicaci\u00f3n y redes sociales dan cuenta de accidentes laborales, y lo peor, que muchas veces los afectados ni siquiera cuentan con seguridad social, servicio m\u00e9dico, ejemplo, muchos j\u00f3venes repartidores que trabajan para plataformas ya muy conocidas, pero tambi\u00e9n hay obreros, y que decir de trabajadores de obra, alba\u00f1iles, carpinteros, pintores, que sin protecci\u00f3n alguna andan en las alturas.<\/p>\n<p>Recordamos lo anterior porque justo hoy es 28 de abril, y aunque usted no lo crea, se celebra el D\u00eda Internacional de Seguridad y Salud en el trabajo.<\/p>\n<p>Decimos que, aunque usted no lo crea existe esa celebraci\u00f3n porque es real que la fecha no se puede celebrar en el mundo entero, bueno, quiz\u00e1 ni siquiera Dinamarca puede garantizar que en cada rinc\u00f3n de esa naci\u00f3n se tenga totalmente cubiertos esos rubros. Por lo tanto, no, no hay mucho que celebrar hoy.<\/p>\n<p>Para no ir tan lejos, en este M\u00e9xico lindo y querido la mayor\u00eda de la ciudadan\u00eda ni siquiera sabe que hoy 28 de abril se celebra el D\u00eda Mundial de la Seguridad y Salud en el Trabajo.<\/p>\n<p>Verdad es que la seguridad y salud en muchos empleos es asignatura pendiente, pero<br \/>\ncomo son asuntos sensibles para la poblaci\u00f3n y rentables pol\u00edticamente, todo lo que tiene que ver con la salud, la seguridad y lo laboral son banderas de campa\u00f1as pol\u00edticas en cada elecci\u00f3n, pero ya en el ejercicio del poder poco se avanza en esos rubros pues a\u00fan es alto el \u00edndice de accidentes en el trabajo, lo peor es que los servicios de salud y seguridad tambi\u00e9n son deficientes en las \u00e1reas laborales.<\/p>\n<p>Incluso hay instituciones y compa\u00f1\u00edas que poco capacitan a su personal para disminuir o evitar accidentes laborales, aunque \u00e9stos sean de riesgo, claro, porque la capacitaci\u00f3n implica gasto y los jefes prefieren ahorrarse el recurso o emplearlo en banalidades.<\/p>\n<p>Cierto es que la conmemoraci\u00f3n m\u00e1s que celebraci\u00f3n debe ser de concientizaci\u00f3n que empleadores y trabajadores le apuesten a la prevenci\u00f3n, que se capacite a los empleados para evitar los riesgos pues la seguridad y salud en muchas \u00e1reas laborales siempre ha tenido grandes deficiencias.<\/p>\n<p>Que se ponga en pr\u00e1ctica el sentido de la celebraci\u00f3n, pues cuando se design\u00f3 la fecha fue con el objetivo de realizar campa\u00f1as de concientizaci\u00f3n para la prevenci\u00f3n de los riesgos laborales y disminuir los accidentes, que en las \u00e1reas de trabajo todo empleado tuviera seguridad y salud porque as\u00ed se garantizaba que la productividad no bajara.<\/p>\n<p>Lamentablemente los accidentes laborales siguen al alza, la muestra m\u00e1s palpable es que continuamente se ven en construcciones trabajadores sin protecci\u00f3n en andamios a grandes alturas, y que decir de las plataformas que contratan a j\u00f3venes con motocicleta para hacer entregas a domicilio, principalmente de comida, no hay d\u00eda que no se registren incidentes, muchos son los repartidores que hasta han perdido la vida raz\u00f3n por la que urge se concientice y que sea obligatorio para las compa\u00f1\u00edas los cursos de capacitaci\u00f3n y prevenci\u00f3n.<\/p>\n<p>En fin, la situaci\u00f3n es que hoy se conmemora el D\u00eda Mundial de la Seguridad y Salud en el Trabajo, tristemente eso es de lo que m\u00e1s se carece en estos tiempos.<\/p>\n<p>Por lo tanto, no hay mucho, en realidad, nada qu\u00e9 celebrar en muchos sectores de la poblaci\u00f3n de cualquier naci\u00f3n con respecto a la Seguridad o Salud, seguridad laboral o seguridad y salud en \u00e1reas de trabajo.<\/p>\n","protected":false},"excerpt":{"rendered":"<p>Esto ya lo hab\u00edamos dicho, pero va de nuevo porque la verdad es que el \u00edndice de accidentes laborales no disminuye, \u00bfPor qu\u00e9? Pues pueden ser muchos los factores, descuido, prisa, irresponsabilidad o talvez hasta torpeza. Quiz\u00e1 haga falta m\u00e1s concientizaci\u00f3n y medidas estrictas para que los mismos trabajadores cuiden su integridad f\u00edsica, pues todos, [&hellip;]<\/p>\n","protected":false},"author":1,"featured_media":214785,"comment_status":"closed","ping_status":"closed","sticky":false,"template":"","format":"standard","meta":{"footnotes":""},"categories":[16],"tags":[],"class_list":["post-222075","post","type-post","status-publish","format-standard","has-post-thumbnail","hentry","category-opinion"],"_links":{"self":[{"href":"https:\/\/www.elsinodaldetamaulipas.com.mx\/index.php?rest_route=\/wp\/v2\/posts\/222075","targetHints":{"allow":["GET"]}}],"collection":[{"href":"https:\/\/www.elsinodaldetamaulipas.com.mx\/index.php?rest_route=\/wp\/v2\/posts"}],"about":[{"href":"https:\/\/www.elsinodaldetamaulipas.com.mx\/index.php?rest_route=\/wp\/v2\/types\/post"}],"author":[{"embeddable":true,"href":"https:\/\/www.elsinodaldetamaulipas.com.mx\/index.php?rest_route=\/wp\/v2\/users\/1"}],"replies":[{"embeddable":true,"href":"https:\/\/www.elsinodaldetamaulipas.com.mx\/index.php?rest_route=%2Fwp%2Fv2%2Fcomments&post=222075"}],"version-history":[{"count":1,"href":"https:\/\/www.elsinodaldetamaulipas.com.mx\/index.php?rest_route=\/wp\/v2\/posts\/222075\/revisions"}],"predecessor-version":[{"id":222076,"href":"https:\/\/www.elsinodaldetamaulipas.com.mx\/index.php?rest_route=\/wp\/v2\/posts\/222075\/revisions\/222076"}],"wp:featuredmedia":[{"embeddable":true,"href":"https:\/\/www.elsinodaldetamaulipas.com.mx\/index.php?rest_route=\/wp\/v2\/media\/214785"}],"wp:attachment":[{"href":"https:\/\/www.elsinodaldetamaulipas.com.mx\/index.php?rest_route=%2Fwp%2Fv2%2Fmedia&parent=222075"}],"wp:term":[{"taxonomy":"category","embeddable":true,"href":"https:\/\/www.elsinodaldetamaulipas.com.mx\/index.php?rest_route=%2Fwp%2Fv2%2Fcategories&post=222075"},{"taxonomy":"post_tag","embeddable":true,"href":"https:\/\/www.elsinodaldetamaulipas.com.mx\/index.php?rest_route=%2Fwp%2Fv2%2Ftags&post=222075"}],"curies":[{"name":"wp","href":"https:\/\/api.w.org\/{rel}","templated":true}]}}