{"id":222085,"date":"2026-04-28T16:05:23","date_gmt":"2026-04-28T20:05:23","guid":{"rendered":"https:\/\/www.elsinodaldetamaulipas.com.mx\/?p=222085"},"modified":"2026-04-28T16:05:23","modified_gmt":"2026-04-28T20:05:23","slug":"el-nino-frente-a-mickey-mouse","status":"publish","type":"post","link":"https:\/\/www.elsinodaldetamaulipas.com.mx\/?p=222085","title":{"rendered":"EL NI\u00d1O FRENTE A MICKEY MOUSE"},"content":{"rendered":"<p>EL PATINADERO<br \/>\n<em><strong>Juan Antonio Montoya B\u00e1ez<\/strong><\/em><\/p>\n<p>El evento de \u00abDifzania\u00bb el pasado fin de semana pudo haber pasado por una inocente convivencia social, pero en la pol\u00edtica tamaulipeca no existen las casualidades.<\/p>\n<p>Detr\u00e1s de las risas infantiles, el gobernador\u00a0AM\u00c9RICO VILLARREAL ANAYA\u00a0no solo midi\u00f3 su popularidad con \u00e9xito, sino que aprovech\u00f3 el escaparate para lucir a sus \u00abconsentidos\u00bb, dejando claro qui\u00e9nes son los ungidos para la recta final del sexenio o para las boletas electorales.<\/p>\n<p>En este \u00abjuego de ni\u00f1os\u00bb, Am\u00e9rico sac\u00f3 al escenario estelar a dos piezas clave: la secretaria de Bienestar Social,\u00a0SILVIA CASAS, y al nuevo \u00abchico maravilla\u00bb de su gabinete,\u00a0KARL BECKER HERN\u00c1NDEZ.<\/p>\n<p>Al titular de Seduma le otorgaron el beneficio de la cercan\u00eda absoluta, un gesto que en el lenguaje del poder se traduce como una potencial candidatura para rescatar la capital.<\/p>\n<p>Lo que parec\u00eda una carrerita de obst\u00e1culos de juguete entre\u00a0KARL BECKER\u00a0y el secretario del Trabajo,\u00a0LUIS GERARDO ILLOLDI, fue en realidad un preludio del choque de trenes que se avecina.<\/p>\n<p>BECKER tom\u00f3 la delantera con tal facilidad que se dio el lujo de frenar para esperar a un ILLOLDI que se vio falto de condici\u00f3n f\u00edsica y pol\u00edtica.<\/p>\n<p>Ambos vienen del Partido Verde; ninguno puede presumir pureza morenista y mucho menos un \u00abamericanismo\u00bb de cepa, pero est\u00e1n listos para la rebati\u00f1a.<\/p>\n<p>El caso de ILLOLDI merece menci\u00f3n aparte, es el hombre del \u00abr\u00e9cord negro\u00bb: fue el \u00fanico candidato de la 4T que logr\u00f3 la haza\u00f1a de perder en Tamaulipas frente al panista\u00a0\u00d3SCAR ALMARAZ.<\/p>\n<p>Presume sus votos en la zona urbana, pero la realidad es que ni con el \u00abpunch\u00bb arrollador que tra\u00eda Andr\u00e9s Manuel L\u00f3pez Obrador pudo ganar. Lo incre\u00edble en aquel entonces no era que Morena ganara, sino que alguien fuera tan mal candidato como para perder en medio de semejante ola.<\/p>\n<p>La cantidad de votos que logr\u00f3 ILLOLDI los hubiera obtenido cualquier candidatos que postular\u00e1 Morena, por lo que no hay nada que presumir, si lo hubiera obtenido como abanderado del PVEM sin coalici\u00f3n o del MC, entonces si deber\u00eda tener el reconocimiento aunque perdiera la elecci\u00f3n.<\/p>\n<p>Rescatado por\u00a0Lalo Gatt\u00e1s\u00a0tras su derrota, ILLOLDI pag\u00f3 el favor con la moneda que mejor conoce: la traici\u00f3n.<\/p>\n<p>Se dedic\u00f3 a alimentar una rebeli\u00f3n de chismes y rumores para buscar la ca\u00edda del alcalde de Victoria, mientras escalaba posiciones en el gabinete estatal.<\/p>\n<p>Su influencia fue tal que, al dejar la Subsecretar\u00eda de Egresos, logr\u00f3 heredar el cargo como si fuera un feudo familiar, aunque la desconfianza termin\u00f3 por purgar a su sucesor.<\/p>\n<p>Del otro lado est\u00e1\u00a0KARL BECKER, quien ascendi\u00f3 tras el escandaloso cese de KARINA SALD\u00cdVAR en Seduma, envuelta en denuncias de corrupci\u00f3n de empresarios sure\u00f1os.<\/p>\n<p>BECKER, sobrino del exgobernador\u00a0Eugenio Hern\u00e1ndez Flores, no solo tiene el visto bueno del tercer piso, sino que cuenta con el apellido y el respaldo de una estructura que ya sue\u00f1a con verlo en la grande.<\/p>\n<p>La carrera en Difzania fue la met\u00e1fora perfecta de un gabinete donde la institucionalidad y la obediencia son solo una m\u00e1scara.<\/p>\n<p>El Gobernador pide calma, pero sus colaboradores est\u00e1n desatados; la verdad es que parece in\u00fatil pedirle discreci\u00f3n a quienes ya se ven en la boleta; es como solicitar a un ni\u00f1o en Disneyland que se quede quieto frente a Mickey Mouse.<\/p>\n<p>Las precampa\u00f1as arrancaron y, en el camino, se van a llevar entre las patas a m\u00e1s de uno que no tenga la condici\u00f3n para aguantar el trote.<\/p>\n<p>El Rector D\u00c1MASO ANAYA ALVARADO prepara la presentaci\u00f3n de su segundo informe de labores este pr\u00f3ximo mi\u00e9rcoles 29 de abril, en punto de las doce horas en el Centro de Excelencia del campus Victoria, y ser\u00e1 difundido en vivo por videoconferencia a las facultades, unidades acad\u00e9micas y dependencias de la Universidad, as\u00ed como por medio de los canales oficiales y redes sociales de la instituci\u00f3n.<\/p>\n<p>Bueno, por hoy es todo.<br \/>\nAdi\u00f3s y aguas con los patinazos\u2026<\/p>\n<p>Contacto:<\/p>\n<p><a href=\"mailto:patinadero@hotmail.com\" target=\"_blank\" rel=\"noreferrer noopener\">patinadero@hotmail.com<\/a><\/p>\n","protected":false},"excerpt":{"rendered":"<p>EL PATINADERO Juan Antonio Montoya B\u00e1ez El evento de \u00abDifzania\u00bb el pasado fin de semana pudo haber pasado por una inocente convivencia social, pero en la pol\u00edtica tamaulipeca no existen las casualidades. Detr\u00e1s de las risas infantiles, el gobernador\u00a0AM\u00c9RICO VILLARREAL ANAYA\u00a0no solo midi\u00f3 su popularidad con \u00e9xito, sino que aprovech\u00f3 el escaparate para lucir a [&hellip;]<\/p>\n","protected":false},"author":1,"featured_media":213846,"comment_status":"closed","ping_status":"closed","sticky":false,"template":"","format":"standard","meta":{"footnotes":""},"categories":[16],"tags":[],"class_list":["post-222085","post","type-post","status-publish","format-standard","has-post-thumbnail","hentry","category-opinion"],"_links":{"self":[{"href":"https:\/\/www.elsinodaldetamaulipas.com.mx\/index.php?rest_route=\/wp\/v2\/posts\/222085","targetHints":{"allow":["GET"]}}],"collection":[{"href":"https:\/\/www.elsinodaldetamaulipas.com.mx\/index.php?rest_route=\/wp\/v2\/posts"}],"about":[{"href":"https:\/\/www.elsinodaldetamaulipas.com.mx\/index.php?rest_route=\/wp\/v2\/types\/post"}],"author":[{"embeddable":true,"href":"https:\/\/www.elsinodaldetamaulipas.com.mx\/index.php?rest_route=\/wp\/v2\/users\/1"}],"replies":[{"embeddable":true,"href":"https:\/\/www.elsinodaldetamaulipas.com.mx\/index.php?rest_route=%2Fwp%2Fv2%2Fcomments&post=222085"}],"version-history":[{"count":1,"href":"https:\/\/www.elsinodaldetamaulipas.com.mx\/index.php?rest_route=\/wp\/v2\/posts\/222085\/revisions"}],"predecessor-version":[{"id":222086,"href":"https:\/\/www.elsinodaldetamaulipas.com.mx\/index.php?rest_route=\/wp\/v2\/posts\/222085\/revisions\/222086"}],"wp:featuredmedia":[{"embeddable":true,"href":"https:\/\/www.elsinodaldetamaulipas.com.mx\/index.php?rest_route=\/wp\/v2\/media\/213846"}],"wp:attachment":[{"href":"https:\/\/www.elsinodaldetamaulipas.com.mx\/index.php?rest_route=%2Fwp%2Fv2%2Fmedia&parent=222085"}],"wp:term":[{"taxonomy":"category","embeddable":true,"href":"https:\/\/www.elsinodaldetamaulipas.com.mx\/index.php?rest_route=%2Fwp%2Fv2%2Fcategories&post=222085"},{"taxonomy":"post_tag","embeddable":true,"href":"https:\/\/www.elsinodaldetamaulipas.com.mx\/index.php?rest_route=%2Fwp%2Fv2%2Ftags&post=222085"}],"curies":[{"name":"wp","href":"https:\/\/api.w.org\/{rel}","templated":true}]}}