{"id":222087,"date":"2026-04-28T16:12:18","date_gmt":"2026-04-28T20:12:18","guid":{"rendered":"https:\/\/www.elsinodaldetamaulipas.com.mx\/?p=222087"},"modified":"2026-04-28T16:12:18","modified_gmt":"2026-04-28T20:12:18","slug":"regreso-a-la-escuela","status":"publish","type":"post","link":"https:\/\/www.elsinodaldetamaulipas.com.mx\/?p=222087","title":{"rendered":"REGRESO A LA ESCUELA"},"content":{"rendered":"<p><em><strong>Por Oscar D\u00edaz Salazar<\/strong><\/em><\/p>\n<p>En eso que don Daniel Cossio Villegas defin\u00eda como el estilo personal de gobernar, en el caso del doctor Am\u00e9rico Villarreal Anaya, por su frecuencia, la importancia que le otorga y la certeza de que ocurrir\u00e1, destaca la ceremonia c\u00edvica \/ pol\u00edtica de honores a la bandera, que lunes tras lunes preside el gobernador.<\/p>\n<p>Los honores a la bandera, por ser un evento programado, bastante predecible y con un formato que no permite muchas variantes, ya no \u201ces nota\u201d, ya no es materia para los comunicadores y comentaristas que se ocupan de los quehaceres y decires de los gobernantes.<\/p>\n<p>En el caso de los honores a la bandera celebrados el lunes 27 de abril en la escuela primaria Rep\u00fablica de M\u00e9xico, de Ciudad Victoria, considero que fue muy importante y exitoso el regreso a los or\u00edgenes de esta pr\u00e1ctica que es habitual en las instituciones educativas de nivel b\u00e1sico en nuestro pa\u00eds.<\/p>\n<p>El Doctor Miguel \u00c1ngel Valdez, secretario de Educaci\u00f3n en Tamaulipas, tuvo el acierto de fungir como anfitri\u00f3n de los honores a la bandera de la semana en curso, precisamente en la c\u00e9lula b\u00e1sica de la dependencia que dirige, en una escuela primaria, y ya no en un recinto cerrado o en la explanada del edificio sede de la SET, con bur\u00f3cratas como p\u00fablico y como protagonistas del acto.<\/p>\n<p><img loading=\"lazy\" decoding=\"async\" class=\"aligncenter wp-image-222089 size-full\" src=\"https:\/\/www.elsinodaldetamaulipas.com.mx\/wp-content\/uploads\/2026\/04\/REGRESO-2.jpg\" alt=\"\" width=\"1600\" height=\"920\" srcset=\"https:\/\/www.elsinodaldetamaulipas.com.mx\/wp-content\/uploads\/2026\/04\/REGRESO-2.jpg 1600w, https:\/\/www.elsinodaldetamaulipas.com.mx\/wp-content\/uploads\/2026\/04\/REGRESO-2-300x173.jpg 300w, https:\/\/www.elsinodaldetamaulipas.com.mx\/wp-content\/uploads\/2026\/04\/REGRESO-2-1024x589.jpg 1024w, https:\/\/www.elsinodaldetamaulipas.com.mx\/wp-content\/uploads\/2026\/04\/REGRESO-2-768x442.jpg 768w, https:\/\/www.elsinodaldetamaulipas.com.mx\/wp-content\/uploads\/2026\/04\/REGRESO-2-1536x883.jpg 1536w\" sizes=\"auto, (max-width: 1600px) 100vw, 1600px\" \/><\/p>\n<p>La comunidad escolar de la primaria Rep\u00fablica de M\u00e9xico fue acompa\u00f1ada en esta semana por personalidades como los representantes del poder ejecutivo, legislativo y judicial del Estado, y de la m\u00e1xima autoridad estatal en materia educativa, contando tambi\u00e9n con el representante sindical del gremio magisterial.<\/p>\n<p>Aunque parezca algo tan obvio, evidente y simple, es muy valioso, y hasta necesario, que los funcionarios p\u00fablicos no olviden cu\u00e1l es la parte sustantiva de su trabajo, no olviden a quien se deben y para quien trabajan, y por eso me parece un gran acierto que el titular de la SET propicie este regreso a las aulas de las m\u00e1ximas autoridades de Tamaulipas.<\/p>\n<p>Espero que se vuelva una costumbre, una buena costumbre, la interacci\u00f3n de los gobernantes con las comunidades educativas, para estimular el nacionalismo, y para colaborar en el desarrollo todas las facultades de los estudiantes, tanto en lo individual como en lo colectivo.<\/p>\n<p>Puede usted pensar que es rid\u00edculo hacer el elogio de las autoridades por visitar una escuela. En mi defensa dir\u00e9 que no hay manual, teor\u00eda ni estrategia que sea m\u00e1s valiosa y \u00fatil que el contacto directo con la realidad, y en materia educativa, la realidad que importa ocurre en las escuelas.<\/p>\n","protected":false},"excerpt":{"rendered":"<p>Por Oscar D\u00edaz Salazar En eso que don Daniel Cossio Villegas defin\u00eda como el estilo personal de gobernar, en el caso del doctor Am\u00e9rico Villarreal Anaya, por su frecuencia, la importancia que le otorga y la certeza de que ocurrir\u00e1, destaca la ceremonia c\u00edvica \/ pol\u00edtica de honores a la bandera, que lunes tras lunes [&hellip;]<\/p>\n","protected":false},"author":1,"featured_media":222088,"comment_status":"closed","ping_status":"closed","sticky":false,"template":"","format":"standard","meta":{"footnotes":""},"categories":[16],"tags":[],"class_list":["post-222087","post","type-post","status-publish","format-standard","has-post-thumbnail","hentry","category-opinion"],"_links":{"self":[{"href":"https:\/\/www.elsinodaldetamaulipas.com.mx\/index.php?rest_route=\/wp\/v2\/posts\/222087","targetHints":{"allow":["GET"]}}],"collection":[{"href":"https:\/\/www.elsinodaldetamaulipas.com.mx\/index.php?rest_route=\/wp\/v2\/posts"}],"about":[{"href":"https:\/\/www.elsinodaldetamaulipas.com.mx\/index.php?rest_route=\/wp\/v2\/types\/post"}],"author":[{"embeddable":true,"href":"https:\/\/www.elsinodaldetamaulipas.com.mx\/index.php?rest_route=\/wp\/v2\/users\/1"}],"replies":[{"embeddable":true,"href":"https:\/\/www.elsinodaldetamaulipas.com.mx\/index.php?rest_route=%2Fwp%2Fv2%2Fcomments&post=222087"}],"version-history":[{"count":1,"href":"https:\/\/www.elsinodaldetamaulipas.com.mx\/index.php?rest_route=\/wp\/v2\/posts\/222087\/revisions"}],"predecessor-version":[{"id":222090,"href":"https:\/\/www.elsinodaldetamaulipas.com.mx\/index.php?rest_route=\/wp\/v2\/posts\/222087\/revisions\/222090"}],"wp:featuredmedia":[{"embeddable":true,"href":"https:\/\/www.elsinodaldetamaulipas.com.mx\/index.php?rest_route=\/wp\/v2\/media\/222088"}],"wp:attachment":[{"href":"https:\/\/www.elsinodaldetamaulipas.com.mx\/index.php?rest_route=%2Fwp%2Fv2%2Fmedia&parent=222087"}],"wp:term":[{"taxonomy":"category","embeddable":true,"href":"https:\/\/www.elsinodaldetamaulipas.com.mx\/index.php?rest_route=%2Fwp%2Fv2%2Fcategories&post=222087"},{"taxonomy":"post_tag","embeddable":true,"href":"https:\/\/www.elsinodaldetamaulipas.com.mx\/index.php?rest_route=%2Fwp%2Fv2%2Ftags&post=222087"}],"curies":[{"name":"wp","href":"https:\/\/api.w.org\/{rel}","templated":true}]}}