{"id":222100,"date":"2026-04-28T18:48:27","date_gmt":"2026-04-28T22:48:27","guid":{"rendered":"https:\/\/www.elsinodaldetamaulipas.com.mx\/?p=222100"},"modified":"2026-04-28T18:48:27","modified_gmt":"2026-04-28T22:48:27","slug":"reynosa-bronco","status":"publish","type":"post","link":"https:\/\/www.elsinodaldetamaulipas.com.mx\/?p=222100","title":{"rendered":"REYNOSA BRONCO"},"content":{"rendered":"<p>REYNOSA SE COLOCO entre las 5 ciudades del pa\u00eds con la mayor percepci\u00f3n de temor ciudadano a vivir en su ciudad. 86.1%, es decir 8 de cada 10 reynosenses admitieron temor de vivir en esta frontera. Solo por debajo de Irapuato Guanajuato, Guadalajara Jalisco, Ecatepec Estado de Mexico y Uruapan Michoac\u00e1n.<br \/>\nDESDE HACE A\u00d1O Y MEDIO. Reynosa es la ciudad de Tamaulipas con la mayor percepci\u00f3n de temor ciudadano, frente a una violencia sin control y en donde como letan\u00eda el Gobierno Municipal se ha distanciado y fijado su postura: \u201cEl tema de inseguridad, no es nuestra competencia\u201d.<br \/>\nEL ARTICULO 115 CONSTICIONAL es algo vago para el Ayuntamiento de Reynosa, en donde no hay certeza que refiere dicho articulado, respecto a las obligaciones de los Ayuntamientos Municipales.<br \/>\nREYNOSA HOY ATRAVIESA una constante de hechos de violencia, cr\u00edmenes y desapariciones, que solo suman a las estad\u00edsticas rojas, y en donde no hay consuelo para las familias de esas v\u00edctimas que a diario enfrentan una realidad que choca con el ambiente de \u201cferia\u201d permanente que en Reynosa se ha impuesto.<br \/>\nEN \u201cMAKILANDIA\u201d NADA debe desentonar. Todo \u2013incluyendo el manejo de los \u201cmedios\u201d debe ir en sentido de que \u201caqu\u00ed no pasa nada\u201d y solo debe importar y merecer espacios el \u201cpan y circo\u201d con que se tiene anestesiados a los reynosenses.<br \/>\nAQU\u00cd NO HAY MARGEN para asombrarse frente a la barbarie de los cr\u00edmenes contra mujeres, mucho menos horrorizarse ante las desapariciones y robos en las narices de Palacio Municipal. Solo debe ocuparse el tiempo en festinar las diversiones y distractores que se lanzan desde la narrativa oficial.<br \/>\nBAJO ESA ACTITUD de indiferencia y evasi\u00f3n de la realidad diaria, es entonces comprensible que en las mediciones de percepci\u00f3n ciudadana y temor. Reynosa sea una ciudad \u201creprobada\u201d, en donde es prioridad el entretenimiento distractor que la protecci\u00f3n y seguridad, esa que no se reclama ni duele a nadie. Hasta que los toque.<br \/>\nCARLOS GUTIERREZ. Presidente de la C\u00e1mara Nacional de la Industria Restaurantera y Alimentos Condimentados (Canirac) en Reynosa, nos confirm\u00f3 ayer en entrevista que, tras el terrible feminicidio de una empleada de un restaurante local, se ha impuesto una especial atencion, reforzamiento en medidas de seguridad, control y evaluaci\u00f3n de los trabajadores.<br \/>\n\u201cESTA TRAGEDIA NO EJEMPLIFICA\u201d al sector restaurantero- aclar\u00f3-, pero el horror empleado en el crimen, impone profundas reflexiones y acciones para prevenir que JAMAS se vuelva a repetir.<br \/>\nHACE UNA SEMANA. La Presidenta CLAUDIA SHEINBAUM PARDO asisti\u00f3 a una Cumbre de Progresistas en Barcelona Espa\u00f1a. Para no variar, la mandataria efectu\u00f3 una defensa a ultranza de CRISTINA KIRCHNER, ex presidenta de Argentina en prisi\u00f3n por peculado, malversaci\u00f3n de fondos y corrupci\u00f3n.<br \/>\nEL PASADO FIN DE SEMANA. El Gobierno der Argentina de JAVIER MILEI le regres\u00f3 \u201cla copa\u201d a la Presidenta de Mexico y vaya de qu\u00e9 forma al anunciar la detenci\u00f3n del Almirante FERNANDO FARIAS LAGUNA, involucrado en aquella red de distribuci\u00f3n de combustible il\u00edcito en el pa\u00eds denominado \u201cHuachicol\u201d.<br \/>\nVAYA REVIRE DE MILEI A SHEINBAUM. Ya que el mando naval detenido y sujeto a investigaci\u00f3n, se ha negado Argentina a deportarlo a Mexico, por el contrario, es un personaje con informaci\u00f3n clave para rastrear la red de huachicoleo en Mexico y sobretodo posee informaci\u00f3n que pudiera llevar a l\u00edneas de investigaci\u00f3n en contra de pol\u00edticos de MORENA.<br \/>\nAYER INICIO LA SEMANA con un \u00e1nimo g\u00e9lido en muchos de alto nivel de la pol\u00edtica y gobierno, ante lo que venga con lo que declare el detenido en el pa\u00eds de America del Sur.<br \/>\n\u00a1\u00a1POR FIN!!. SE MARCHO de Reynosa y nos deja con un gran vac\u00edo JULIO CESAR CHAVEZ ex \u2013 campe\u00f3n mundial y su JUNIOR, asi como todo el sequito de manejadores, entrenadores, asistentes, equipo, staff y \u201cgorrones\u201d que durante tres semanas vivieron del erario de la ciudad. De la funci\u00f3n de box \u201cextraordinaria\u201d, mejor ni hablar, fue un ROTUNDO FRACASO.<br \/>\nLULI PAMPIN, la millonaria artista infantil de Argentina, tambi\u00e9n se ha marchado, tras su presentaci\u00f3n. Sin duda alguna NO HABREMOS DE ESPERAR MUCHO para que pronto el Ayuntamiento de Reynosa nos anuncie y presente sus nuevas cortinas de humo para mantener adormecidos a los reynosenses y solo ocuparse en el circo, maroma y teatro y no en la terrible realidad.<br \/>\nADELANTE VEAMOS que tenemos listo en la pista n\u00famero dos del circo.<\/p>\n","protected":false},"excerpt":{"rendered":"<p>REYNOSA SE COLOCO entre las 5 ciudades del pa\u00eds con la mayor percepci\u00f3n de temor ciudadano a vivir en su ciudad. 86.1%, es decir 8 de cada 10 reynosenses admitieron temor de vivir en esta frontera. Solo por debajo de Irapuato Guanajuato, Guadalajara Jalisco, Ecatepec Estado de Mexico y Uruapan Michoac\u00e1n. DESDE HACE A\u00d1O Y [&hellip;]<\/p>\n","protected":false},"author":1,"featured_media":212074,"comment_status":"closed","ping_status":"closed","sticky":false,"template":"","format":"standard","meta":{"footnotes":""},"categories":[16,1],"tags":[],"class_list":["post-222100","post","type-post","status-publish","format-standard","has-post-thumbnail","hentry","category-opinion","category-portada"],"_links":{"self":[{"href":"https:\/\/www.elsinodaldetamaulipas.com.mx\/index.php?rest_route=\/wp\/v2\/posts\/222100","targetHints":{"allow":["GET"]}}],"collection":[{"href":"https:\/\/www.elsinodaldetamaulipas.com.mx\/index.php?rest_route=\/wp\/v2\/posts"}],"about":[{"href":"https:\/\/www.elsinodaldetamaulipas.com.mx\/index.php?rest_route=\/wp\/v2\/types\/post"}],"author":[{"embeddable":true,"href":"https:\/\/www.elsinodaldetamaulipas.com.mx\/index.php?rest_route=\/wp\/v2\/users\/1"}],"replies":[{"embeddable":true,"href":"https:\/\/www.elsinodaldetamaulipas.com.mx\/index.php?rest_route=%2Fwp%2Fv2%2Fcomments&post=222100"}],"version-history":[{"count":1,"href":"https:\/\/www.elsinodaldetamaulipas.com.mx\/index.php?rest_route=\/wp\/v2\/posts\/222100\/revisions"}],"predecessor-version":[{"id":222101,"href":"https:\/\/www.elsinodaldetamaulipas.com.mx\/index.php?rest_route=\/wp\/v2\/posts\/222100\/revisions\/222101"}],"wp:featuredmedia":[{"embeddable":true,"href":"https:\/\/www.elsinodaldetamaulipas.com.mx\/index.php?rest_route=\/wp\/v2\/media\/212074"}],"wp:attachment":[{"href":"https:\/\/www.elsinodaldetamaulipas.com.mx\/index.php?rest_route=%2Fwp%2Fv2%2Fmedia&parent=222100"}],"wp:term":[{"taxonomy":"category","embeddable":true,"href":"https:\/\/www.elsinodaldetamaulipas.com.mx\/index.php?rest_route=%2Fwp%2Fv2%2Fcategories&post=222100"},{"taxonomy":"post_tag","embeddable":true,"href":"https:\/\/www.elsinodaldetamaulipas.com.mx\/index.php?rest_route=%2Fwp%2Fv2%2Ftags&post=222100"}],"curies":[{"name":"wp","href":"https:\/\/api.w.org\/{rel}","templated":true}]}}