{"id":222103,"date":"2026-04-28T20:30:44","date_gmt":"2026-04-29T00:30:44","guid":{"rendered":"https:\/\/www.elsinodaldetamaulipas.com.mx\/?p=222103"},"modified":"2026-04-28T20:30:44","modified_gmt":"2026-04-29T00:30:44","slug":"la-frontera-sigue-resistiendo-construyendo","status":"publish","type":"post","link":"https:\/\/www.elsinodaldetamaulipas.com.mx\/?p=222103","title":{"rendered":"LA FRONTERA SIGUE RESISTIENDO, CONSTRUYENDO"},"content":{"rendered":"<p>EN CONCRETO<br \/>\nPor Blanca Leticia Guerra<\/p>\n<p>Es bien sabido que en las \u00faltimas d\u00e9cadas el tema de seguridad ha sido la pata de palo<br \/>\nde todos los gobiernos, pero una cosa es no lograr controlar el problema y otra muy<br \/>\ndistinta que se hagan los occisos con el tema y ademas informen que \u201cla situaci\u00f3n se<br \/>\nencuentra plenamente normalizada\u201d\u2026 pues no es as\u00ed, al menos no en Reynosa.<br \/>\nDesafortunadamente la ola de violencia que se ha vivido en Tamaulipas desde hace<br \/>\ncasi dos d\u00e9cadas ha dejado much\u00edsimos estragos, \u201cda\u00f1os colaterales\u201d les llamaba<br \/>\nFelipe Calderon, y aunque es verdad que la situaci\u00f3n a veces pierde intensidad, estas<br \/>\n\u00faltimas semanas se ha recrudecido el conflicto.<br \/>\nEs alarmante que esta especie de repudio que el gobernador ha mostrado hacia<br \/>\nReynosa desde que lleg\u00f3 al poder y que hemos podido, los que s\u00ed vivimos aqu\u00ed, ser<br \/>\ntestigos, se extienda tambi\u00e9n a lo que tiene que ver con seguridad.<br \/>\nLa noche de este lunes, cuando apenas en la ma\u00f1ana el gobernador dec\u00eda que la<br \/>\nsituaci\u00f3n presentada esa misma madrugada que inclu\u00eda balaceras, bloqueos, llantas<br \/>\nquemadas y m\u00e1s, ya se encontraba normalizada, la ciudadan\u00eda empez\u00f3 a reportar en<br \/>\nredes sus zonas porque ya estaban otra vez las balaceras y ponchallantas regados por<br \/>\ndiferentes colonias.<br \/>\nLo \u00fanico que est\u00e1 normalizado es la mirada con la que enfocan a Reynosa los altos<br \/>\nmandos, como si con decirlo se volviera realidad\u2026<br \/>\n\u00bfEs Reynosa el municipio olvidado por el gobernador? Evidentemente la pregunta es<br \/>\nret\u00f3rica, porque mientras desde el gobierno estatal se insiste en proyectar la idea de un<br \/>\nTamaulipas seguro y con las situaciones de riesgo bajo control, en Reynosa la realidad<br \/>\nsigue desmintiendo ese discurso.<br \/>\nHan existido peticiones del alcalde, exigencias ciudadanas, pronunciamientos de<br \/>\ncolectivos de b\u00fasqueda y, aun as\u00ed, poco ha cambiado, como si la problem\u00e1tica no fuera<br \/>\nla que realmente es, porque no estamos hablando de simples \u201cda\u00f1os colaterales\u201d,<br \/>\ncomo durante a\u00f1os quiso normalizarse desde ciertos gobiernos, estamos hablando de<br \/>\npersonas con nombre y apellido que desaparecen o matan frente a sus hijos, de<\/p>\n<p>familias enteras que se esconden en el ba\u00f1o de sus casas para no exponerse a las<br \/>\nbalaceras que ocurren ah\u00ed, en sus banquetas; hablamos de la tranquilidad de toda una<br \/>\nciudad que sigue esperando acciones concretas.<br \/>\nY sin embargo la vida contin\u00faa, las personas, los de a pie, tenemos que salir a trabajar,<br \/>\na hacer el s\u00faper, a llevar a los ni\u00f1os a las escuelas\u2026 Reynosa continua\u2026<br \/>\nEste fin de semana se llevaron a cabo dos eventos para el divertimento de la familia<br \/>\nque contaron con gran audiencia; por una parte la presentaci\u00f3n de la cantante<br \/>\nargentina Luli Pamp\u00edn, que reuni\u00f3 a m\u00e1s de 15 mil personas en el Polideportivo durante<br \/>\nlos festejos por el D\u00eda del Ni\u00f1o organizados por el alcalde Carlos Pe\u00f1a Ortiz a trav\u00e9s<br \/>\nGobierno de Reynosa.<br \/>\nEl dato realmente importante fue que miles de ni\u00f1as y ni\u00f1os se reunieron para cantar<br \/>\njuntos, sus padres estuvieron ah\u00ed, acompa\u00f1\u00e1ndolos y, por unas horas, esta ciudad<br \/>\nacostumbrada a vivir entre alertas y sobresaltos, se enfoc\u00f3 \u00fanicamente en la alegr\u00eda de<br \/>\nsus infancias.<br \/>\nY es que hay que decirlo: este tipo de acciones NO RESUELVEN LOS PROBLEMAS<br \/>\nESTRUCTURALES DE SEGURIDAD, pero s\u00ed cumplen una funci\u00f3n social que muchas<br \/>\nveces se minimiza: una ciudad tambi\u00e9n necesita espacios de convivencia sana,<br \/>\nmomentos de encuentro familiar y referentes distintos para sus ni\u00f1os, especialmente<br \/>\ncuando han crecido en contextos como el nuestro. Estas infancias, las que nacieron<br \/>\ncon esta problem\u00e1tica presente en sus vidas, tambi\u00e9n merecen recuerdos luminosos.<br \/>\nEl segundo evento fue la pelea de box entre Julio C\u00e9sar Ch\u00e1vez Jr. contra Jhon<br \/>\nCaicedo, que reuni\u00f3 a m\u00e1s de 10 mil personas en el parque Adolfo L\u00f3pez Mateos en<br \/>\nuna noche que tambi\u00e9n convirti\u00f3 al deporte en punto de encuentro para miles de<br \/>\nfamilias reynosenses.<br \/>\nPero quiz\u00e1 lo m\u00e1s valioso ocurri\u00f3 antes de subir al ring, cuando Julio C\u00e9sar Ch\u00e1vez, el<br \/>\nex campe\u00f3n, visit\u00f3 escuelas, convivi\u00f3 con j\u00f3venes deportistas y habl\u00f3 sobre su<br \/>\nexperiencia de vida en el box y de c\u00f3mo el deporte puede convertirse en una ruta<br \/>\ndistinta frente a la delincuencia o la drogadicci\u00f3n.<br \/>\nY ah\u00ed est\u00e1 el punto de fondo: una infancia ocupada en el arte, la cultura o el deporte<br \/>\ntiene m\u00e1s herramientas para construir proyectos de vida lejos de la violencia. Mientras<br \/>\nel estado sigue fallando en garantizar seguridad plena, desde lo municipal se est\u00e1n<br \/>\ngenerando espacios que apuestan por algo igual de importante: darle a ni\u00f1os y j\u00f3venes<br \/>\nrazones para imaginar un futuro distinto.<\/p>\n<p>Y en esa misma l\u00f3gica vale la pena mirar lo ocurrido en Matamoros, donde el Gobierno<br \/>\nMunicipal encabezado por el alcalde Beto Granados, reuni\u00f3 a m\u00e1s de ocho mil<br \/>\npersonas en DIFZANIA, una jornada pensada para la convivencia familiar a trav\u00e9s del<br \/>\njuego, din\u00e1micas recreativas y actividades deportivas para ni\u00f1as y ni\u00f1os.<br \/>\nEn tiempos donde la conversaci\u00f3n p\u00fablica suele centrarse \u00fanicamente en crisis y<br \/>\nconfrontaci\u00f3n, estos espacios tambi\u00e9n cumplen una funci\u00f3n social importante.<br \/>\nY fue acertado el enfoque que Anita Granados, presidenta del Sistema DIF, dio al<br \/>\nevento al recordar que los verdaderos h\u00e9roes de los ni\u00f1os suelen estar dentro de casa,<br \/>\nnosotros somos su ejemplo, padres, abuelas, hermanos y t\u00edas que sostienen, educan y<br \/>\nacompa\u00f1an.<br \/>\nY es que en estos tiempos donde la virtualidad suele saturarnos de informaci\u00f3n y las<br \/>\ninfancias suelen volcarse en ellas, regresar el valor a la familia como primer espacio de<br \/>\ncontenci\u00f3n emocional y formaci\u00f3n social resulta un mensaje contundente. Tambi\u00e9n ah\u00ed<br \/>\ncomienza la construcci\u00f3n de ciudadanos m\u00e1s sanos y comunidades m\u00e1s fuertes.<br \/>\nMientras algunos siguen midiendo resultados \u00fanicamente en cifras, prensa y<br \/>\ndeclaraciones fuera de la realidad, la frontera sigue avanzando, resistiendo desde lo<br \/>\ncotidiano.<br \/>\n\u00bfO usted qu\u00e9 piensa?<\/p>\n","protected":false},"excerpt":{"rendered":"<p>EN CONCRETO Por Blanca Leticia Guerra Es bien sabido que en las \u00faltimas d\u00e9cadas el tema de seguridad ha sido la pata de palo de todos los gobiernos, pero una cosa es no lograr controlar el problema y otra muy distinta que se hagan los occisos con el tema y ademas informen que \u201cla situaci\u00f3n [&hellip;]<\/p>\n","protected":false},"author":1,"featured_media":164191,"comment_status":"closed","ping_status":"closed","sticky":false,"template":"","format":"standard","meta":{"footnotes":""},"categories":[16],"tags":[],"class_list":["post-222103","post","type-post","status-publish","format-standard","has-post-thumbnail","hentry","category-opinion"],"_links":{"self":[{"href":"https:\/\/www.elsinodaldetamaulipas.com.mx\/index.php?rest_route=\/wp\/v2\/posts\/222103","targetHints":{"allow":["GET"]}}],"collection":[{"href":"https:\/\/www.elsinodaldetamaulipas.com.mx\/index.php?rest_route=\/wp\/v2\/posts"}],"about":[{"href":"https:\/\/www.elsinodaldetamaulipas.com.mx\/index.php?rest_route=\/wp\/v2\/types\/post"}],"author":[{"embeddable":true,"href":"https:\/\/www.elsinodaldetamaulipas.com.mx\/index.php?rest_route=\/wp\/v2\/users\/1"}],"replies":[{"embeddable":true,"href":"https:\/\/www.elsinodaldetamaulipas.com.mx\/index.php?rest_route=%2Fwp%2Fv2%2Fcomments&post=222103"}],"version-history":[{"count":1,"href":"https:\/\/www.elsinodaldetamaulipas.com.mx\/index.php?rest_route=\/wp\/v2\/posts\/222103\/revisions"}],"predecessor-version":[{"id":222111,"href":"https:\/\/www.elsinodaldetamaulipas.com.mx\/index.php?rest_route=\/wp\/v2\/posts\/222103\/revisions\/222111"}],"wp:featuredmedia":[{"embeddable":true,"href":"https:\/\/www.elsinodaldetamaulipas.com.mx\/index.php?rest_route=\/wp\/v2\/media\/164191"}],"wp:attachment":[{"href":"https:\/\/www.elsinodaldetamaulipas.com.mx\/index.php?rest_route=%2Fwp%2Fv2%2Fmedia&parent=222103"}],"wp:term":[{"taxonomy":"category","embeddable":true,"href":"https:\/\/www.elsinodaldetamaulipas.com.mx\/index.php?rest_route=%2Fwp%2Fv2%2Fcategories&post=222103"},{"taxonomy":"post_tag","embeddable":true,"href":"https:\/\/www.elsinodaldetamaulipas.com.mx\/index.php?rest_route=%2Fwp%2Fv2%2Ftags&post=222103"}],"curies":[{"name":"wp","href":"https:\/\/api.w.org\/{rel}","templated":true}]}}