{"id":222114,"date":"2026-04-28T21:29:36","date_gmt":"2026-04-29T01:29:36","guid":{"rendered":"https:\/\/www.elsinodaldetamaulipas.com.mx\/?p=222114"},"modified":"2026-04-28T21:29:36","modified_gmt":"2026-04-29T01:29:36","slug":"mucha-lana-para-salvar-comapas","status":"publish","type":"post","link":"https:\/\/www.elsinodaldetamaulipas.com.mx\/?p=222114","title":{"rendered":"MUCHA LANA PARA SALVAR COMAPAS"},"content":{"rendered":"<p>TIIEMPO Y ESPACIO<br \/>\n<em><strong>Por Jaime Luis Soto.<\/strong><\/em><\/p>\n<p>Impresionante la cifra que mencion\u00f3 el Secretario de Recursos Hidr\u00e1ulicos, RA\u00daL QUIROGA \u00c1LVAREZ, para que Tamaulipas salga<br \/>\nde la crisis del agua: Dijo que se requieren, m\u00ednimo, \u00a145 mil millones de pesos!<br \/>\nEs, por supuesto, much\u00edsima lana\u2026<br \/>\nLana que se requiere para mejorar al m\u00e1ximo la infraestructura h\u00eddrica en la geograf\u00eda tamaulipeca, seg\u00fan lo advirti\u00f3 QUIROGA este<br \/>\nmartes.<br \/>\nAh, y en esa danza de miles de millones se incluyen a las muy pol\u00e9micas COMAPAS que, dijo, requieren alrededor de 25 mil<br \/>\nmillones de pesotes para sacarlas de la quiebra en que se encuentran.<br \/>\nSolo una COMAPA se salva: La de Nuevo Laredo en donde gobierna CARMEN LILIA CANTUROSAS y en donde el organismo municipal<br \/>\noperador del agua es el \u00fanico, de todo el Estado, que no tienen problemas financieros.<br \/>\nLas dem\u00e1s operan con n\u00fameros rojos. Y tienen tantas deudas que hasta espantan. Rescatarlas, como ya lo advirti\u00f3 QUIROGA, requiere de una cantidad multimillonaria de recursos p\u00fablicos.<br \/>\nY, para acabarla de amolar: Seg\u00fan los especialistas en asuntos clim\u00e1ticos, para este 2026 se esperan devastadoras sequ\u00edas que<br \/>\npueden secar presas, r\u00edos, lagunas y mantos acu\u00edferos subterr\u00e1neos.<br \/>\nAdem\u00e1s de escasez de lluvias\u2026<\/p>\n<p>Ello implicar\u00e1 m\u00e1s inversi\u00f3n para conseguir agua y as\u00ed garantizar su abasto a la poblaci\u00f3n tamaulipeca.<br \/>\nLo hemos escrito: Las crisis que viven las COMAPAS no aparecieron por arte de magia ni por obra y gracia del Esp\u00edritu Santo.<br \/>\nNada de eso.<br \/>\nDesde hace muchos a\u00f1os, quienes fungieron como gerentes de esos organismos simple y sencillamente rellenaron de lana sus<br \/>\nbolsillos y es fecha que viven en la opulencia y la impunidad.<\/p>\n<p>Ser\u00eda harto interesante el saber cu\u00e1ndo prescriben los presuntos saqueos que se hayan hecho en las COMAPAS y que la instancia de<br \/>\ninvestigar sus cuentas, la ASE que dirige FRANCISCO NORIEGA OROZCO, diga si ya hay denuncias concretas o no al respecto.<br \/>\nHace poco dijo que ya hay procesos en marcha en contra de algunos exgerentes, pero por el sigilo de las investigaciones no se<br \/>\ndan detalles ni mucho menos nombres de los presuntos implicados.<br \/>\nPero la neta, las y los tamaulipecos est\u00e1n ansiosos de ver pronto a no pocos de esos exgerentes de COMAPAS, que presuntamente<br \/>\nagarraron lana ajena, en el fresco bote.<br \/>\nY que regresen lo que se clavaron. Hasta el \u00faltimo centavo\u2026 Porque no se vale que haya exgerentes de COMAPAS que anden<br \/>\nmuy campechanamente pase\u00e1ndose por muchos lugares de M\u00e9xico y los Estados Unidos mientras los organismos que dirigieron est\u00e1n<br \/>\nen terapia intensiva.<br \/>\nEn bancarrota total\u2026<br \/>\nPor lo pronto: Don RA\u00daL QUIROGA, en su comparecencia ante las y los diputados que dirige HUMBERTO PRIETO HERRERA, dijo que se requieren alrededor de 25 mil melones para sacar a las COMAPAS de la tremenda crisis que sufren.<br \/>\n\u00a1Uffff! \u00bfDe d\u00f3nde van a conseguir tanta lana\u2026?<br \/>\nMejor comentemos que el gobernador AM\u00c9RICO VILLARREAL ANAYA, present\u00f3 al nuevo titular de la Agencia Nacional de<br \/>\nAduanas de M\u00e9xico, H\u00c9CTOR ALONSO ROMERO GUTI\u00c9RREZ, los\u00a0 proyectos estrat\u00e9gicos como el Puerto Interior de Tamaulipas y la<br \/>\nAdministraci\u00f3n Portuaria Integral de Matamoros.<br \/>\nProyectos que, dijo, siguen avanzando de la mano del Gobierno de M\u00e9xico, que encabeza la presidenta CLAUDIA SHEINBAUM, para<br \/>\ngenerar desarrollo y bienestar para las y los tamaulipecos.<br \/>\nDurante una reuni\u00f3n de trabajo, este martes, el gobernador del estado puso de manifiesto la importancia y trascendencia de la contribuci\u00f3n de Tamaulipas.<br \/>\nQue destaca como el estado con mayor flujo comercial entre M\u00e9xico y Estados Unidos, a trav\u00e9s de los 19 cruces internacionales<br \/>\na lo largo de la frontera norte.<br \/>\nRespecto al Puerto del Norte de Matamoros, el mandatario tamaulipeco expuso el Proyecto Integral de la Aduana de la API<br \/>\nMatamoros, incluyendo la exposici\u00f3n ejecutiva del dise\u00f1o de la secci\u00f3n aduanera (edificio de aduana y ruta fiscal), vialidades, capacidad y flujo de carga.<\/p>\n<p>As\u00ed como tipos de carga a operar e ingresos proyectados. Y en el marco del D\u00eda Internacional de la Danza, la UAT celebr\u00f3 la expresi\u00f3n corporal con un encuentro que reuni\u00f3 al talento universitario, exaltando el arte y la vinculaci\u00f3n de la instituci\u00f3n.<\/p>\n<p>Mire usted que el rector de la UAT, D\u00c1MASO ANAYA ALVARADO, junto con su esposa, ISOLDA REND\u00d3N DE ANAYA, encabez\u00f3 el<br \/>\nfestejo conmemorativo, en el Teatro Amalia Gonz\u00e1lez Caballero de Castillo Led\u00f3n.<br \/>\nEn donde cientos de asistentes disfrutaron de una velada art\u00edstica de ritmo y color, presentada por agrupaciones universitarias y<br \/>\ncompa\u00f1\u00edas de danza de esta capital.<br \/>\nEn su mensaje, D\u00c1MASO ANAYA destac\u00f3 la importancia de generar espacios donde el talento, la creatividad y las expresiones art\u00edsticas<br \/>\nencuentren respaldo institucional para proyectarse hacia la sociedad.<br \/>\nSubray\u00f3 que estas actividades fortalecen la formaci\u00f3n integral del estudiantado, favorecen el desarrollo pleno de la comunidad<br \/>\nuniversitaria y reflejan el compromiso de la UAT por impulsar iniciativas cercanas a la ciudadan\u00eda que promuevan sensibilidad,<br \/>\nparticipaci\u00f3n y cohesi\u00f3n social.<br \/>\nCabe destacar que el rector entreg\u00f3 reconocimientos a los grupos participantes, reconociendo la dedicaci\u00f3n de artistas, docentes y<br \/>\npromotores que contribuyen a fortalecer la vida cultural universitaria.<br \/>\nAsimismo, reconoci\u00f3 el esfuerzo colaborativo que hace posible abrir este tipo de espacios para proyectar el talento, promover la<br \/>\nparticipaci\u00f3n de la comunidad y acercar las manifestaciones art\u00edsticas a p\u00fablicos cada vez m\u00e1s amplios.<br \/>\nConsolidando as\u00ed a la UAT como un referente en la promoci\u00f3n cultural.<br \/>\nY ante las altas temperaturas pronosticadas para los pr\u00f3ximos d\u00edas, la Mesa del Agua Municipal realiz\u00f3 su sesi\u00f3n ordinaria para reforzar estrategias en el abasto de agua y protecci\u00f3n de salud de la poblaci\u00f3n.<br \/>\nEn representaci\u00f3n del alcalde EDUARDO GATT\u00c1S B\u00c1EZ, el secretario del Ayuntamiento HUGO RES\u00c9NDEZ SILVA coordin\u00f3 los trabajos de<br \/>\nla sexta sesi\u00f3n realizada en sala de cabildo, que convoc\u00f3 la participaci\u00f3n de autoridades de CONAGUA, COEPRIS, PROFEPA,<br \/>\nIMSS, CREDE y COMAPA Victoria.<br \/>\nPor acuerdo, se instruy\u00f3 a la COMAPA brindar mayor difusi\u00f3n al programa de tandeo de agua, fortalecer la campa\u00f1a de<br \/>\nsensibilizaci\u00f3n del cuidado y uso del vital l\u00edquido en escuelas.<br \/>\nAs\u00ed como coordinar con Protecci\u00f3n Civil para emitir recomendaciones por la situaci\u00f3n climatol\u00f3gica de las pr\u00f3ximas 72<br \/>\nhoras.<br \/>\nTras ratificar el acuerdo para garantizar el abastecimiento a escuelas y hospitales, la mesa del agua municipal expuso<br \/>\ninformaci\u00f3n de tandeos, niveles de fuentes de abastecimiento,<br \/>\ndisponibilidad del recurso, limpieza de drenes pluviales y alcantarillas y pron\u00f3sticos de ciclones y huracanes.<br \/>\nEs todo por hoy. Muchas gracias por leer.<br \/>\nCorreo electr\u00f3nico:\u00a0jaimeluissoto@hotmail.com<\/p>\n","protected":false},"excerpt":{"rendered":"<p>TIIEMPO Y ESPACIO Por Jaime Luis Soto. Impresionante la cifra que mencion\u00f3 el Secretario de Recursos Hidr\u00e1ulicos, RA\u00daL QUIROGA \u00c1LVAREZ, para que Tamaulipas salga de la crisis del agua: Dijo que se requieren, m\u00ednimo, \u00a145 mil millones de pesos! Es, por supuesto, much\u00edsima lana\u2026 Lana que se requiere para mejorar al m\u00e1ximo la infraestructura h\u00eddrica [&hellip;]<\/p>\n","protected":false},"author":1,"featured_media":214847,"comment_status":"closed","ping_status":"closed","sticky":false,"template":"","format":"standard","meta":{"footnotes":""},"categories":[16],"tags":[],"class_list":["post-222114","post","type-post","status-publish","format-standard","has-post-thumbnail","hentry","category-opinion"],"_links":{"self":[{"href":"https:\/\/www.elsinodaldetamaulipas.com.mx\/index.php?rest_route=\/wp\/v2\/posts\/222114","targetHints":{"allow":["GET"]}}],"collection":[{"href":"https:\/\/www.elsinodaldetamaulipas.com.mx\/index.php?rest_route=\/wp\/v2\/posts"}],"about":[{"href":"https:\/\/www.elsinodaldetamaulipas.com.mx\/index.php?rest_route=\/wp\/v2\/types\/post"}],"author":[{"embeddable":true,"href":"https:\/\/www.elsinodaldetamaulipas.com.mx\/index.php?rest_route=\/wp\/v2\/users\/1"}],"replies":[{"embeddable":true,"href":"https:\/\/www.elsinodaldetamaulipas.com.mx\/index.php?rest_route=%2Fwp%2Fv2%2Fcomments&post=222114"}],"version-history":[{"count":1,"href":"https:\/\/www.elsinodaldetamaulipas.com.mx\/index.php?rest_route=\/wp\/v2\/posts\/222114\/revisions"}],"predecessor-version":[{"id":222115,"href":"https:\/\/www.elsinodaldetamaulipas.com.mx\/index.php?rest_route=\/wp\/v2\/posts\/222114\/revisions\/222115"}],"wp:featuredmedia":[{"embeddable":true,"href":"https:\/\/www.elsinodaldetamaulipas.com.mx\/index.php?rest_route=\/wp\/v2\/media\/214847"}],"wp:attachment":[{"href":"https:\/\/www.elsinodaldetamaulipas.com.mx\/index.php?rest_route=%2Fwp%2Fv2%2Fmedia&parent=222114"}],"wp:term":[{"taxonomy":"category","embeddable":true,"href":"https:\/\/www.elsinodaldetamaulipas.com.mx\/index.php?rest_route=%2Fwp%2Fv2%2Fcategories&post=222114"},{"taxonomy":"post_tag","embeddable":true,"href":"https:\/\/www.elsinodaldetamaulipas.com.mx\/index.php?rest_route=%2Fwp%2Fv2%2Ftags&post=222114"}],"curies":[{"name":"wp","href":"https:\/\/api.w.org\/{rel}","templated":true}]}}