{"id":222118,"date":"2026-04-28T21:33:10","date_gmt":"2026-04-29T01:33:10","guid":{"rendered":"https:\/\/www.elsinodaldetamaulipas.com.mx\/?p=222118"},"modified":"2026-04-28T21:33:10","modified_gmt":"2026-04-29T01:33:10","slug":"la-gobernabilidad-recuperada","status":"publish","type":"post","link":"https:\/\/www.elsinodaldetamaulipas.com.mx\/?p=222118","title":{"rendered":"LA GOBERNABILIDAD RECUPERADA"},"content":{"rendered":"<h2>LA COMUNA<\/h2>\n<p><em><strong>Jos\u00e9 \u00c1ngel Solorio Mart\u00ednez<\/strong><\/em><\/p>\n<p>Del gabinete del gobernador Am\u00e9rico Villarreal Anaya, destaca -como muy pocos- el titular de la Secretar\u00eda de Educaci\u00f3n de Tamaulipas (SET), Miguel \u00c1ngel Valdez Garc\u00eda. Recibi\u00f3 una dependencia confrontada, dividida, disminuida y con graves aportes de ingobernabilidad para la administraci\u00f3n estatal.<br \/>\nDe hecho, la gesti\u00f3n de su antecesora fue el principal pasivo de Villarreal Anaya en sus cuatro a\u00f1os de operaci\u00f3n.<br \/>\nEl escenario construido por la obcecaci\u00f3n pol\u00edtica de la funcionaria removida estuvo peligrosamente cr\u00edtico, por el choque con el sindicato de maestros. No encontr\u00f3 salidas diplom\u00e1ticas; al contrario: construy\u00f3 un muro para no escuchar y atender a miles de educadores.<br \/>\nMuchas veces, tuvo que entrar al quite la Secretar\u00eda General de gobierno, para evitar que la zona de conflicto se extendiera hacia los dominios del Ejecutivo estatal. Eso la perfil\u00f3, como una interlocutora ineficaz con el gremio magisterial.<br \/>\nMeses dur\u00f3 el tironeo entre sindicato y gobierno del estado.<br \/>\nEn ese paisaje sociopol\u00edtico ca\u00f3tico tom\u00f3 la responsabilidad de la SET el nuevo secretario.<br \/>\nMuy complicado.<br \/>\nPronto mostr\u00f3 una habilidad funcional que muy poca gente conoc\u00eda. A los pocos meses, atemper\u00f3 la rispidez del ambiente sindicato-dependencia, para dar paso a la cordialidad y a la serenidad de las partes para el buen funcionamiento del sistema educativo del estado.<br \/>\nPara evitar diferencias con el sindicato entreg\u00f3 el tutelaje de beneficios para sus agremiados. Las becas, por ejemplo: la Secci\u00f3n XXX a su arbitrio confeccion\u00f3 las listas de becarios. Esa quiz\u00e1 sea una de las virtudes de Valdez Garc\u00eda: no inmiscuir a la SET en espacios que debe cubrir el sindicato.<br \/>\nOtra actitud que mantiene con roces menores sindicato-SET, es respetar la autonom\u00eda de la organizaci\u00f3n: se mantiene al margen del movimiento de renovaci\u00f3n de la Secci\u00f3n que est\u00e1 en marcha. Al contrario de la secretaria pasada: quiso involucrarse en la elecci\u00f3n del dirigente y gener\u00f3 un rompimiento que a\u00fan se manifiesta en nuestros d\u00edas en algunos grupos magisteriales.<br \/>\nLa gobernabilidad que hoy se siente, no es la misma que la de los cuatro primeros a\u00f1os de gobierno. Esa es quiz\u00e1 el mejor aporte del secretario Valdez Garc\u00eda y el \u00e1rea pol\u00edtica de la administraci\u00f3n estatal: construir el equilibrio y la sensatez, entre los principales actores en el complejo y diverso mundo de la educaci\u00f3n p\u00fablica en Tamaulipas.<br \/>\nA partir de esa premisa, todo es avance.<br \/>\nNo puede haber mejoras en los procesos educativos, sin paz y concordia entre profesores y gobierno. Sin estos principios, todo esfuerzo, todo presupuesto, toda planeaci\u00f3n estar\u00edan y\u00e9ndose por el ca\u00f1o.<br \/>\nHoy estar\u00e1 compareciendo ante el Congreso local, Valdez Garc\u00eda.<br \/>\nHablar\u00e1 seguramente, de los progresos de la tarea de la SET en toda la entidad. Infraestructura, matr\u00edculas, nuevas plazas y dem\u00e1s.<br \/>\nHabr\u00e1 que resaltar su mejor y mayor tarea: la gobernabilidad recuperad<\/p>\n","protected":false},"excerpt":{"rendered":"<p>LA COMUNA Jos\u00e9 \u00c1ngel Solorio Mart\u00ednez Del gabinete del gobernador Am\u00e9rico Villarreal Anaya, destaca -como muy pocos- el titular de la Secretar\u00eda de Educaci\u00f3n de Tamaulipas (SET), Miguel \u00c1ngel Valdez Garc\u00eda. Recibi\u00f3 una dependencia confrontada, dividida, disminuida y con graves aportes de ingobernabilidad para la administraci\u00f3n estatal. De hecho, la gesti\u00f3n de su antecesora fue [&hellip;]<\/p>\n","protected":false},"author":1,"featured_media":213336,"comment_status":"closed","ping_status":"closed","sticky":false,"template":"","format":"standard","meta":{"footnotes":""},"categories":[16],"tags":[],"class_list":["post-222118","post","type-post","status-publish","format-standard","has-post-thumbnail","hentry","category-opinion"],"_links":{"self":[{"href":"https:\/\/www.elsinodaldetamaulipas.com.mx\/index.php?rest_route=\/wp\/v2\/posts\/222118","targetHints":{"allow":["GET"]}}],"collection":[{"href":"https:\/\/www.elsinodaldetamaulipas.com.mx\/index.php?rest_route=\/wp\/v2\/posts"}],"about":[{"href":"https:\/\/www.elsinodaldetamaulipas.com.mx\/index.php?rest_route=\/wp\/v2\/types\/post"}],"author":[{"embeddable":true,"href":"https:\/\/www.elsinodaldetamaulipas.com.mx\/index.php?rest_route=\/wp\/v2\/users\/1"}],"replies":[{"embeddable":true,"href":"https:\/\/www.elsinodaldetamaulipas.com.mx\/index.php?rest_route=%2Fwp%2Fv2%2Fcomments&post=222118"}],"version-history":[{"count":1,"href":"https:\/\/www.elsinodaldetamaulipas.com.mx\/index.php?rest_route=\/wp\/v2\/posts\/222118\/revisions"}],"predecessor-version":[{"id":222119,"href":"https:\/\/www.elsinodaldetamaulipas.com.mx\/index.php?rest_route=\/wp\/v2\/posts\/222118\/revisions\/222119"}],"wp:featuredmedia":[{"embeddable":true,"href":"https:\/\/www.elsinodaldetamaulipas.com.mx\/index.php?rest_route=\/wp\/v2\/media\/213336"}],"wp:attachment":[{"href":"https:\/\/www.elsinodaldetamaulipas.com.mx\/index.php?rest_route=%2Fwp%2Fv2%2Fmedia&parent=222118"}],"wp:term":[{"taxonomy":"category","embeddable":true,"href":"https:\/\/www.elsinodaldetamaulipas.com.mx\/index.php?rest_route=%2Fwp%2Fv2%2Fcategories&post=222118"},{"taxonomy":"post_tag","embeddable":true,"href":"https:\/\/www.elsinodaldetamaulipas.com.mx\/index.php?rest_route=%2Fwp%2Fv2%2Ftags&post=222118"}],"curies":[{"name":"wp","href":"https:\/\/api.w.org\/{rel}","templated":true}]}}