{"id":222120,"date":"2026-04-28T21:34:39","date_gmt":"2026-04-29T01:34:39","guid":{"rendered":"https:\/\/www.elsinodaldetamaulipas.com.mx\/?p=222120"},"modified":"2026-04-28T21:34:39","modified_gmt":"2026-04-29T01:34:39","slug":"la-mano-que-mece-la-cuna","status":"publish","type":"post","link":"https:\/\/www.elsinodaldetamaulipas.com.mx\/?p=222120","title":{"rendered":"LA MANO QUE MECE LA CUNA"},"content":{"rendered":"<p>REFLECTOR<\/p>\n<p>Gilda R. Ter\u00e1n.<\/p>\n<p>Desafortunadamente este poder oculto de manipulaci\u00f3n, trampa y decadencia humana,<br \/>\naplicado metaf\u00f3ricamente de \u201cla mano que mece la cuna, a todas luces se puede percibir en<br \/>\nla pol\u00edtica, y tambi\u00e9n en el servicio p\u00fablico sin menoscabo de fenecer.<br \/>\nY es que, en pol\u00edtica, por ejemplo, es habitual que detr\u00e1s de la cuna social est\u00e9 otra mano,<br \/>\ncasi con certeza la de los sectores de poder que desean tener el control detr\u00e1s de<br \/>\nbambalinas, y por supuesto que, desde all\u00ed, todo es posible.<br \/>\nY cuando se aceptan las condiciones de los que mecen la cuna, se terminan accesando los<br \/>\ncaminos m\u00e1s abyectos y grises que puede mostrar el deterioro de la condici\u00f3n humana, es<br \/>\ndecir la permisividad dar\u00e1 rienda suelta a mantener la corrupci\u00f3n y la impunidad.<br \/>\nAunque esta situaci\u00f3n no es de ahora, siempre ha existido desde el principio de la<br \/>\nhumanidad, los temas de corrupci\u00f3n, traiciones, esto forma parte de la condici\u00f3n humana en<br \/>\nlas que a veces reina la depravaci\u00f3n, y de esto nos da cuenta las historias B\u00edblicas.<br \/>\nY aunque, \u201cla mano que mece la cuna\u201d es un modismo que se refiere a las mujeres y, m\u00e1s<br \/>\nespec\u00edficamente, a su influencia sobre los ni\u00f1os, de su crianza, tambi\u00e9n tienen poder sobre<br \/>\nla forma en que funciona o se desarrolla el mundo.<br \/>\nPor lo tanto, la frase se refiere t\u00edpicamente a la influencia de una mujer sobre cierto asunto,<br \/>\na veces, el dicho se usa de manera positiva y, a veces, se usa de manera negativa. Algunos<br \/>\nafirman que \u201cla mano que mece la cuna gobierna el mundo\u201d.<br \/>\nPREVALECEN ONDAS DE CALOR.<br \/>\nY se prev\u00e9 d\u00edas extremos en altas temperaturas, por lo que el Gobierno del Estado, a trav\u00e9s<br \/>\nde Protecci\u00f3n Civil, han emitido exhortaciones para proteger a la ciudadan\u00eda por cualquier<br \/>\ncontingencia derivada de este clima candente.<br \/>\nRecomiendan ingerir l\u00edquidos como el agua, sueros hidratantes, evitar las horas pico de<br \/>\nexposici\u00f3n al sol, buscar lugares de sombra, usar sombrero o sombrillas para resguardo de<br \/>\nlos rayos solares.<br \/>\nSe exhorta a las personas a no exponerse m\u00e1s de lo necesario en las v\u00edas p\u00fablicas, para<br \/>\nevitar el golpe de calor, por lo que da a conocer los s\u00edntomas de estas contingencias.<\/p>\n<p>Raz\u00f3n por la cual, sugiere a la ciudadan\u00eda a cuidarse, ya que sus consecuencias pueden traer<br \/>\ndesvanecimientos, cefaleas, y ataca m\u00e1s a las personas de la tercera edad y los infantes, ya<br \/>\nque son m\u00e1s vulnerables.<br \/>\nREGISTRO DE PENSI\u00d3N ADULTOS MAYORES.<br \/>\nY se lleg\u00f3 la fecha tan esperada, para llevar el registro de las pensiones bienestar social<br \/>\npara los adultos mayores y mujeres de 60 a\u00f1os, por lo que aqu\u00ed en la entidad ya desde este<br \/>\nA partir de este lunes 27 de abril al domingo 3 de mayo se realizar\u00e1 estas tareas para que las<br \/>\npersonas acudan a registrarse, deben de estar al pendiente que d\u00eda les tocan de acuerdo al<br \/>\ncalendario ya dado a conocer.<br \/>\nPor lo tanto, el Delegado Federal de Bienestar Social Luis Lauro Reyes, invita para que<br \/>\nacudan con toda la documentaci\u00f3n requerida en m\u00f3dulos establecidos, para que puedan<br \/>\ntener acceso a las pensiones de estos dos Programas para el Bienestar del Gobierno de<br \/>\nM\u00e9xico que entregan apoyos econ\u00f3micos de forma directa, por medio de la tarjeta del<br \/>\nBanco del Bienestar.<br \/>\nHasta la pr\u00f3xima.<br \/>\ngildateran@yahoo.com.mx<\/p>\n","protected":false},"excerpt":{"rendered":"<p>REFLECTOR Gilda R. Ter\u00e1n. Desafortunadamente este poder oculto de manipulaci\u00f3n, trampa y decadencia humana, aplicado metaf\u00f3ricamente de \u201cla mano que mece la cuna, a todas luces se puede percibir en la pol\u00edtica, y tambi\u00e9n en el servicio p\u00fablico sin menoscabo de fenecer. Y es que, en pol\u00edtica, por ejemplo, es habitual que detr\u00e1s de la [&hellip;]<\/p>\n","protected":false},"author":1,"featured_media":216657,"comment_status":"closed","ping_status":"closed","sticky":false,"template":"","format":"standard","meta":{"footnotes":""},"categories":[16],"tags":[],"class_list":["post-222120","post","type-post","status-publish","format-standard","has-post-thumbnail","hentry","category-opinion"],"_links":{"self":[{"href":"https:\/\/www.elsinodaldetamaulipas.com.mx\/index.php?rest_route=\/wp\/v2\/posts\/222120","targetHints":{"allow":["GET"]}}],"collection":[{"href":"https:\/\/www.elsinodaldetamaulipas.com.mx\/index.php?rest_route=\/wp\/v2\/posts"}],"about":[{"href":"https:\/\/www.elsinodaldetamaulipas.com.mx\/index.php?rest_route=\/wp\/v2\/types\/post"}],"author":[{"embeddable":true,"href":"https:\/\/www.elsinodaldetamaulipas.com.mx\/index.php?rest_route=\/wp\/v2\/users\/1"}],"replies":[{"embeddable":true,"href":"https:\/\/www.elsinodaldetamaulipas.com.mx\/index.php?rest_route=%2Fwp%2Fv2%2Fcomments&post=222120"}],"version-history":[{"count":1,"href":"https:\/\/www.elsinodaldetamaulipas.com.mx\/index.php?rest_route=\/wp\/v2\/posts\/222120\/revisions"}],"predecessor-version":[{"id":222121,"href":"https:\/\/www.elsinodaldetamaulipas.com.mx\/index.php?rest_route=\/wp\/v2\/posts\/222120\/revisions\/222121"}],"wp:featuredmedia":[{"embeddable":true,"href":"https:\/\/www.elsinodaldetamaulipas.com.mx\/index.php?rest_route=\/wp\/v2\/media\/216657"}],"wp:attachment":[{"href":"https:\/\/www.elsinodaldetamaulipas.com.mx\/index.php?rest_route=%2Fwp%2Fv2%2Fmedia&parent=222120"}],"wp:term":[{"taxonomy":"category","embeddable":true,"href":"https:\/\/www.elsinodaldetamaulipas.com.mx\/index.php?rest_route=%2Fwp%2Fv2%2Fcategories&post=222120"},{"taxonomy":"post_tag","embeddable":true,"href":"https:\/\/www.elsinodaldetamaulipas.com.mx\/index.php?rest_route=%2Fwp%2Fv2%2Ftags&post=222120"}],"curies":[{"name":"wp","href":"https:\/\/api.w.org\/{rel}","templated":true}]}}