{"id":222122,"date":"2026-04-28T21:36:20","date_gmt":"2026-04-29T01:36:20","guid":{"rendered":"https:\/\/www.elsinodaldetamaulipas.com.mx\/?p=222122"},"modified":"2026-04-28T21:36:20","modified_gmt":"2026-04-29T01:36:20","slug":"en-comercio-exterior-avanza-tamaulipas","status":"publish","type":"post","link":"https:\/\/www.elsinodaldetamaulipas.com.mx\/?p=222122","title":{"rendered":"EN COMERCIO EXTERIOR AVANZA TAMAULIPAS"},"content":{"rendered":"<p>El impulso al comercio exterior bajo el liderazgo de Am\u00e9rico Villarreal Anaya (AVA)<br \/>\nTamaulipas se posiciona como un eje y hub estrat\u00e9gico para las exportaciones mexicanas, gracias a su frontera con Estados Unidos y su red de infraestructura portuaria y terrestre.<\/p>\n<p>En 2025, el estado registr\u00f3 un crecimiento del 12% en exportaciones, superando los 50 mil millones de d\u00f3lares, impulsado por sectores como la manufactura automotriz, agroindustria y energ\u00eda.<\/p>\n<p>Este dinamismo no es casual: el liderazgo del gobernador AVA, ha sido esencial para impulsar el \u201cPlan Tamaulipas Exporta\u201d, una iniciativa que invirti\u00f3 500 millones de pesos en modernizaci\u00f3n de cruces fronterizos y digitalizaci\u00f3n de tr\u00e1mites aduaneros.<\/p>\n<p>Adem\u00e1s, firm\u00f3 acuerdos con la Secretar\u00eda de Econom\u00eda para capacitar a 10,000 pymes en certificaciones internacionales, reduciendo tiempos de despacho en un 30% y atrayendo inversi\u00f3n extranjera directa por 2,000 millones de d\u00f3lares en su primer a\u00f1o.<\/p>\n<p>Un hito clave es el traslado de la Direcci\u00f3n de Aduanas de Ciudad de M\u00e9xico a Nuevo Laredo, decretado en 2025 por el gobierno federal con respaldo de AVA.<\/p>\n<p>Esta descentralizaci\u00f3n agiliza operaciones en el principal puente internacional del estado, como el Puente Internacional N\u00famero Dos, que maneja el 40% del comercio bilateral M\u00e9xico-EE.UU.<\/p>\n<p>Antes, las decisiones centralizadas generaban demoras de hasta 48 horas; ahora, con oficinas locales, los tiempos se han reducido a 12 horas promedio.<\/p>\n<p>Esto fortalece la competitividad de Tamaulipas, posicion\u00e1ndolo por encima de otros estados fronterizos como Nuevo Le\u00f3n o Chihuahua en eficiencia log\u00edstica.<\/p>\n<p>Sin embargo, persisten retos a futuro. La inseguridad en corredores como la carretera Ribere\u00f1a de Tamaulipas exige mayor coordinaci\u00f3n con la Guardia Nacional.<\/p>\n<p>La volatilidad comercial por aranceles estadounidenses y la transici\u00f3n energ\u00e9tica demandan mayor diversificaci\u00f3n hacia mercados asi\u00e1ticos y europeos.<\/p>\n<p>Adem\u00e1s, el cambio clim\u00e1tico amenaza puertos como Altamira con huracanes m\u00e1s intensos, requiriendo inversiones en resiliencia.<\/p>\n<p>Marcaci\u00f3n principal en el fomento al comercio exterior portuario, es dar marcaci\u00f3n principal a la aduana portuaria del puerto industrial de Altamira, m\u00e1xima que ahora representa el nuevo polo de Desarrollo Econ\u00f3mico del Bienestar de Tamaulipas. Uno de los 14 polos nacionales dentro del llamado Plan M\u00e9xico.<\/p>\n<p>Cabe mencionar que m\u00e1s all\u00e1 de cifras y pol\u00edticas, las exportaciones de Tamaulipas representan el esfuerzo humano de miles de familias que cruzan fronteras con su trabajo digno.<\/p>\n<p>Bajo AVA, este comercio no solo genera riqueza, sino que teje lazos de solidaridad global, record\u00e1ndonos que el verdadero progreso radica en el bienestar colectivo y la dignidad de cada exportador tamaulipeco.<\/p>\n","protected":false},"excerpt":{"rendered":"<p>El impulso al comercio exterior bajo el liderazgo de Am\u00e9rico Villarreal Anaya (AVA) Tamaulipas se posiciona como un eje y hub estrat\u00e9gico para las exportaciones mexicanas, gracias a su frontera con Estados Unidos y su red de infraestructura portuaria y terrestre. En 2025, el estado registr\u00f3 un crecimiento del 12% en exportaciones, superando los 50 [&hellip;]<\/p>\n","protected":false},"author":1,"featured_media":216200,"comment_status":"closed","ping_status":"closed","sticky":false,"template":"","format":"standard","meta":{"footnotes":""},"categories":[16],"tags":[],"class_list":["post-222122","post","type-post","status-publish","format-standard","has-post-thumbnail","hentry","category-opinion"],"_links":{"self":[{"href":"https:\/\/www.elsinodaldetamaulipas.com.mx\/index.php?rest_route=\/wp\/v2\/posts\/222122","targetHints":{"allow":["GET"]}}],"collection":[{"href":"https:\/\/www.elsinodaldetamaulipas.com.mx\/index.php?rest_route=\/wp\/v2\/posts"}],"about":[{"href":"https:\/\/www.elsinodaldetamaulipas.com.mx\/index.php?rest_route=\/wp\/v2\/types\/post"}],"author":[{"embeddable":true,"href":"https:\/\/www.elsinodaldetamaulipas.com.mx\/index.php?rest_route=\/wp\/v2\/users\/1"}],"replies":[{"embeddable":true,"href":"https:\/\/www.elsinodaldetamaulipas.com.mx\/index.php?rest_route=%2Fwp%2Fv2%2Fcomments&post=222122"}],"version-history":[{"count":1,"href":"https:\/\/www.elsinodaldetamaulipas.com.mx\/index.php?rest_route=\/wp\/v2\/posts\/222122\/revisions"}],"predecessor-version":[{"id":222123,"href":"https:\/\/www.elsinodaldetamaulipas.com.mx\/index.php?rest_route=\/wp\/v2\/posts\/222122\/revisions\/222123"}],"wp:featuredmedia":[{"embeddable":true,"href":"https:\/\/www.elsinodaldetamaulipas.com.mx\/index.php?rest_route=\/wp\/v2\/media\/216200"}],"wp:attachment":[{"href":"https:\/\/www.elsinodaldetamaulipas.com.mx\/index.php?rest_route=%2Fwp%2Fv2%2Fmedia&parent=222122"}],"wp:term":[{"taxonomy":"category","embeddable":true,"href":"https:\/\/www.elsinodaldetamaulipas.com.mx\/index.php?rest_route=%2Fwp%2Fv2%2Fcategories&post=222122"},{"taxonomy":"post_tag","embeddable":true,"href":"https:\/\/www.elsinodaldetamaulipas.com.mx\/index.php?rest_route=%2Fwp%2Fv2%2Ftags&post=222122"}],"curies":[{"name":"wp","href":"https:\/\/api.w.org\/{rel}","templated":true}]}}