{"id":222127,"date":"2026-04-28T21:40:57","date_gmt":"2026-04-29T01:40:57","guid":{"rendered":"https:\/\/www.elsinodaldetamaulipas.com.mx\/?p=222127"},"modified":"2026-04-28T21:40:57","modified_gmt":"2026-04-29T01:40:57","slug":"pastores-serian-castigados-conforme-a-la-ley","status":"publish","type":"post","link":"https:\/\/www.elsinodaldetamaulipas.com.mx\/?p=222127","title":{"rendered":"PASTORES SER\u00cdAN CASTIGADOS CONFORME A LA LEY"},"content":{"rendered":"<p>Ahora que la diputada local Gabriela Regalado Fuentes de Morena dio a conocer que Tamaulipas es el primer estado del pa\u00eds en tener un registro completo de 50 congregaciones religiosas de la comunidad evang\u00e9lica en la entidad, se abre la posibilidad de que aquellos pastores que abusen de sus feligreses sean juzgados conforme la ley, sobre todo cuando existe el antecedente del juicio que enfrenta en los Estados Unidos el l\u00edder de la iglesia \u201cLa Luz del Mundo\u201d,\u00a0Naas\u00f3n Joaqu\u00edn Garc\u00eda.<\/p>\n<p>La legisladora morenista explic\u00f3 que existe un convenio marco con la Secretar\u00eda de Gobernaci\u00f3n (Segob), que encabeza Rosa Icela Rodr\u00edguez Vel\u00e1zquez, para registrar a las congregaciones religiosas en nuestra entidad, en donde no s\u00f3lo se refleja el avance que han tenido las iglesias evang\u00e9licas, sino tambi\u00e9n la significativa reducci\u00f3n de fieles cat\u00f3licos.<\/p>\n<p>En la actualidad, se estima que alrededor del 72% al 77% de la poblaci\u00f3n se identifica como cat\u00f3lica en nuestro pa\u00eds, lo que representa entre 97 y 98 millones de personas de un total de 130 millones de habitantes, seg\u00fan el censo del 2020 que realiz\u00f3 el Instituto Nacional de Estad\u00edstica y Geograf\u00eda (INEGI).<\/p>\n<p>En contraste, la comunidad evang\u00e9lica en M\u00e9xico ha experimentado un crecimiento sostenido en los \u00faltimos a\u00f1os, por lo que en la actualidad se considera como la segunda comunidad religiosa m\u00e1s importante del pa\u00eds, puesto que el 15% de la poblaci\u00f3n comulga abiertamente esta religi\u00f3n.<\/p>\n<p>Y ahora que la diputada Regalado Fuentes concluy\u00f3 el registro de las congregaciones evang\u00e9licas en nuestra entidad, no estar\u00eda mal que organice una campa\u00f1a para que se dieran a conocer qui\u00e9nes son los pastores que gu\u00edan espiritualmente estas comunidades, sobre todo que difunda los castigos penales que se les podr\u00edan aplicar en caso de que abusen de sus feligreses.<\/p>\n<p>No se puede dejar de soslayar este caso ahora que el juez\u00a0Juan Jos\u00e9 Rodr\u00edguez Velarde, del Centro de Justicia Penal en Puente Grande, Jalisco, orden\u00f3\u00a0<a href=\"https:\/\/lopezdoriga.com\/nacional\/juez-reabre-el-caso-relacionado-con-naason-joaquin-lider-de-la-luz-del-mundo\/\" target=\"_blank\" rel=\"noreferrer noopener\">reabrir<\/a>\u00a0la carpeta de investigaci\u00f3n relacionada con Naas\u00f3n Joaqu\u00edn Garc\u00eda, l\u00edder de la iglesia evang\u00e9lica La Luz del Mundo.<\/p>\n<p>La decisi\u00f3n se sustenta en la falta de colaboraci\u00f3n entre la FGR durante la gesti\u00f3n de Alejandro Gertz Manero y las autoridades de Estados Unidos, lo que impidi\u00f3 sustentar adecuadamente la demanda en contra de Naas\u00f3n Joaqu\u00edn Garc\u00eda por el tr\u00e1fico de menores, producci\u00f3n de pornograf\u00eda infantil, abuso sexual, entre otros delitos.<\/p>\n<p>Recientemente, se le suspendieron derechos como ministro del culto a Naas\u00f3n Joaqu\u00edn Garc\u00eda, por lo que ahora nadie duda que se proceder\u00e1 penalmente contra de \u00e9l en nuestro pa\u00eds, luego de que la FGR orden\u00f3 el no ejercicio de la acci\u00f3n penal en diciembre del 2025.<\/p>\n<p>En otro tema, ayer se reanudaron las clases en el Tecnol\u00f3gico de Ciudad Victoria luego de 5 d\u00edas que estuvieron tomadas sus instalaciones por estudiantes que denunciaron irregularidades administrativas y exig\u00edan la renuncia de la directora Deysi Yesica \u00c1lvarez Vergara.<\/p>\n<p>Los estudiantes que organizaron el paro de actividades dialogaron con los funcionarios del \u00e1rea jur\u00eddica del Tecnol\u00f3gico Nacional de M\u00e9xico (TecNM), que encabeza Ram\u00f3n Jim\u00e9nez L\u00f3pez, por lo que acordaron regresar a clases y que se auditen los movimientos financieros del plantel en Ciudad Victoria.<\/p>\n<p>Tambi\u00e9n acordaron que la direcci\u00f3n permanecer\u00e1 clausurada y no podr\u00e1 ingresar la directora \u00c1lvarez Vergara hasta que se concluya la auditoria y se esclarezcan las denuncias presentadas.<\/p>\n<p>Se garantiz\u00f3 que ning\u00fan alumno sea castigado por participar en el paro de actividades que encabez\u00f3 Diego Pacheco, quien exige que se reanude la entrega de becas que hab\u00eda sido suspendida, entre otros servicios escolares en beneficio de la comunidad estudiantil.<\/p>\n<p>Por otra parte, el presidente de la C\u00e1mara Mexicana de la Industria de la Construcci\u00f3n (CMIC), Pablo Eduardo Haro Panduro, se\u00f1al\u00f3 que el cierre de maquiladoras ha provocado que alrededor de 3 mil trabajadores se quedaron sin empleo en la frontera entre Texas y Tamaulipas.<\/p>\n<p>Haro Panduro dijo que empresas como Tridonex, Trico y Cardone cerraron sus puertas por cuestiones financieras de sus matrices en Estados Unidos, por lo que desde hace tiempo se tem\u00eda el cierre definitivo de las maquiladoras instaladas y por ende el despido de trabajadores.<\/p>\n<p>\u201cEn el caso de Tridonex, que se dedica a la fabricaci\u00f3n de componentes automotrices, principalmente plumas o hules para limpiaparabrisas, adem\u00e1s de otras piezas pl\u00e1sticas y met\u00e1licas para el mercado automotriz, existe la posibilidad que reanude actividades en el corto plazo\u201d, revel\u00f3 Haro Panduro.<\/p>\n<p>Y agreg\u00f3, que el cierre de las maquiladoras afect\u00f3 de inmediato las actividades econ\u00f3micas de varias ciudades fronterizas, puesto que se redujo dr\u00e1sticamente el consumo de gasolina, la compra de alimentos, entre otras necesidades b\u00e1sicas.<\/p>\n<p>Correo electr\u00f3nico:\u00a0<a href=\"mailto:jagovea_53@yahoo.com\" target=\"_blank\" rel=\"noreferrer noopener\">jagovea_53@yahoo.com<\/a><\/p>\n","protected":false},"excerpt":{"rendered":"<p>Ahora que la diputada local Gabriela Regalado Fuentes de Morena dio a conocer que Tamaulipas es el primer estado del pa\u00eds en tener un registro completo de 50 congregaciones religiosas de la comunidad evang\u00e9lica en la entidad, se abre la posibilidad de que aquellos pastores que abusen de sus feligreses sean juzgados conforme la ley, [&hellip;]<\/p>\n","protected":false},"author":1,"featured_media":216091,"comment_status":"closed","ping_status":"closed","sticky":false,"template":"","format":"standard","meta":{"footnotes":""},"categories":[16],"tags":[],"class_list":["post-222127","post","type-post","status-publish","format-standard","has-post-thumbnail","hentry","category-opinion"],"_links":{"self":[{"href":"https:\/\/www.elsinodaldetamaulipas.com.mx\/index.php?rest_route=\/wp\/v2\/posts\/222127","targetHints":{"allow":["GET"]}}],"collection":[{"href":"https:\/\/www.elsinodaldetamaulipas.com.mx\/index.php?rest_route=\/wp\/v2\/posts"}],"about":[{"href":"https:\/\/www.elsinodaldetamaulipas.com.mx\/index.php?rest_route=\/wp\/v2\/types\/post"}],"author":[{"embeddable":true,"href":"https:\/\/www.elsinodaldetamaulipas.com.mx\/index.php?rest_route=\/wp\/v2\/users\/1"}],"replies":[{"embeddable":true,"href":"https:\/\/www.elsinodaldetamaulipas.com.mx\/index.php?rest_route=%2Fwp%2Fv2%2Fcomments&post=222127"}],"version-history":[{"count":1,"href":"https:\/\/www.elsinodaldetamaulipas.com.mx\/index.php?rest_route=\/wp\/v2\/posts\/222127\/revisions"}],"predecessor-version":[{"id":222128,"href":"https:\/\/www.elsinodaldetamaulipas.com.mx\/index.php?rest_route=\/wp\/v2\/posts\/222127\/revisions\/222128"}],"wp:featuredmedia":[{"embeddable":true,"href":"https:\/\/www.elsinodaldetamaulipas.com.mx\/index.php?rest_route=\/wp\/v2\/media\/216091"}],"wp:attachment":[{"href":"https:\/\/www.elsinodaldetamaulipas.com.mx\/index.php?rest_route=%2Fwp%2Fv2%2Fmedia&parent=222127"}],"wp:term":[{"taxonomy":"category","embeddable":true,"href":"https:\/\/www.elsinodaldetamaulipas.com.mx\/index.php?rest_route=%2Fwp%2Fv2%2Fcategories&post=222127"},{"taxonomy":"post_tag","embeddable":true,"href":"https:\/\/www.elsinodaldetamaulipas.com.mx\/index.php?rest_route=%2Fwp%2Fv2%2Ftags&post=222127"}],"curies":[{"name":"wp","href":"https:\/\/api.w.org\/{rel}","templated":true}]}}