{"id":222129,"date":"2026-04-28T21:42:51","date_gmt":"2026-04-29T01:42:51","guid":{"rendered":"https:\/\/www.elsinodaldetamaulipas.com.mx\/?p=222129"},"modified":"2026-04-28T21:43:42","modified_gmt":"2026-04-29T01:43:42","slug":"alcaldesa-dde-miquihuana-no-asiste-a-los-honores-a-la-bandera","status":"publish","type":"post","link":"https:\/\/www.elsinodaldetamaulipas.com.mx\/?p=222129","title":{"rendered":"ALCALDESA DE MIQUIHUANA NO ASISTE A LOS HONORES A LA BANDERA"},"content":{"rendered":"<p><strong>*Y le dicen por all\u00e1: \u201cPor favor se\u00f1ora Gladys y Roque, tengan tantito respeto a<\/strong><br \/>\n<strong>nuestra Bandera Nacional<\/strong><br \/>\nPor Roberto Olvera P\u00e9rez<br \/>\nEs de todos conocido que la alcaldesa de Miquihuana, la panista, la que se<br \/>\ndice enfermera y no sabe poner una inyecci\u00f3n, Gladys Magalis Vargas Rangel, as\u00ed<br \/>\ncomo su media naranja, \u00e9l tambi\u00e9n -dizque- Licenciado Roque S\u00e1nchez Carrizal,<br \/>\nhan mostrado una ausencia y desinter\u00e9s por encabezar cada lunes los Honores a<br \/>\nla Bandera en este municipio enclavado en las faldas de la Sierra Madre Oriental,<br \/>\nlo que ha generado cr\u00edticas ciudadanas y falta de respeto.<br \/>\nAdem\u00e1s no son constantes de que cada lunes se le rinda Honores a<br \/>\nnuestra ense\u00f1a patria ah\u00ed, aunque el art\u00edculo 9o establece y considera<br \/>\nfundamental este tipo de ceremonias oficiales para fortalecer la identidad nacional<br \/>\ny el compromiso c\u00edvico, lo que para la primera autoridad municipal de este<br \/>\nmunicipio eso se lo pasa por el arco del triunfo. Lo que nos lleva a entender que<br \/>\npor su falta de preparaci\u00f3n acad\u00e9mica a lo mejor no sabe saludar y mucho menos<br \/>\ncantar el Himno Nacional. Lo mismo ocurre con su media naranja que tampoco<br \/>\nsabe lo que representan los s\u00edmbolos patrios.<br \/>\nTotal no hay respeto a los s\u00edmbolos patrios por este municipio y sobresale<br \/>\nel incumplimiento, descuido o trato indigno a la Bandera Nacional, por lo que<br \/>\nmuchos ciudadanos han dicho: \u201cPor favor se\u00f1ora Gladys y Roque, tengan tantito<br \/>\nrespeto a nuestra Bandera Nacional; aunque algunas o escasas ocasiones, s\u00ed se<br \/>\nle rinde Honores a la Bandera y los encabeza el secretario del Ayuntamiento, el<br \/>\nProfesor jubilado Feliciano Barr\u00f3n Gonz\u00e1lez, como lo vimos la semana pasada en<br \/>\nuna escuela de educaci\u00f3n b\u00e1sica all\u00e1 en la Colonia Agr\u00edcola La Pe\u00f1a, pero se nota<br \/>\nm\u00e1s, insisto, la ausencia y desinter\u00e9s de la primera autoridad municipal.<br \/>\n\u00bfPor qu\u00e9 hacemos honores a la Bandera los d\u00edas lunes? Eso le va y le<br \/>\nviene a la alcaldesa de Miquihuana. Se ve que no tiene valores desde su infancia<br \/>\ny todav\u00eda dice: \u201cMi lindo pueblo que nos vio nacer\u201d. Mira, mira.<\/p>\n<p>NOTAS CORTAS<\/p>\n<p>1.- Abril se agota y tambi\u00e9n el tiempo para que municipios aclaren las<br \/>\ncuentas y eviten sanciones administrativas o penales, esto de acuerdo a la ASE<br \/>\nquien los exhorta a que cumplan con sus obligaciones. Y la flecha va directa<br \/>\ntambi\u00e9n con algunos ex alcaldes que no han entendido, pues evitan recibir<br \/>\nnotificaciones, pero se les advierte que esa conducta no frena los procedimientos<br \/>\nde fiscalizaci\u00f3n. Caso concreto el ex de Tula, Antonio \u201cLaminas\u201d Leija Villarreal y<\/p>\n<p>el ex de Jaumave, Jos\u00e9 Luis Gallardo Flores \u201cEl Gallo\u201d, quienes dejaron un<br \/>\ndesorden a su paso por esas administraciones municipales y de muchos billetes<br \/>\nque andan bailando y ahora no saben c\u00f3mo comprobar. Ojo, podr\u00edan parar al<br \/>\nfresco bote.<br \/>\n2.- El ITAVU lleg\u00f3 este martes 28 de abril a Palmillas, checando<br \/>\ndocumentaci\u00f3n y vialidades e\u00a0iniciar jornadas de regularizaci\u00f3n y escrituraci\u00f3n en<br \/>\nel municipio en unos d\u00edas m\u00e1s. Al parecer se van a ofrecer hasta un\u00a050% de<br \/>\ndescuento\u00a0en tr\u00e1mites para casas y terrenos bald\u00edos. Esta campa\u00f1a busca brindar<br \/>\ncerteza jur\u00eddica a las familias; permitiendo convertir terrenos irregulares en<br \/>\npropiedad. El arranque lo encabez\u00f3 la alcaldesa Sindy Monita Ram\u00edrez, el<br \/>\nDelegado de este organismo en la regi\u00f3n, As\u00eds de Jes\u00fas Herrera Hern\u00e1ndez y<br \/>\ntodo esto dentro del programa \u00abITAVU en tu Colonia\u00bb. Qu\u00e9 bueno.<br \/>\n3.- En gira de trabajo por Victoria, el alcalde capitalino Lalo Gatt\u00e1s<br \/>\nsupervis\u00f3 personalmente el dren pluvial que cruza por el 12 y 13 Berrioz\u00e1bal en la<br \/>\nColonia San Francisco. Le acompa\u00f1o parte de su equipo de trabajo en esta<br \/>\nsupervisi\u00f3n.<br \/>\n\u201cSabemos que este punto es clave para la tranquilidad de muchas familias,<br \/>\npor eso di la instrucci\u00f3n a nuestros equipos de atenderlo y darle el seguimiento<br \/>\nnecesario\u201d, dijo. \u00a1La seguridad de las familias es primero!, agreg\u00f3.<br \/>\n4.- Por si no lo sabe, aqu\u00ed se lo decimos en dialogando. Sera este pr\u00f3ximo<br \/>\ndomingo 3 de mayo cuando se celebre el VIII Congreso Nacional de Morena a las<br \/>\n11 horas en el World Trade Center de la ciudad de M\u00e9xico. Ah\u00ed mismo tomar\u00e1 la<br \/>\nprotesta la nueva dirigencia de ese instituto pol\u00edtico que encabezar\u00e1 la<br \/>\nmexiquense Ariadna Montiel Reyes, por lo que seguramente estar\u00e1 presente toda<br \/>\nla plana mayor de Morena en la entidad, encabezado por el Primer Morenista de<br \/>\nTamaulipas, AVA, para atestiguar y ovacionar a la nueva dirigencia. Pendientes.<br \/>\nPor hoy es todo, en la pr\u00f3xima seguiremos dialogando del acontecer<br \/>\npol\u00edtico tamaulipeco.<\/p>\n","protected":false},"excerpt":{"rendered":"<p>*Y le dicen por all\u00e1: \u201cPor favor se\u00f1ora Gladys y Roque, tengan tantito respeto a nuestra Bandera Nacional Por Roberto Olvera P\u00e9rez Es de todos conocido que la alcaldesa de Miquihuana, la panista, la que se dice enfermera y no sabe poner una inyecci\u00f3n, Gladys Magalis Vargas Rangel, as\u00ed como su media naranja, \u00e9l tambi\u00e9n [&hellip;]<\/p>\n","protected":false},"author":1,"featured_media":216210,"comment_status":"closed","ping_status":"closed","sticky":false,"template":"","format":"standard","meta":{"footnotes":""},"categories":[16],"tags":[],"class_list":["post-222129","post","type-post","status-publish","format-standard","has-post-thumbnail","hentry","category-opinion"],"_links":{"self":[{"href":"https:\/\/www.elsinodaldetamaulipas.com.mx\/index.php?rest_route=\/wp\/v2\/posts\/222129","targetHints":{"allow":["GET"]}}],"collection":[{"href":"https:\/\/www.elsinodaldetamaulipas.com.mx\/index.php?rest_route=\/wp\/v2\/posts"}],"about":[{"href":"https:\/\/www.elsinodaldetamaulipas.com.mx\/index.php?rest_route=\/wp\/v2\/types\/post"}],"author":[{"embeddable":true,"href":"https:\/\/www.elsinodaldetamaulipas.com.mx\/index.php?rest_route=\/wp\/v2\/users\/1"}],"replies":[{"embeddable":true,"href":"https:\/\/www.elsinodaldetamaulipas.com.mx\/index.php?rest_route=%2Fwp%2Fv2%2Fcomments&post=222129"}],"version-history":[{"count":2,"href":"https:\/\/www.elsinodaldetamaulipas.com.mx\/index.php?rest_route=\/wp\/v2\/posts\/222129\/revisions"}],"predecessor-version":[{"id":222131,"href":"https:\/\/www.elsinodaldetamaulipas.com.mx\/index.php?rest_route=\/wp\/v2\/posts\/222129\/revisions\/222131"}],"wp:featuredmedia":[{"embeddable":true,"href":"https:\/\/www.elsinodaldetamaulipas.com.mx\/index.php?rest_route=\/wp\/v2\/media\/216210"}],"wp:attachment":[{"href":"https:\/\/www.elsinodaldetamaulipas.com.mx\/index.php?rest_route=%2Fwp%2Fv2%2Fmedia&parent=222129"}],"wp:term":[{"taxonomy":"category","embeddable":true,"href":"https:\/\/www.elsinodaldetamaulipas.com.mx\/index.php?rest_route=%2Fwp%2Fv2%2Fcategories&post=222129"},{"taxonomy":"post_tag","embeddable":true,"href":"https:\/\/www.elsinodaldetamaulipas.com.mx\/index.php?rest_route=%2Fwp%2Fv2%2Ftags&post=222129"}],"curies":[{"name":"wp","href":"https:\/\/api.w.org\/{rel}","templated":true}]}}