{"id":222132,"date":"2026-04-28T21:45:24","date_gmt":"2026-04-29T01:45:24","guid":{"rendered":"https:\/\/www.elsinodaldetamaulipas.com.mx\/?p=222132"},"modified":"2026-04-28T21:45:24","modified_gmt":"2026-04-29T01:45:24","slug":"esteban-moctezuma-se-fue-porque-no-dio-el-kilo","status":"publish","type":"post","link":"https:\/\/www.elsinodaldetamaulipas.com.mx\/?p=222132","title":{"rendered":"ESTEBAN MOCTEZUMA, SE FUE PORQUE NO DIO EL KILO"},"content":{"rendered":"<p>A MI MANERA<\/p>\n<p>Por Tello Montes<\/p>\n<p>&nbsp;<\/p>\n<p>En pol\u00edtica exterior no basta con discursos bonitos\u2026 se miden resultados. Y ah\u00ed, Esteban Moctezuma \u2014al que muchos hoy quieren maquillar como exitoso\u2014 simplemente no dio el kilo.<\/p>\n<p>S\u00ed, hubo llamadas\u2026 muchas. Hasta una docena entre Claudia Sheinbaum y Donald Trump. Cordiales, dicen. Amables, presumen. Pero en diplomacia de alto nivel, las llamadas no sustituyen el cara a cara.<\/p>\n<p>\u00bfEl \u00fanico encuentro presencial?<\/p>\n<p>Una charla de banqueta, improvisada, durante el sorteo del Mundial en Washington. Eso no es cumbre\u2026 es coincidencia.<\/p>\n<p>Y ah\u00ed est\u00e1 el punto:<\/p>\n<p>Mientras otros embajadores construyen puentes s\u00f3lidos, aqu\u00ed no se logr\u00f3 ni una reuni\u00f3n privada, formal, estrat\u00e9gica entre la presidenta de M\u00e9xico y el hombre m\u00e1s poderoso del vecino del norte.<\/p>\n<p>As\u00ed de claro.<\/p>\n<p>Podr\u00e1n destacar gestiones, como el tema de remesas\u2026 pero el verdadero term\u00f3metro estaba en la relaci\u00f3n pol\u00edtica de alto nivel. Y en ese rubro, se qued\u00f3 corto.<\/p>\n<p>Por eso el relevo no sorprende.<\/p>\n<p>Porque en pol\u00edtica, cuando no hay resultados que pesen\u2026 los elogios no alcanzan.<\/p>\n<p>Se va Moctezuma\u2026 y llega Roberto Lazzeri con una tarea urgente: dejar la diplomacia de banqueta y entrar a la de escritorio\u2026 donde se toman las decisiones de verdad.<\/p>\n<p>EN OTRO TEMA\u2026, Aqu\u00ed no hubo discurso\u2026 hubo lana y respaldo real.<\/p>\n<p>La secretaria de Econom\u00eda, Ninfa Cant\u00fa De\u00e1ndar, sali\u00f3 a ponerle gasolina a los emprendedores con distintivos y cr\u00e9ditos que s\u00ed hacen diferencia.<\/p>\n<p>Se entregaron 63 sellos \u201cHecho en Tamaulipas\u201d y \u201cHecho en M\u00e9xico\u201d a 23 negocios que ya traen calidad y empuje. No es solo un reconocimiento\u2026 es abrirles la puerta a mercados m\u00e1s grandes.<\/p>\n<p>Pero lo importante vino con billete en mano:<\/p>\n<p>Casi un mill\u00f3n de pesos en cr\u00e9ditos del Fondo Tamaulipas para micro y peque\u00f1os empresarios. Dinero que no se queda en escritorio\u2026 se convierte en inventario, empleo y movimiento econ\u00f3mico.<\/p>\n<p>Esto forma parte de la estrategia del gobernador Am\u00e9rico Villarreal Anaya, que est\u00e1 apostando a algo b\u00e1sico pero olvidado por muchos: hacer crecer desde abajo.<\/p>\n<p>Y con el respaldo local de Carmen Lilia Canturosas Villarreal, queda claro que cuando hay coordinaci\u00f3n, las cosas caminan.<\/p>\n<p>As\u00ed de simple:<\/p>\n<p>Menos rollo\u2026 m\u00e1s impulso al que s\u00ed produce.<\/p>\n<p>POR OTRO LADO\u2026, Hoy 29 de abril no habr\u00e1 rollo\u2026 habr\u00e1 n\u00fameros.<\/p>\n<p>El rector de la UAT, D\u00e1maso Anaya Alvarado, llega a su Segundo Informe con dos cartas que pesan: avance acad\u00e9mico y becas.<\/p>\n<p>Y no es menor:<\/p>\n<p>uno de cada dos estudiantes ya tiene beca. M\u00e1s de 42 mil alumnos respaldados. Eso no es discurso\u2026 es permanencia, es oportunidad, es futuro.<\/p>\n<p>En lo acad\u00e9mico, la apuesta tambi\u00e9n es clara:<\/p>\n<p>mejorar aulas, laboratorios, certificaciones\u2026 subirle el nivel a la ense\u00f1anza para que la UAT compita en serio.<\/p>\n<p>Lo dem\u00e1s suma \u2014deporte, vinculaci\u00f3n, infraestructura\u2014, pero el mensaje central es contundente:<\/p>\n<p>apoyar al estudiante y elevar la calidad educativa.<\/p>\n<p>As\u00ed llega Anaya a su informe:<\/p>\n<p>con resultados que se pueden medir\u2026 y con una universidad que empieza a moverse en la direcci\u00f3n correcta.<\/p>\n<p>Y PARA CERRAR\u2026, Cuando el gobierno sale a la calle\u2026 se nota.<\/p>\n<p>El alcalde de Matamoros, Beto Granados, volvi\u00f3 a pisar colonia con su programa \u201cMartes en tu Colonia\u201d, ahora en Molinos del Rey, llevando m\u00e1s de 400 servicios directos a la gente.<\/p>\n<p>No fue visita de cortes\u00eda\u2026 fue jornada de resultados:<\/p>\n<p>lentes gratuitos para quienes lo necesitan, regularizaci\u00f3n de predial y agua, tr\u00e1mites al alcance y atenci\u00f3n sin vueltas.<\/p>\n<p>Aqu\u00ed la clave es clara:<\/p>\n<p>acercar el gobierno al ciudadano, sin intermediarios ni burocracia.<\/p>\n<p>Y mientras otros gobiernan desde el escritorio, Granados apuesta por lo b\u00e1sico pero efectivo: dar la cara, escuchar y resolver.<\/p>\n<p>As\u00ed se construye confianza\u2026 en territorio, no en el aire.<\/p>\n","protected":false},"excerpt":{"rendered":"<p>A MI MANERA Por Tello Montes &nbsp; En pol\u00edtica exterior no basta con discursos bonitos\u2026 se miden resultados. Y ah\u00ed, Esteban Moctezuma \u2014al que muchos hoy quieren maquillar como exitoso\u2014 simplemente no dio el kilo. S\u00ed, hubo llamadas\u2026 muchas. Hasta una docena entre Claudia Sheinbaum y Donald Trump. Cordiales, dicen. Amables, presumen. Pero en diplomacia [&hellip;]<\/p>\n","protected":false},"author":1,"featured_media":213903,"comment_status":"closed","ping_status":"closed","sticky":false,"template":"","format":"standard","meta":{"footnotes":""},"categories":[16],"tags":[],"class_list":["post-222132","post","type-post","status-publish","format-standard","has-post-thumbnail","hentry","category-opinion"],"_links":{"self":[{"href":"https:\/\/www.elsinodaldetamaulipas.com.mx\/index.php?rest_route=\/wp\/v2\/posts\/222132","targetHints":{"allow":["GET"]}}],"collection":[{"href":"https:\/\/www.elsinodaldetamaulipas.com.mx\/index.php?rest_route=\/wp\/v2\/posts"}],"about":[{"href":"https:\/\/www.elsinodaldetamaulipas.com.mx\/index.php?rest_route=\/wp\/v2\/types\/post"}],"author":[{"embeddable":true,"href":"https:\/\/www.elsinodaldetamaulipas.com.mx\/index.php?rest_route=\/wp\/v2\/users\/1"}],"replies":[{"embeddable":true,"href":"https:\/\/www.elsinodaldetamaulipas.com.mx\/index.php?rest_route=%2Fwp%2Fv2%2Fcomments&post=222132"}],"version-history":[{"count":1,"href":"https:\/\/www.elsinodaldetamaulipas.com.mx\/index.php?rest_route=\/wp\/v2\/posts\/222132\/revisions"}],"predecessor-version":[{"id":222133,"href":"https:\/\/www.elsinodaldetamaulipas.com.mx\/index.php?rest_route=\/wp\/v2\/posts\/222132\/revisions\/222133"}],"wp:featuredmedia":[{"embeddable":true,"href":"https:\/\/www.elsinodaldetamaulipas.com.mx\/index.php?rest_route=\/wp\/v2\/media\/213903"}],"wp:attachment":[{"href":"https:\/\/www.elsinodaldetamaulipas.com.mx\/index.php?rest_route=%2Fwp%2Fv2%2Fmedia&parent=222132"}],"wp:term":[{"taxonomy":"category","embeddable":true,"href":"https:\/\/www.elsinodaldetamaulipas.com.mx\/index.php?rest_route=%2Fwp%2Fv2%2Fcategories&post=222132"},{"taxonomy":"post_tag","embeddable":true,"href":"https:\/\/www.elsinodaldetamaulipas.com.mx\/index.php?rest_route=%2Fwp%2Fv2%2Ftags&post=222132"}],"curies":[{"name":"wp","href":"https:\/\/api.w.org\/{rel}","templated":true}]}}