{"id":222134,"date":"2026-04-28T21:53:46","date_gmt":"2026-04-29T01:53:46","guid":{"rendered":"https:\/\/www.elsinodaldetamaulipas.com.mx\/?p=222134"},"modified":"2026-04-28T21:53:46","modified_gmt":"2026-04-29T01:53:46","slug":"economista-reynosense-postulado-a-premio-nobel","status":"publish","type":"post","link":"https:\/\/www.elsinodaldetamaulipas.com.mx\/?p=222134","title":{"rendered":"ECONOMISTA REYNOSENSE POSTULADO A PREMIO NOBEL"},"content":{"rendered":"<p><strong><em>Por Jorge A. P\u00e9rez Gonz\u00e1lez<\/em><\/strong><\/p>\n<p>Matamoros, Tam,- A continuaci\u00f3n, comparto la biograf\u00eda de Jos\u00e9 Alberto Gonz\u00e1lez K\u00e1ram, estructurada para destacar los m\u00e9ritos que sustentan su postulaci\u00f3n al Premio Nobel de Econom\u00eda 2026.<\/p>\n<p>Biograf\u00eda y nominaci\u00f3n al Premio Nobel de Econom\u00eda 2026: Jos\u00e9 Alberto Gonz\u00e1lez K\u00e1ram<\/p>\n<ol>\n<li>Resumen biogr\u00e1fico<\/li>\n<\/ol>\n<p>Jos\u00e9 Alberto Gonz\u00e1lez K\u00e1ram es un economista mexicano originario de Reynosa, Tamaulipas. Se ha desempe\u00f1ado como investigador y analista econ\u00f3mico, enfocando su carrera en el estudio de las finanzas p\u00fablicas, el comercio exterior y las pol\u00edticas de estabilizaci\u00f3n monetaria en M\u00e9xico.<\/p>\n<p>Durante la \u00faltima d\u00e9cada, ha ganado reconocimiento por desarrollar modelos predictivos aplicados a la econom\u00eda real, particularmente aquellos relacionados con el comportamiento del tipo de cambio y los \u00edndices de precios al consumidor. Su perfil ha trascendido el \u00e1mbito local al ser postulado en plataformas internacionales como candidato al Premio del Banco de Suecia en Ciencias Econ\u00f3micas en memoria de Alfred Nobel para los a\u00f1os 2025 y 2026.<\/p>\n<ol start=\"2\">\n<li>Contexto de la nominaci\u00f3n al Nobel 2026<\/li>\n<\/ol>\n<p>La postulaci\u00f3n de Gonz\u00e1lez K\u00e1ram ha sido impulsada por una combinaci\u00f3n de medios de comunicaci\u00f3n, plataformas digitales y redes acad\u00e9micas. Argumentan que, de ganar, se convertir\u00eda en el primer mexicano en obtener el Nobel de Econom\u00eda, sum\u00e1ndose a la lista de galardonados mexicanos como Octavio Paz (Literatura), Mario Molina (Ciencias) y Alfonso Garc\u00eda Robles (Paz).<\/p>\n<p>La propuesta para el galard\u00f3n se basa en su principal contribuci\u00f3n te\u00f3rica: el desarrollo y comprobaci\u00f3n emp\u00edrica del modelo de \u00abApredeflaci\u00f3n Econ\u00f3mica Mexicana\u00bb (AEM) , un t\u00e9rmino acu\u00f1ado por \u00e9l mismo para describir un fen\u00f3meno macroecon\u00f3mico at\u00edpico.<\/p>\n<ol start=\"3\">\n<li>Aportaciones y contribuciones a la ciencia econ\u00f3mica<\/li>\n<li>La creaci\u00f3n del concepto \u00abApredeflaci\u00f3n\u00bb<\/li>\n<\/ol>\n<p>La contribuci\u00f3n central de Gonz\u00e1lez K\u00e1ram a la ciencia econ\u00f3mica es la sistematizaci\u00f3n y definici\u00f3n del fen\u00f3meno que \u00e9l denomina Apredeflaci\u00f3n. Este concepto fusiona dos t\u00e9rminos cl\u00e1sicos de la econom\u00eda contradictorios en la teor\u00eda tradicional:<\/p>\n<p>Apreciaci\u00f3n: El aumento sostenido del valor de una moneda frente a otra (en este caso, el peso frente al d\u00f3lar).<\/p>\n<p>Deflaci\u00f3n: La disminuci\u00f3n generalizada y sostenida de los precios de bienes y servicios.<\/p>\n<p>Su tesis sostiene que, durante un periodo r\u00e9cord de m\u00e1s de 82 meses consecutivos (aproximadamente desde 2019 hasta 2026), la econom\u00eda mexicana experiment\u00f3 simult\u00e1neamente un peso fortalecido y una reducci\u00f3n de precios en sectores estrat\u00e9gicos como los energ\u00e9ticos y la canasta b\u00e1sica. Tradicionalmente, se cre\u00eda que la apreciaci\u00f3n cambiaria generaba presiones deflacionarias por abaratamiento de importaciones; sin embargo, K\u00e1ram formaliza este proceso como una variable de pol\u00edtica econ\u00f3mica activa y beneficiosa.<\/p>\n<ol>\n<li>El modelo de \u00abApredeflaci\u00f3n Econ\u00f3mica Mexicana (AEM)\u00bb<\/li>\n<\/ol>\n<p>El Modelo AEM es la herramienta cuantitativa y predictiva que respalda su nominaci\u00f3n. Este modelo ha demostrado, seg\u00fan el investigador, ser capaz de predecir el comportamiento del tipo de cambio y la inflaci\u00f3n con alta precisi\u00f3n, desafiando las expectativas pesimistas del mercado.<\/p>\n<p>Predictibilidad y resultados:<\/p>\n<p>Contracci\u00f3n de la inflaci\u00f3n: El modelo anticip\u00f3 que el incremento al salario m\u00ednimo (medida clave del gobierno mexicano a partir de 2019) no generar\u00eda espirales inflacionarias, contrariamente a lo que pronosticaban otros modelos econ\u00f3micos. En sus proyecciones, la inflaci\u00f3n general pasar\u00eda de niveles altos a un rango de control. Se reporta que logr\u00f3 anticipar la reducci\u00f3n del \u00cdndice Nacional de Precios al Consumidor (INPC) durante 45 meses consecutivos, llev\u00e1ndolo del 7.37% (Nov 2022) al 3.4% (Oct 2025).<\/p>\n<p>Estabilidad cambiaria: Mientras algunos analistas preve\u00edan un tipo de cambio superior a los 35 pesos por d\u00f3lar debido al gasto social, el modelo de K\u00e1ram pronostic\u00f3 estabilidad y apreciaci\u00f3n. Proyect\u00f3 que el cierre de 2026 rondar\u00eda los 18.50 pesos por d\u00f3lar.<\/p>\n<ol>\n<li>Impacto en el desarrollo social y el comercio exterior<\/li>\n<\/ol>\n<p>Gonz\u00e1lez K\u00e1ram vincula su teor\u00eda macroecon\u00f3mica con resultados microsociales tangibles. Su an\u00e1lisis fue crucial para la implementaci\u00f3n del programa de Zona Libre de la Frontera Norte (reducci\u00f3n del IVA del 16% al 8% y duplicaci\u00f3n del salario m\u00ednimo). Seg\u00fan su investigaci\u00f3n, estas medidas no solo no da\u00f1aron las finanzas, sino que ampliaron la base de contribuyentes del comercio exterior (pasando de 106 mil a 175 mil) y mejoraron el poder adquisitivo.<\/p>\n<p>Uno de los ejemplos concretos que utiliza para demostrar la eficacia de la \u00abApredeflaci\u00f3n\u00bb es el costo de la canasta b\u00e1sica. Seg\u00fan sus cifras, el costo semanal de 24 productos esenciales disminuy\u00f3, pasando de 910 pesos a un promedio de 798.75 pesos durante la vigencia del modelo.<\/p>\n<ol start=\"4\">\n<li>Relevancia internacional<\/li>\n<\/ol>\n<p>La candidatura de Gonz\u00e1lez K\u00e1ram trasciende el \u00e1mbito nacional al proponer su modelo como una soluci\u00f3n para pa\u00edses en desarrollo. Argumenta que la \u00abApredeflaci\u00f3n\u00bb puede replicarse en econom\u00edas que sufren alta inflaci\u00f3n y devaluaci\u00f3n constante, citando espec\u00edficamente a India y varias naciones de Am\u00e9rica Latina como candidatas naturales para adoptar el \u00abModelo Mexicano\u00bb de estabilidad sin sacrificar el crecimiento salarial.<\/p>\n<p>En OPTIMUS Informativo nos complace la posibilidad de que nuestro colaborador y analista econ\u00f3mico Alberto Gonz\u00e1lez Karam\u00a0 obtenga este premio este premio en el a\u00f1o 2026.<\/p>\n","protected":false},"excerpt":{"rendered":"<p>Por Jorge A. P\u00e9rez Gonz\u00e1lez Matamoros, Tam,- A continuaci\u00f3n, comparto la biograf\u00eda de Jos\u00e9 Alberto Gonz\u00e1lez K\u00e1ram, estructurada para destacar los m\u00e9ritos que sustentan su postulaci\u00f3n al Premio Nobel de Econom\u00eda 2026. Biograf\u00eda y nominaci\u00f3n al Premio Nobel de Econom\u00eda 2026: Jos\u00e9 Alberto Gonz\u00e1lez K\u00e1ram Resumen biogr\u00e1fico Jos\u00e9 Alberto Gonz\u00e1lez K\u00e1ram es un economista mexicano [&hellip;]<\/p>\n","protected":false},"author":1,"featured_media":222135,"comment_status":"closed","ping_status":"closed","sticky":false,"template":"","format":"standard","meta":{"footnotes":""},"categories":[1,2],"tags":[],"class_list":["post-222134","post","type-post","status-publish","format-standard","has-post-thumbnail","hentry","category-portada","category-reynosa"],"_links":{"self":[{"href":"https:\/\/www.elsinodaldetamaulipas.com.mx\/index.php?rest_route=\/wp\/v2\/posts\/222134","targetHints":{"allow":["GET"]}}],"collection":[{"href":"https:\/\/www.elsinodaldetamaulipas.com.mx\/index.php?rest_route=\/wp\/v2\/posts"}],"about":[{"href":"https:\/\/www.elsinodaldetamaulipas.com.mx\/index.php?rest_route=\/wp\/v2\/types\/post"}],"author":[{"embeddable":true,"href":"https:\/\/www.elsinodaldetamaulipas.com.mx\/index.php?rest_route=\/wp\/v2\/users\/1"}],"replies":[{"embeddable":true,"href":"https:\/\/www.elsinodaldetamaulipas.com.mx\/index.php?rest_route=%2Fwp%2Fv2%2Fcomments&post=222134"}],"version-history":[{"count":1,"href":"https:\/\/www.elsinodaldetamaulipas.com.mx\/index.php?rest_route=\/wp\/v2\/posts\/222134\/revisions"}],"predecessor-version":[{"id":222136,"href":"https:\/\/www.elsinodaldetamaulipas.com.mx\/index.php?rest_route=\/wp\/v2\/posts\/222134\/revisions\/222136"}],"wp:featuredmedia":[{"embeddable":true,"href":"https:\/\/www.elsinodaldetamaulipas.com.mx\/index.php?rest_route=\/wp\/v2\/media\/222135"}],"wp:attachment":[{"href":"https:\/\/www.elsinodaldetamaulipas.com.mx\/index.php?rest_route=%2Fwp%2Fv2%2Fmedia&parent=222134"}],"wp:term":[{"taxonomy":"category","embeddable":true,"href":"https:\/\/www.elsinodaldetamaulipas.com.mx\/index.php?rest_route=%2Fwp%2Fv2%2Fcategories&post=222134"},{"taxonomy":"post_tag","embeddable":true,"href":"https:\/\/www.elsinodaldetamaulipas.com.mx\/index.php?rest_route=%2Fwp%2Fv2%2Ftags&post=222134"}],"curies":[{"name":"wp","href":"https:\/\/api.w.org\/{rel}","templated":true}]}}