{"id":222142,"date":"2026-04-28T23:03:23","date_gmt":"2026-04-29T03:03:23","guid":{"rendered":"https:\/\/www.elsinodaldetamaulipas.com.mx\/?p=222142"},"modified":"2026-04-28T23:03:23","modified_gmt":"2026-04-29T03:03:23","slug":"aplauden-detencion-de-generadores-de-violencia","status":"publish","type":"post","link":"https:\/\/www.elsinodaldetamaulipas.com.mx\/?p=222142","title":{"rendered":"APLAUDEN DETENCI\u00d3N DE GENERADORES DE VIOLENCIA"},"content":{"rendered":"<p>&nbsp;<\/p>\n<p>Por Julio Manuel Loya Guzm\u00e1n\/EL SINODAL DE TAMAULIPAS<\/p>\n<p>Reynosa, Tamaulipas.\u2014 Tras los bloqueos y hechos violentos registrados en Reynosa por la captura de un objetivo prioritario, el diputado local Marcos Gallegos Galv\u00e1n respald\u00f3 la estrategia de seguridad y asegur\u00f3 que estas acciones son necesarias para debilitar al crimen organizado.<\/p>\n<p>&nbsp;<\/p>\n<p>El legislador presidente de la Comisi\u00f3n de Seguridad P\u00fablica en la 66 Legislatura calific\u00f3 como lamentables los episodios de violencia; sin embargo, destac\u00f3 que no se reportaron v\u00edctimas inocentes tras la captura del l\u00edder delincuencial, de acuerdo con informaci\u00f3n oficial.<\/p>\n<p>&nbsp;<\/p>\n<p>\u201cSon reacciones a los operativos. La detenci\u00f3n de generadores de violencia siempre ser\u00e1 positiva, aunque haya intentos del crimen por desestabilizar\u201d, sostuvo.<\/p>\n<figure id=\"attachment_222144\" aria-describedby=\"caption-attachment-222144\" style=\"width: 400px\" class=\"wp-caption alignleft\"><img loading=\"lazy\" decoding=\"async\" class=\"wp-image-222144 size-full\" src=\"https:\/\/www.elsinodaldetamaulipas.com.mx\/wp-content\/uploads\/2026\/04\/GALLEGOS-la-buena.jpg\" alt=\"\" width=\"400\" height=\"300\" srcset=\"https:\/\/www.elsinodaldetamaulipas.com.mx\/wp-content\/uploads\/2026\/04\/GALLEGOS-la-buena.jpg 400w, https:\/\/www.elsinodaldetamaulipas.com.mx\/wp-content\/uploads\/2026\/04\/GALLEGOS-la-buena-300x225.jpg 300w, https:\/\/www.elsinodaldetamaulipas.com.mx\/wp-content\/uploads\/2026\/04\/GALLEGOS-la-buena-272x204.jpg 272w\" sizes=\"auto, (max-width: 400px) 100vw, 400px\" \/><figcaption id=\"caption-attachment-222144\" class=\"wp-caption-text\"><strong>DIPUTADO MARCO GALLEGOS GALVAN<\/strong><\/figcaption><\/figure>\n<p>Gallegos Galv\u00e1n enfatiz\u00f3 que la coordinaci\u00f3n entre el Gobierno estatal y federal ha permitido avanzar en la captura de objetivos prioritarios, as\u00ed como en el desmantelamiento de redes delictivas.<\/p>\n<p>&nbsp;<\/p>\n<p>Se\u00f1al\u00f3 que tras los hechos se reforz\u00f3 la presencia de fuerzas de seguridad en Reynosa, con despliegues de la Guardia Nacional en accesos y puntos estrat\u00e9gicos de la ciudad.<\/p>\n<p>&nbsp;<\/p>\n<p>El diputado tambi\u00e9n destac\u00f3 acciones recientes en Matamoros, donde autoridades aseguraron combustible y desarticularon una red vinculada al huachicol, como parte de la estrategia para cortar el financiamiento del crimen.<\/p>\n<p>&nbsp;<\/p>\n<p>Reconoci\u00f3 que existe desconfianza ciudadana ante estos operativos, pero insisti\u00f3 en que la seguridad requiere constancia y resultados sostenidos. \u201cNo es algo que se resuelva de un d\u00eda para otro. Es un trabajo permanente, pero necesario para recuperar la paz\u201d, afirm\u00f3.<\/p>\n<p>&nbsp;<\/p>\n<p>Para concluir, el legislador reynosense hizo un llamado a la poblaci\u00f3n a mantenerse informada por canales oficiales y a resguardarse durante situaciones de riesgo.<\/p>\n","protected":false},"excerpt":{"rendered":"<p>&nbsp; Por Julio Manuel Loya Guzm\u00e1n\/EL SINODAL DE TAMAULIPAS Reynosa, Tamaulipas.\u2014 Tras los bloqueos y hechos violentos registrados en Reynosa por la captura de un objetivo prioritario, el diputado local Marcos Gallegos Galv\u00e1n respald\u00f3 la estrategia de seguridad y asegur\u00f3 que estas acciones son necesarias para debilitar al crimen organizado. &nbsp; El legislador presidente de [&hellip;]<\/p>\n","protected":false},"author":1,"featured_media":222143,"comment_status":"closed","ping_status":"closed","sticky":false,"template":"","format":"standard","meta":{"footnotes":""},"categories":[1,2],"tags":[],"class_list":["post-222142","post","type-post","status-publish","format-standard","has-post-thumbnail","hentry","category-portada","category-reynosa"],"_links":{"self":[{"href":"https:\/\/www.elsinodaldetamaulipas.com.mx\/index.php?rest_route=\/wp\/v2\/posts\/222142","targetHints":{"allow":["GET"]}}],"collection":[{"href":"https:\/\/www.elsinodaldetamaulipas.com.mx\/index.php?rest_route=\/wp\/v2\/posts"}],"about":[{"href":"https:\/\/www.elsinodaldetamaulipas.com.mx\/index.php?rest_route=\/wp\/v2\/types\/post"}],"author":[{"embeddable":true,"href":"https:\/\/www.elsinodaldetamaulipas.com.mx\/index.php?rest_route=\/wp\/v2\/users\/1"}],"replies":[{"embeddable":true,"href":"https:\/\/www.elsinodaldetamaulipas.com.mx\/index.php?rest_route=%2Fwp%2Fv2%2Fcomments&post=222142"}],"version-history":[{"count":1,"href":"https:\/\/www.elsinodaldetamaulipas.com.mx\/index.php?rest_route=\/wp\/v2\/posts\/222142\/revisions"}],"predecessor-version":[{"id":222145,"href":"https:\/\/www.elsinodaldetamaulipas.com.mx\/index.php?rest_route=\/wp\/v2\/posts\/222142\/revisions\/222145"}],"wp:featuredmedia":[{"embeddable":true,"href":"https:\/\/www.elsinodaldetamaulipas.com.mx\/index.php?rest_route=\/wp\/v2\/media\/222143"}],"wp:attachment":[{"href":"https:\/\/www.elsinodaldetamaulipas.com.mx\/index.php?rest_route=%2Fwp%2Fv2%2Fmedia&parent=222142"}],"wp:term":[{"taxonomy":"category","embeddable":true,"href":"https:\/\/www.elsinodaldetamaulipas.com.mx\/index.php?rest_route=%2Fwp%2Fv2%2Fcategories&post=222142"},{"taxonomy":"post_tag","embeddable":true,"href":"https:\/\/www.elsinodaldetamaulipas.com.mx\/index.php?rest_route=%2Fwp%2Fv2%2Ftags&post=222142"}],"curies":[{"name":"wp","href":"https:\/\/api.w.org\/{rel}","templated":true}]}}