{"id":222146,"date":"2026-04-28T23:19:58","date_gmt":"2026-04-29T03:19:58","guid":{"rendered":"https:\/\/www.elsinodaldetamaulipas.com.mx\/?p=222146"},"modified":"2026-04-28T23:21:58","modified_gmt":"2026-04-29T03:21:58","slug":"reynosa-entre-el-miedo-y-la-inseguridad-e-r-g","status":"publish","type":"post","link":"https:\/\/www.elsinodaldetamaulipas.com.mx\/?p=222146","title":{"rendered":"REYNOSA, ENTRE EL MIEDO Y LA INSEGURIDAD: E.R.G."},"content":{"rendered":"<p><em><strong>Por Julio Manuel Loya Guzm\u00e1n\/EL SAINODAL DE TAMAULIPAS<\/strong><\/em><\/p>\n<p>Reynosa, Tamaulipas.\u2014 Luego de que Reynosa registrara un repunte significativo en la percepci\u00f3n de inseguridad, la diputada local Eva Reyes Gonz\u00e1lez urgi\u00f3 a las autoridades de justicia a desplegar acciones contundentes que permitan recuperar la paz, la tranquilidad y la confianza de la ciudadan\u00eda.<\/p>\n<p>&nbsp;<\/p>\n<p>La legisladora reynosense, presidenta de la Comisi\u00f3n de Derechos Humanos en el Congreso del Estado, advirti\u00f3 que los resultados de la Encuesta Nacional de Seguridad P\u00fablica Urbana (ENSU) del INEGI, correspondientes a abril de 2026, reflejan un deterioro sostenido en la seguridad p\u00fablica y evidencian la necesidad de endurecer la estrategia en esta ciudad fronteriza.<\/p>\n<p>&nbsp;<\/p>\n<p>Y es que, de acuerdo con la evaluaci\u00f3n del INEGI, el 86.1% de los habitantes de Reynosa se siente inseguro, cifra superior al 81.7% reportado en diciembre de 2025.<\/p>\n<p>&nbsp;<\/p>\n<p>Destac\u00f3 que el episodio m\u00e1s reciente de violencia, registrado la madrugada de este lunes, volvi\u00f3 a paralizar tramos clave como la carretera Monterrey\u2013Reynosa, una de las rutas m\u00e1s transitadas por trabajadores y estudiantes, dejando a familias en incertidumbre y temor.<\/p>\n<p>&nbsp;<\/p>\n<p>\u201cCada detenci\u00f3n de alto perfil viene acompa\u00f1ada de reacciones violentas: bloqueos, quema de unidades y caos. No podemos seguir normalizando ese escenario\u201d, advirti\u00f3 la legisladora.<\/p>\n<p>&nbsp;<\/p>\n<p>Mientras Reynosa se rezaga, otras ciudades del estado muestran avances. Nuevo Laredo redujo su percepci\u00f3n de inseguridad a 34.8%, mientras que Tampico, Ciudad Madero y Altamira se posicionaron entre las m\u00e1s seguras del pa\u00eds. \u201cEsto nos dice que se requiere una estrategia diferente para nuestra ciudad\u201d, subray\u00f3.<\/p>\n<p>&nbsp;<\/p>\n<p>Para Reyes Gonz\u00e1lez, el problema en Reynosa no solo es operativo, sino tambi\u00e9n de comunicaci\u00f3n. Se\u00f1al\u00f3 que la falta de alertas oficiales oportunas agrava la crisis, al obligar a la ciudadan\u00eda a depender de redes sociales y cadenas informales para resguardarse.<\/p>\n<p>&nbsp;<\/p>\n<p>\u201cLa gente ya se cuida sola, se avisa entre grupos, pero hace falta una vocer\u00eda fuerte, constante y en tiempo real. Eso tambi\u00e9n es seguridad\u201d, sostuvo.<\/p>\n<p>&nbsp;<\/p>\n<p>La legisladora plante\u00f3 la implementaci\u00f3n de sistemas de alerta alternativos \u2014como sirenas o se\u00f1ales visuales\u2014 para advertir a la poblaci\u00f3n, especialmente a quienes no tienen acceso a internet.<\/p>\n<p>&nbsp;<\/p>\n<p>Resalt\u00f3 que la violencia recurrente ha generado una \u201ccultura del miedo\u201d que impacta decisiones cotidianas, desde salir a trabajar hasta enviar a los hijos a la escuela. \u201cReynosa no puede acostumbrarse a vivir as\u00ed. Nadie se acostumbra al miedo\u201d, concluy\u00f3.<\/p>\n","protected":false},"excerpt":{"rendered":"<p>Por Julio Manuel Loya Guzm\u00e1n\/EL SAINODAL DE TAMAULIPAS Reynosa, Tamaulipas.\u2014 Luego de que Reynosa registrara un repunte significativo en la percepci\u00f3n de inseguridad, la diputada local Eva Reyes Gonz\u00e1lez urgi\u00f3 a las autoridades de justicia a desplegar acciones contundentes que permitan recuperar la paz, la tranquilidad y la confianza de la ciudadan\u00eda. &nbsp; La legisladora [&hellip;]<\/p>\n","protected":false},"author":1,"featured_media":222149,"comment_status":"closed","ping_status":"closed","sticky":false,"template":"","format":"standard","meta":{"footnotes":""},"categories":[1,2],"tags":[],"class_list":["post-222146","post","type-post","status-publish","format-standard","has-post-thumbnail","hentry","category-portada","category-reynosa"],"_links":{"self":[{"href":"https:\/\/www.elsinodaldetamaulipas.com.mx\/index.php?rest_route=\/wp\/v2\/posts\/222146","targetHints":{"allow":["GET"]}}],"collection":[{"href":"https:\/\/www.elsinodaldetamaulipas.com.mx\/index.php?rest_route=\/wp\/v2\/posts"}],"about":[{"href":"https:\/\/www.elsinodaldetamaulipas.com.mx\/index.php?rest_route=\/wp\/v2\/types\/post"}],"author":[{"embeddable":true,"href":"https:\/\/www.elsinodaldetamaulipas.com.mx\/index.php?rest_route=\/wp\/v2\/users\/1"}],"replies":[{"embeddable":true,"href":"https:\/\/www.elsinodaldetamaulipas.com.mx\/index.php?rest_route=%2Fwp%2Fv2%2Fcomments&post=222146"}],"version-history":[{"count":1,"href":"https:\/\/www.elsinodaldetamaulipas.com.mx\/index.php?rest_route=\/wp\/v2\/posts\/222146\/revisions"}],"predecessor-version":[{"id":222147,"href":"https:\/\/www.elsinodaldetamaulipas.com.mx\/index.php?rest_route=\/wp\/v2\/posts\/222146\/revisions\/222147"}],"wp:featuredmedia":[{"embeddable":true,"href":"https:\/\/www.elsinodaldetamaulipas.com.mx\/index.php?rest_route=\/wp\/v2\/media\/222149"}],"wp:attachment":[{"href":"https:\/\/www.elsinodaldetamaulipas.com.mx\/index.php?rest_route=%2Fwp%2Fv2%2Fmedia&parent=222146"}],"wp:term":[{"taxonomy":"category","embeddable":true,"href":"https:\/\/www.elsinodaldetamaulipas.com.mx\/index.php?rest_route=%2Fwp%2Fv2%2Fcategories&post=222146"},{"taxonomy":"post_tag","embeddable":true,"href":"https:\/\/www.elsinodaldetamaulipas.com.mx\/index.php?rest_route=%2Fwp%2Fv2%2Ftags&post=222146"}],"curies":[{"name":"wp","href":"https:\/\/api.w.org\/{rel}","templated":true}]}}