{"id":222156,"date":"2026-04-29T09:58:08","date_gmt":"2026-04-29T13:58:08","guid":{"rendered":"https:\/\/www.elsinodaldetamaulipas.com.mx\/?p=222156"},"modified":"2026-04-29T09:58:08","modified_gmt":"2026-04-29T13:58:08","slug":"expresan-gratitud-a-directora-distrital-de-salud","status":"publish","type":"post","link":"https:\/\/www.elsinodaldetamaulipas.com.mx\/?p=222156","title":{"rendered":"EXPRESAN GRATITUD A DIRECTORA DISTRITAL DE SALUD"},"content":{"rendered":"<p><em><strong>Por Juan Carlos Rodr\u00edguez Terrazas\/EL SINODAL DE TAMAULIPAS<\/strong><\/em><\/p>\n<p>Reynosa, Tam.- La direcci\u00f3n, personal docente, administrativo y de apoyo, asi como la Asociaci\u00f3n de Padres de Familia y alumnado de la Escuela \u201cProfesor Lauro Aguirre\u201d perteneciente a la zona escolar 075 y al sector 3 de Educaci\u00f3n Primaria, expresaron su gratitud por los trabajos de fumigaci\u00f3n llevados a cabo en esa instituci\u00f3n del sector oficial.<\/p>\n<p>El profesor Juan Enrique Hern\u00e1ndez Sandoval, director de la instituci\u00f3n ubicada en la colonia Bella Vista, extern\u00f3 que la gesti\u00f3n de estas acciones llevadas ante la doctora Iliana Villarreal Cant\u00fa. Directora de IV Distrito de Salud para el Bienestar Reynosa, fueron exitosas.<\/p>\n<p>\u201cNuevamente nos encontramos con una funcionaria receptiva que atiende las peticiones elaboradas al sector salud\u201d, -reconoci\u00f3- el director de la escuela que precisamente, en este a\u00f1o festeja su centenario de actividades ininterrumpidas,<\/p>\n<p style=\"text-align: left;\">\u00a0\u00a0\u00a0\u00a0\u00a0\u00a0\u00a0\u00a0\u00a0\u00a0\u00a0\u00a0\u00a0\u00a0\u00a0 Preci\u00f3 la fuente informativa que la cercan\u00eda del canal Anzald\u00faas, provoca la proliferaci\u00f3n de toda clase de bichos como cucarachas, ara\u00f1as, tar\u00e1ntulas, roedores y hasta reptiles que cada a\u00f1o deben ser exterminados para que no se tornen en un riesgo sanitario.<\/p>\n<p><img loading=\"lazy\" decoding=\"async\" class=\"aligncenter wp-image-222158 size-full\" src=\"https:\/\/www.elsinodaldetamaulipas.com.mx\/wp-content\/uploads\/2026\/04\/FUMIGACIONES-2.jpg\" alt=\"\" width=\"894\" height=\"487\" srcset=\"https:\/\/www.elsinodaldetamaulipas.com.mx\/wp-content\/uploads\/2026\/04\/FUMIGACIONES-2.jpg 894w, https:\/\/www.elsinodaldetamaulipas.com.mx\/wp-content\/uploads\/2026\/04\/FUMIGACIONES-2-300x163.jpg 300w, https:\/\/www.elsinodaldetamaulipas.com.mx\/wp-content\/uploads\/2026\/04\/FUMIGACIONES-2-768x418.jpg 768w\" sizes=\"auto, (max-width: 894px) 100vw, 894px\" \/><\/p>\n<p style=\"text-align: center;\"><strong>EXTERMINAN BICHOS<\/strong>.<\/p>\n<p>\u00a0 \u00a0 \u00a0 \u00a0 \u00a0 \u00a0 \u00a0 \u00a0En esta ocasi\u00f3n como en los \u00faltimos tres a\u00f1os la doctora Iliana Cant\u00fa, durante un d\u00eda inh\u00e1bil, no escatim\u00f3 el esfuerzo del personal de vectores, ordenando la implementaci\u00f3n del programa de Lava, Tapa, Voltea y Tira, que antecedi\u00f3 a la fumigaci\u00f3n de la escuela para terminar con los criaderos en potencia.<\/p>\n<p>Indic\u00f3 el profesor Hern\u00e1ndez Sandoval, que las labores que se extendieron por aulas, pasillos. bodegas, biblioteca, laboratorio de idiomas, auditorio, direcci\u00f3n, patios, porico, servicios sanitarios, foro, cooperativa y dem\u00e1s instalaciones, benefician a la comunidad escolar de la Escuela Lauro Aguirre y adem\u00e1s a los de la Escuela Vespertina \u201cJusto Sierra\u201d que operan en las mismas instalaciones.<\/p>\n<p>Precis\u00f3 que en un ambiente de limpieza como lo logran mediante los trabajos de descacharrizaci\u00f3n a trav\u00e9s de la Direcci\u00f3n del IV Distrito de Salud para el Bienestar, se garantiza que tanto maestros como alumnos trabajen bajo un ambiente de seguridad, refrendando su gratitud al personal que encabeza la doctora Villarreal Cant\u00fa por todas las acciones recibidas a trav\u00e9s de esa dependencia de la Secretaria de Salud de Tamaulipas-<\/p>\n<p>&nbsp;<\/p>\n","protected":false},"excerpt":{"rendered":"<p>Por Juan Carlos Rodr\u00edguez Terrazas\/EL SINODAL DE TAMAULIPAS Reynosa, Tam.- La direcci\u00f3n, personal docente, administrativo y de apoyo, asi como la Asociaci\u00f3n de Padres de Familia y alumnado de la Escuela \u201cProfesor Lauro Aguirre\u201d perteneciente a la zona escolar 075 y al sector 3 de Educaci\u00f3n Primaria, expresaron su gratitud por los trabajos de fumigaci\u00f3n [&hellip;]<\/p>\n","protected":false},"author":1,"featured_media":222157,"comment_status":"closed","ping_status":"closed","sticky":false,"template":"","format":"standard","meta":{"footnotes":""},"categories":[1,2],"tags":[],"class_list":["post-222156","post","type-post","status-publish","format-standard","has-post-thumbnail","hentry","category-portada","category-reynosa"],"_links":{"self":[{"href":"https:\/\/www.elsinodaldetamaulipas.com.mx\/index.php?rest_route=\/wp\/v2\/posts\/222156","targetHints":{"allow":["GET"]}}],"collection":[{"href":"https:\/\/www.elsinodaldetamaulipas.com.mx\/index.php?rest_route=\/wp\/v2\/posts"}],"about":[{"href":"https:\/\/www.elsinodaldetamaulipas.com.mx\/index.php?rest_route=\/wp\/v2\/types\/post"}],"author":[{"embeddable":true,"href":"https:\/\/www.elsinodaldetamaulipas.com.mx\/index.php?rest_route=\/wp\/v2\/users\/1"}],"replies":[{"embeddable":true,"href":"https:\/\/www.elsinodaldetamaulipas.com.mx\/index.php?rest_route=%2Fwp%2Fv2%2Fcomments&post=222156"}],"version-history":[{"count":1,"href":"https:\/\/www.elsinodaldetamaulipas.com.mx\/index.php?rest_route=\/wp\/v2\/posts\/222156\/revisions"}],"predecessor-version":[{"id":222159,"href":"https:\/\/www.elsinodaldetamaulipas.com.mx\/index.php?rest_route=\/wp\/v2\/posts\/222156\/revisions\/222159"}],"wp:featuredmedia":[{"embeddable":true,"href":"https:\/\/www.elsinodaldetamaulipas.com.mx\/index.php?rest_route=\/wp\/v2\/media\/222157"}],"wp:attachment":[{"href":"https:\/\/www.elsinodaldetamaulipas.com.mx\/index.php?rest_route=%2Fwp%2Fv2%2Fmedia&parent=222156"}],"wp:term":[{"taxonomy":"category","embeddable":true,"href":"https:\/\/www.elsinodaldetamaulipas.com.mx\/index.php?rest_route=%2Fwp%2Fv2%2Fcategories&post=222156"},{"taxonomy":"post_tag","embeddable":true,"href":"https:\/\/www.elsinodaldetamaulipas.com.mx\/index.php?rest_route=%2Fwp%2Fv2%2Ftags&post=222156"}],"curies":[{"name":"wp","href":"https:\/\/api.w.org\/{rel}","templated":true}]}}