{"id":222164,"date":"2026-04-29T20:11:38","date_gmt":"2026-04-30T00:11:38","guid":{"rendered":"https:\/\/www.elsinodaldetamaulipas.com.mx\/?p=222164"},"modified":"2026-04-29T20:11:38","modified_gmt":"2026-04-30T00:11:38","slug":"en-pleno-mayo-reynosa-registrara-frente-frio","status":"publish","type":"post","link":"https:\/\/www.elsinodaldetamaulipas.com.mx\/?p=222164","title":{"rendered":"EN PLENO MAYO, REYNOSA REGISTRAR\u00c1 FRENTE FR\u00cdO"},"content":{"rendered":"<p><em><strong>Por Gil Vicente Galindo\/EL SINODAL DE TAMAULIPAS<\/strong><\/em><\/p>\n<p>Reynosa, Tam.- La temporada de frentes fr\u00edos est\u00e1 por terminar, pero antes, iniciando el mes de mayo, estar\u00e1 llegando uno m\u00e1s a esta frontera norte de Tamaulipas y ser\u00e1 el 48, donde obviamente la temperatura no bajar\u00e1 casi nada.<\/p>\n<p>De acuerdo al Servicio Meteorol\u00f3gico Nacional, si habr\u00e1 bajas temperaturas bajo cero, pero en la zona serrana de Chihuahua y Durango.<\/p>\n<p>En esta regi\u00f3n noreste y norte del pa\u00eds se pronosticas intervalos de chubascos con lluvias puntuales fuertes de 25 a 50mm en el centro de Nuevo Le\u00f3n, norte de Tamaulipas, as\u00ed como en el noreste de Puebla, todo esto, el lunes uno de mayo.<\/p>\n<p>En Reynosa el term\u00f3metro oscilar\u00e1 entre los 20 a 24 grados la m\u00ednima y la m\u00e1xima, casi en los 37 grados Celsius con posibilidades de lluvia para viernes y s\u00e1bado.<\/p>\n","protected":false},"excerpt":{"rendered":"<p>Por Gil Vicente Galindo\/EL SINODAL DE TAMAULIPAS Reynosa, Tam.- La temporada de frentes fr\u00edos est\u00e1 por terminar, pero antes, iniciando el mes de mayo, estar\u00e1 llegando uno m\u00e1s a esta frontera norte de Tamaulipas y ser\u00e1 el 48, donde obviamente la temperatura no bajar\u00e1 casi nada. De acuerdo al Servicio Meteorol\u00f3gico Nacional, si habr\u00e1 bajas [&hellip;]<\/p>\n","protected":false},"author":1,"featured_media":222166,"comment_status":"closed","ping_status":"closed","sticky":false,"template":"","format":"standard","meta":{"footnotes":""},"categories":[1,2],"tags":[],"class_list":["post-222164","post","type-post","status-publish","format-standard","has-post-thumbnail","hentry","category-portada","category-reynosa"],"_links":{"self":[{"href":"https:\/\/www.elsinodaldetamaulipas.com.mx\/index.php?rest_route=\/wp\/v2\/posts\/222164","targetHints":{"allow":["GET"]}}],"collection":[{"href":"https:\/\/www.elsinodaldetamaulipas.com.mx\/index.php?rest_route=\/wp\/v2\/posts"}],"about":[{"href":"https:\/\/www.elsinodaldetamaulipas.com.mx\/index.php?rest_route=\/wp\/v2\/types\/post"}],"author":[{"embeddable":true,"href":"https:\/\/www.elsinodaldetamaulipas.com.mx\/index.php?rest_route=\/wp\/v2\/users\/1"}],"replies":[{"embeddable":true,"href":"https:\/\/www.elsinodaldetamaulipas.com.mx\/index.php?rest_route=%2Fwp%2Fv2%2Fcomments&post=222164"}],"version-history":[{"count":1,"href":"https:\/\/www.elsinodaldetamaulipas.com.mx\/index.php?rest_route=\/wp\/v2\/posts\/222164\/revisions"}],"predecessor-version":[{"id":222167,"href":"https:\/\/www.elsinodaldetamaulipas.com.mx\/index.php?rest_route=\/wp\/v2\/posts\/222164\/revisions\/222167"}],"wp:featuredmedia":[{"embeddable":true,"href":"https:\/\/www.elsinodaldetamaulipas.com.mx\/index.php?rest_route=\/wp\/v2\/media\/222166"}],"wp:attachment":[{"href":"https:\/\/www.elsinodaldetamaulipas.com.mx\/index.php?rest_route=%2Fwp%2Fv2%2Fmedia&parent=222164"}],"wp:term":[{"taxonomy":"category","embeddable":true,"href":"https:\/\/www.elsinodaldetamaulipas.com.mx\/index.php?rest_route=%2Fwp%2Fv2%2Fcategories&post=222164"},{"taxonomy":"post_tag","embeddable":true,"href":"https:\/\/www.elsinodaldetamaulipas.com.mx\/index.php?rest_route=%2Fwp%2Fv2%2Ftags&post=222164"}],"curies":[{"name":"wp","href":"https:\/\/api.w.org\/{rel}","templated":true}]}}