{"id":222179,"date":"2026-04-29T21:27:24","date_gmt":"2026-04-30T01:27:24","guid":{"rendered":"https:\/\/www.elsinodaldetamaulipas.com.mx\/?p=222179"},"modified":"2026-04-29T21:27:24","modified_gmt":"2026-04-30T01:27:24","slug":"las-damas-de-morena","status":"publish","type":"post","link":"https:\/\/www.elsinodaldetamaulipas.com.mx\/?p=222179","title":{"rendered":"LAS DAMAS DE MORENA"},"content":{"rendered":"<p>AGENDA POL\u00cdTICA<\/p>\n<p>Por: Juan Antonio Lerma<\/p>\n<p>\u25cf Educaci\u00f3n con rumbo<\/p>\n<p>\u25cf Gobernantes muy activos<\/p>\n<p>La comparecencia del secretario de Educaci\u00f3n de Tamaulipas, MIGUEL \u00c1NGEL VALDEZ GARC\u00cdA, dej\u00f3 claro que la educaci\u00f3n se mantiene como eje central del proyecto de gobierno de AM\u00c9RICO VILLARREAL ANAYA.<br \/>\nM\u00e1s que un acto protocolario, fue una exposici\u00f3n con rumbo: ordenar prioridades y colocar a la escuela como motor de transformaci\u00f3n social.<br \/>\nEl mensaje se inscribe en la continuidad de la Nueva Escuela Mexicana, vinculando el legado de ANDR\u00c9S MANUEL L\u00d3PEZ OBRADOR con la etapa que encabeza CLAUDIA SHEINBAUM PARDO y su aplicaci\u00f3n en Tamaulipas.<br \/>\nLa apuesta es clara: dejar atr\u00e1s el modelo burocr\u00e1tico para impulsar una educaci\u00f3n humanista, inclusiva y con sentido comunitario.<br \/>\nDestac\u00f3 la ruta estatal \u201cTamaulipas Educa\u201d, la revaloraci\u00f3n del magisterio y el reconocimiento de rezagos en el aprendizaje tras la pandemia.<br \/>\nTambi\u00e9n sobresale la inversi\u00f3n en infraestructura educativa y el enfoque en temas actuales como violencia escolar, uso de tecnolog\u00eda y salud socioemocional.<br \/>\nEl desaf\u00edo ahora no es menor: pasar del discurso a resultados concretos. Porque la transformaci\u00f3n educativa no se anuncia, se construye en el aula. Ah\u00ed, ciertamente se definir\u00e1 si Tamaulipas avanza hacia una verdadera justicia educativa o si, una vez m\u00e1s, todo queda en buenas intenciones, pero se tiene fe en que el Secretario VALDEZ le siga dando un rumbo claro y tranformador a la educaci\u00f3n en Tamaulipas.<\/p>\n<p>DEL ARCHIVERO\u2026<\/p>\n<p>El escenario pol\u00edtico rumbo a 2028 en Tamaulipas empieza a perfilar una posibilidad in\u00e9dita: la llegada de una mujer a la gubernatura.<br \/>\nPor cierto, no es un tema aislado, sino parte de una tendencia nacional impulsada tras la llegada de do\u00f1a CLAUDIA SHEINBAUM PARDO, que ha fortalecido la presencia femenina en espacios del poder nacional.<br \/>\nLos perfiles que hoy se mencionan, OLGA SOSA RUIZ, CARMEN LILIA CANTUROSAS VILLARREAL y la magistrada TANIA CONTRERAS L\u00d3PEZ reflejan que hay condiciones pol\u00edticas reales dentro del movimiento en el poder. Sin embargo, m\u00e1s all\u00e1 de nombres, el reto ser\u00e1 consolidar liderazgo, estructura y consenso.<br \/>\nLa clave no ser\u00e1 solo el g\u00e9nero, sino la capacidad de construir gobernabilidad y resultados. La historia est\u00e1 al alcance, pero a\u00fan en proceso de definirse, pues a\u00fan no sabemos bien a bien si el 2028 es la elecci\u00f3n para la gubernatura o sera hasta el 2030. Lo importante ser\u00e1 ver como queda el mapa pol\u00edtico estatal en el 2027.<br \/>\nEn cambio, el D\u00eda del Ni\u00f1o y la Ni\u00f1a no solo se convirti\u00f3 en una fecha de celebraci\u00f3n, sino tambi\u00e9n en una oportunidad pol\u00edtica y social para que los gobiernos municipales de la regi\u00f3n ca\u00f1era refuercen su cercan\u00eda con la ciudadan\u00eda.<br \/>\nEn municipios como Xicot\u00e9ncatl, G\u00f3mez Far\u00edas, Ocampo y El Mante, sus alcaldes y alcaldesas han entendido que estas fechas van m\u00e1s all\u00e1 del festejo: son momentos clave para fortalecer el tejido social.<br \/>\nFiguras como MARIELA L\u00d3PEZ SOSA, FRANK DE LE\u00d3N, MELCHOR BUDARTH y PATTY CH\u00cdO han desplegado agendas activas que combinan eventos recreativos para la ni\u00f1ez con acciones de gobierno m\u00e1s estructurales, como la entrega de obras y el arranque de nuevos proyectos.<br \/>\nNo es casualidad que, junto a los festivales, tambi\u00e9n se anuncien apoyos, infraestructura o mejoras en servicios p\u00fablicos.<br \/>\nLa ni\u00f1ez no solo necesita festejos, sino condiciones dignas, acceso a servicios, educaci\u00f3n y espacios seguros de desarrollo.<br \/>\nEn ese sentido, la regi\u00f3n ca\u00f1era vive un momento interesante: alcaldesas y alcaldes activos, agendas visibles y una clara intenci\u00f3n de posicionamiento. El reto ser\u00e1 mantener ese ritmo m\u00e1s all\u00e1 de las fechas conmemorativas y traducirlo en resultados medibles a mediano y largo plazo.<br \/>\nPor hoy es todo. Sale y Vale!<\/p>\n<p>lerma2002@hotmail.com<\/p>\n","protected":false},"excerpt":{"rendered":"<p>AGENDA POL\u00cdTICA Por: Juan Antonio Lerma \u25cf Educaci\u00f3n con rumbo \u25cf Gobernantes muy activos La comparecencia del secretario de Educaci\u00f3n de Tamaulipas, MIGUEL \u00c1NGEL VALDEZ GARC\u00cdA, dej\u00f3 claro que la educaci\u00f3n se mantiene como eje central del proyecto de gobierno de AM\u00c9RICO VILLARREAL ANAYA. M\u00e1s que un acto protocolario, fue una exposici\u00f3n con rumbo: ordenar [&hellip;]<\/p>\n","protected":false},"author":1,"featured_media":198916,"comment_status":"closed","ping_status":"closed","sticky":false,"template":"","format":"standard","meta":{"footnotes":""},"categories":[16],"tags":[],"class_list":["post-222179","post","type-post","status-publish","format-standard","has-post-thumbnail","hentry","category-opinion"],"_links":{"self":[{"href":"https:\/\/www.elsinodaldetamaulipas.com.mx\/index.php?rest_route=\/wp\/v2\/posts\/222179","targetHints":{"allow":["GET"]}}],"collection":[{"href":"https:\/\/www.elsinodaldetamaulipas.com.mx\/index.php?rest_route=\/wp\/v2\/posts"}],"about":[{"href":"https:\/\/www.elsinodaldetamaulipas.com.mx\/index.php?rest_route=\/wp\/v2\/types\/post"}],"author":[{"embeddable":true,"href":"https:\/\/www.elsinodaldetamaulipas.com.mx\/index.php?rest_route=\/wp\/v2\/users\/1"}],"replies":[{"embeddable":true,"href":"https:\/\/www.elsinodaldetamaulipas.com.mx\/index.php?rest_route=%2Fwp%2Fv2%2Fcomments&post=222179"}],"version-history":[{"count":1,"href":"https:\/\/www.elsinodaldetamaulipas.com.mx\/index.php?rest_route=\/wp\/v2\/posts\/222179\/revisions"}],"predecessor-version":[{"id":222180,"href":"https:\/\/www.elsinodaldetamaulipas.com.mx\/index.php?rest_route=\/wp\/v2\/posts\/222179\/revisions\/222180"}],"wp:featuredmedia":[{"embeddable":true,"href":"https:\/\/www.elsinodaldetamaulipas.com.mx\/index.php?rest_route=\/wp\/v2\/media\/198916"}],"wp:attachment":[{"href":"https:\/\/www.elsinodaldetamaulipas.com.mx\/index.php?rest_route=%2Fwp%2Fv2%2Fmedia&parent=222179"}],"wp:term":[{"taxonomy":"category","embeddable":true,"href":"https:\/\/www.elsinodaldetamaulipas.com.mx\/index.php?rest_route=%2Fwp%2Fv2%2Fcategories&post=222179"},{"taxonomy":"post_tag","embeddable":true,"href":"https:\/\/www.elsinodaldetamaulipas.com.mx\/index.php?rest_route=%2Fwp%2Fv2%2Ftags&post=222179"}],"curies":[{"name":"wp","href":"https:\/\/api.w.org\/{rel}","templated":true}]}}