{"id":222182,"date":"2026-04-29T21:28:37","date_gmt":"2026-04-30T01:28:37","guid":{"rendered":"https:\/\/www.elsinodaldetamaulipas.com.mx\/?p=222182"},"modified":"2026-04-29T21:28:37","modified_gmt":"2026-04-30T01:28:37","slug":"aplauden-rumbo-de-la-uat","status":"publish","type":"post","link":"https:\/\/www.elsinodaldetamaulipas.com.mx\/?p=222182","title":{"rendered":"APLAUDEN RUMBO DE LA UAT"},"content":{"rendered":"<p>C R O N I C A S\u00a0\u00a0\u00a0 P O L I T I C A S<\/p>\n<p>&nbsp;<\/p>\n<p><strong>Por Alberto Guerra Salazar<\/strong><\/p>\n<p><strong>CIUDAD VICTORIA, (ASI).\u2014 El problema no es que se acuse en Estados Unidos de tr\u00e1fico de drogas y de armas al Gobernador de Sinaloa y a sus principales colaboradores, pues el verdadero problema es que aqu\u00ed el funcionario bajo sospecha de corrupci\u00f3n anuncie que presentar\u00e1 las pruebas de su inocencia \u201cen el momento oportuno\u201d.<\/strong><\/p>\n<p><strong>Se trata a todas luces de un desplante de cinismo y desfachatez pues el imperativo pol\u00edtico y social es que salga en su defensa ahora mismo pues no se est\u00e1 hablando de una nota suelta de prensa o una imputaci\u00f3n de sus detractores pol\u00edticos, sino de un cargo presentado por el mismo gobierno del vecino pa\u00eds.<\/strong><\/p>\n<p><strong>Los observadores advierten que la Presidenta de la Rep\u00fablica Claudia Sheinbaum se encuentra en un predicamento, pues estar\u00eda obligada a hacer un pronunciamiento, bien a favor del alto funcionario mexicano, o emplaz\u00e1ndolo a defenderse \u00e9l mismo, ahora.<\/strong><\/p>\n<p><strong>En otros temas, el Gobernador Am\u00e9rico Villarreal Anaya asisti\u00f3 como invitado de honor a la presentaci\u00f3n del segundo informe del Rector de la Universidad Aut\u00f3noma de Tamaulipas, D\u00e1maso Anaya.<\/strong><\/p>\n<p><strong>Am\u00e9rico resalt\u00f3 los avances en ampliaci\u00f3n de la matr\u00edcula, diversificaci\u00f3n de la oferta acad\u00e9mica, fortalecimiento de la investigaci\u00f3n, reconoci\u00f3 a la UAT como aliada en proyectos estrat\u00e9gicos para Tamaulipas y como referente nacional por sus aportaciones.<\/strong><\/p>\n<p><strong>Tambi\u00e9n se refiri\u00f3 el jefe del poder ejecutivo estatal, al reciente reconocimiento expresado por la Presidenta de la Rep\u00fablica Claudia Sheinbaum Pardo a las aportaciones de la UAT, reconociendo a la m\u00e1xima casa de estudios de Tamaulipas como aliada fundamental en la transformaci\u00f3n del Estado.<\/strong><\/p>\n<p><strong>El Gobernador exhort\u00f3 a la comunidad universitaria a mantener el rumbo de la transformaci\u00f3n institucional, reconociendo a docentes, estudiantes y autoridades por consolidar una universidad con sentido humanista, vocaci\u00f3n cient\u00edfica y compromiso con el futuro del Estado.<\/strong><\/p>\n<p><strong>El Rector D\u00e1maso Anaya indic\u00f3 que su comparecencia ante la Asamblea Universitaria es un ejercicio de rendici\u00f3n de cuentas que refrenda el rumbo de transformaci\u00f3n fortalecimiento institucional y compromiso social.<\/strong><\/p>\n<p><strong>Agradeci\u00f3 la presencia del Gobernador Am\u00e9rico Villarreal, de la doctora Olga Hern\u00e1ndez Lim\u00f3n, representante de Luis Armando Gonz\u00e1lez Placencia, secretario general ejecutivo de la Asociaci\u00f3n Nacional de Universidades e Instituciones de Educaci\u00f3n Superior, ANUIES, as\u00ed como de la doctora Mar\u00eda de Villarreal, presidenta del Sistema DIF Tamaulipas.<\/strong><\/p>\n<p><strong>Entre los principales resultados del informe, resalt\u00f3 una matr\u00edcula superior a 42 000 estudiantes; el ciento por ciento de los programas de licenciatura acreditados; el crecimiento de la investigaci\u00f3n de 106 a 231 proyectos activos; una inversi\u00f3n superior a 232 millones de pesos en infraestructura.<\/strong><\/p>\n<p><strong>Asimismo, presumi\u00f3 de una oferta de 182 programas acad\u00e9micos que fortalecen la pertinencia educativa y el desarrollo regional. Tambi\u00e9n se han otorgado a estudiantes m\u00e1s de 20 mil becas y m\u00e1s de cinco mil est\u00edmulos econ\u00f3micos, as\u00ed como un programa de cursos de capacitaci\u00f3n y certificaci\u00f3n.<\/strong><\/p>\n<p><strong>Por el rumbo de Nuevo Laredo, el gobierno de Carmen Lilia Cant\u00farosas Villarreal reiter\u00f3 su invitaci\u00f3n a los padres de familia y a sus hijos a divertirse este d\u00eda en el zool\u00f3gico, el acuario y la alberca Cam\u00e9cuaro, de manera gratuita, con motivo de la celebraci\u00f3n del D\u00eda del Ni\u00f1o.<\/strong><\/p>\n<p><strong>Carmen Lilia quiere que todas las ni\u00f1as y ni\u00f1os sin distinci\u00f3n puedan disfrutar de espacios recreativos dignos, seguros y accesibles, como parte de una pol\u00edtica p\u00fablica enfocada en fortalecer el tejido social desde la infancia.<\/strong><\/p>\n<p><strong>Dijo la edil que este tipo de accione no son aisladas, sino parte de una visi\u00f3n de gobierno que pone al centro a las personas, particularmente a las ni\u00f1as y ni\u00f1os, impulsando entornos donde puedan crecer con bienestar, alegr\u00eda y oportunidades.<\/strong><\/p>\n<p><strong>Retomamos el tema de las UAT para agregar que el Secretario estatal de Educaci\u00f3n P\u00fablica Miguel Angel Valdez Garc\u00eda, inform\u00f3 que la m\u00e1xima casa de estudios de Tamaulipas fortalece su vinculaci\u00f3n con esa dependencia, particularmente en los \u00e1mbitos de la investigaci\u00f3n y la ampliaci\u00f3n de espacios en la educaci\u00f3n media superior.<\/strong><\/p>\n<p><strong>Dijo Valdez Garc\u00eda que el trabajo conjunto entre la UAT y el gobierno del Estado consolida a la educaci\u00f3n superior como un eje estrat\u00e9gico para la transformaci\u00f3n social, mediante la generaci\u00f3n de conocimientos, la innovaci\u00f3n educativa y la atenci\u00f3n a las necesidades del entorno.<\/strong><\/p>\n<p><strong>Correo electr\u00f3nico:\u00a0<a href=\"mailto:albertoguerra65@hotmail.com\" target=\"_blank\" rel=\"noreferrer noopener\">albertoguerra65@hotmail.com<\/a><\/strong><\/p>\n","protected":false},"excerpt":{"rendered":"<p>C R O N I C A S\u00a0\u00a0\u00a0 P O L I T I C A S &nbsp; Por Alberto Guerra Salazar CIUDAD VICTORIA, (ASI).\u2014 El problema no es que se acuse en Estados Unidos de tr\u00e1fico de drogas y de armas al Gobernador de Sinaloa y a sus principales colaboradores, pues el verdadero problema [&hellip;]<\/p>\n","protected":false},"author":1,"featured_media":214855,"comment_status":"closed","ping_status":"closed","sticky":false,"template":"","format":"standard","meta":{"footnotes":""},"categories":[16],"tags":[],"class_list":["post-222182","post","type-post","status-publish","format-standard","has-post-thumbnail","hentry","category-opinion"],"_links":{"self":[{"href":"https:\/\/www.elsinodaldetamaulipas.com.mx\/index.php?rest_route=\/wp\/v2\/posts\/222182","targetHints":{"allow":["GET"]}}],"collection":[{"href":"https:\/\/www.elsinodaldetamaulipas.com.mx\/index.php?rest_route=\/wp\/v2\/posts"}],"about":[{"href":"https:\/\/www.elsinodaldetamaulipas.com.mx\/index.php?rest_route=\/wp\/v2\/types\/post"}],"author":[{"embeddable":true,"href":"https:\/\/www.elsinodaldetamaulipas.com.mx\/index.php?rest_route=\/wp\/v2\/users\/1"}],"replies":[{"embeddable":true,"href":"https:\/\/www.elsinodaldetamaulipas.com.mx\/index.php?rest_route=%2Fwp%2Fv2%2Fcomments&post=222182"}],"version-history":[{"count":1,"href":"https:\/\/www.elsinodaldetamaulipas.com.mx\/index.php?rest_route=\/wp\/v2\/posts\/222182\/revisions"}],"predecessor-version":[{"id":222183,"href":"https:\/\/www.elsinodaldetamaulipas.com.mx\/index.php?rest_route=\/wp\/v2\/posts\/222182\/revisions\/222183"}],"wp:featuredmedia":[{"embeddable":true,"href":"https:\/\/www.elsinodaldetamaulipas.com.mx\/index.php?rest_route=\/wp\/v2\/media\/214855"}],"wp:attachment":[{"href":"https:\/\/www.elsinodaldetamaulipas.com.mx\/index.php?rest_route=%2Fwp%2Fv2%2Fmedia&parent=222182"}],"wp:term":[{"taxonomy":"category","embeddable":true,"href":"https:\/\/www.elsinodaldetamaulipas.com.mx\/index.php?rest_route=%2Fwp%2Fv2%2Fcategories&post=222182"},{"taxonomy":"post_tag","embeddable":true,"href":"https:\/\/www.elsinodaldetamaulipas.com.mx\/index.php?rest_route=%2Fwp%2Fv2%2Ftags&post=222182"}],"curies":[{"name":"wp","href":"https:\/\/api.w.org\/{rel}","templated":true}]}}