{"id":222185,"date":"2026-04-29T21:40:21","date_gmt":"2026-04-30T01:40:21","guid":{"rendered":"https:\/\/www.elsinodaldetamaulipas.com.mx\/?p=222185"},"modified":"2026-04-29T21:40:21","modified_gmt":"2026-04-30T01:40:21","slug":"en-corbata-luce-las-siglas-el-rector-de-la-uat","status":"publish","type":"post","link":"https:\/\/www.elsinodaldetamaulipas.com.mx\/?p=222185","title":{"rendered":"EN CORBATA LUCE LAS SIGLAS EL RECTOR DE LA UAT"},"content":{"rendered":"<p>EXPEDIENTE<\/p>\n<p>Azahel Jaramillo H.<\/p>\n<p>&nbsp;<\/p>\n<p><strong>De la mano de su esposa Isolda Rend\u00f3n de Anaya, lleg\u00f3 a las 12: 15 al Centro de Excelencia el rector D\u00e1maso Leonardo Anaya Alvarado,\u00a0de traje color negro y luciendo una corbata negra con vivos color naranja y las siglas UAT. Junto con el gobernador Am\u00e9rico Villarreal Anaya y la presidenta del DIF Tamaulipas, Dra. Mar\u00eda Santiago de Villarreal, el rector y su esposa cruzaron la puerta de acceso a la sede de la ceremonia del Segundo Informe.<\/strong><\/p>\n<p><strong>\u00a0 \u00a0 \u00a0 \u00a0 \u00a0 \u00a0En el auditorio del Centro de Excelencia este grupo de cuatro fueron\u00a0 recibidos con un caluroso aplauso por los integrantes de la Asamblea Universitaria, e invitados especiales, entre los que destacaba Miguel \u00c1ngel Valdez, secretario de Educaci\u00f3n de Tamaulipas.<\/strong><\/p>\n<p><strong>\u00a0 \u00a0 \u00a0 \u00a0 \u00a0 Junto al micr\u00f3fono, tres banderas centraban las miradas. Las banderas era: Al centro, la bandera de M\u00e9xico y a su lado, banderas que portaban el Escudo de armas de Tamaulipas, y el logotipo la Universidad Aut\u00f3noma de Tamaulipas.<\/strong><\/p>\n<p><strong>\u00a0 \u00a0 \u00a0 \u00a0 \u00a0 \u00a0 \u00a0A las 12: 19 pm, al micr\u00f3fono, el rector D\u00e1maso Anaya dijo: \u00abExpreso un especial reconocimiento por la presencia del gobernador Am\u00e9rico Villarreal Anaya, cuya asistencia fortalece el compromiso institucional, con la transparencia y la rendici\u00f3n de cuentas\u00bb.<\/strong><\/p>\n<p><strong>\u00a0 \u00a0 \u00a0 \u00a0 \u00a0 \u00a0Y dirigi\u00e9ndose a la Asamblea, el rector D\u00e1maso a\u00f1adi\u00f3: \u00abPresento este Segundo Informe de Actividades con un profundo sentido de responsabilidad universitaria, convencido, de que conducir una universidad p\u00fablica implica, no solo administrar recursos, sino interpretar nuestro tiempo, y orientar el conocimiento, hacia el bienestar colectivo\u00bb\u00a0 \u00a0 \u00a0 \u00a0 \u00a0 \u00a0 \u00a0 \u00a0 \u00a0<\/strong><\/p>\n<p><strong>\u00a0 \u00a0 \u00a0 \u00a0 \u00a0 \u00a0Haciendo el balance, el rector dijo: \u00abQuiero platicarles. que cuando inici\u00e9 mi gesti\u00f3n, ten\u00edamos un crecimiento promedio anual de estudiantes, del 1 por ciento en los a\u00f1os anteriores al 2024, y aunque \u00e9ramos una universidad, con bases s\u00f3lidas, ya que cont\u00e1bamos con el 87 por ciento de nuestros programas acreditados. S\u00ed, ten\u00edamos rumbo\u2026 pero a\u00fan ten\u00edamos retos\u00bb.\u00a0<\/strong><\/p>\n<p><strong>\u00a0 \u00a0 \u00a0 Tras expresar un breve discurso, a eso de la 1 de la tarde con 48 minutos, el gobernador Am\u00e9rico celebr\u00f3 expresando que \u00abhombro con hombro\u00bb la Universidad avanza.\u00a0 \u00a0 \u00a0 \u00a0 \u00a0 \u00a0 \u00a0 \u00a0 \u00a0 \u00a0 \u00a0 \u00a0 \u00a0 \u00a0\u00a0<\/strong><\/p>\n<p><strong>\u00a0 \u00a0 \u00a0 \u00a0 \u00a0 \u00a0 \u00a0 \u00a0 \u00a0 \u00a0 \u00a0 \u00a0 \u00a0 \u00a0 \u00a0 MIGUEL VALDEZ EXPLICA PLAN \u00abTAMAULIPAS EDUCA\u00bb\u00a0<\/strong><\/p>\n<p><strong>\u00a0 \u00a0 \u00a0 \u00a0 \u00a0 \u00a0 \u00a0 \u00a0 \u00a0Les comparto que el programa \u00abTamaulipas Educa\u00bb , integrado por 10 objetivos espec\u00edficos y 100 acciones prioritarias, tiene como prop\u00f3sito consolidar una transformaci\u00f3n educativa con enfoque humanista en la entidad, explic\u00f3 el secretario de Educaci\u00f3n, Miguel \u00c1ngel Valdez Garc\u00eda.<\/strong><\/p>\n<p><strong>El funcionario destac\u00f3 que esta pol\u00edtica educativa busca dejar una huella duradera en el sistema educativo estatal, retomando la vocaci\u00f3n formativa de Tamaulipas y fortaleciendo el papel de la comunidad escolar en su conjunto.<\/strong><\/p>\n<p><strong>\u00a0 \u00a0 \u00a0 \u00a0 \u00a0 \u00a0 \u00a0 \u00a0Valdez Garc\u00eda se\u00f1al\u00f3 que aunque el programa contempla m\u00faltiples l\u00edneas de acci\u00f3n, se priorizan tres ejes fundamentales: el mejoramiento de la infraestructura educativa, la pol\u00edtica de los aprendizajes fundamentales y la revalorizaci\u00f3n del magisterio.<\/strong><\/p>\n<ol>\n<li><strong>En materia de infraestructura, destac\u00f3 el compromiso de garantizar que todos los planteles cuenten con condiciones dignas en servicios b\u00e1sicos, y equipamiento. NOS VEMOS.<\/strong><\/li>\n<\/ol>\n","protected":false},"excerpt":{"rendered":"<p>EXPEDIENTE Azahel Jaramillo H. &nbsp; De la mano de su esposa Isolda Rend\u00f3n de Anaya, lleg\u00f3 a las 12: 15 al Centro de Excelencia el rector D\u00e1maso Leonardo Anaya Alvarado,\u00a0de traje color negro y luciendo una corbata negra con vivos color naranja y las siglas UAT. Junto con el gobernador Am\u00e9rico Villarreal Anaya y la [&hellip;]<\/p>\n","protected":false},"author":1,"featured_media":196823,"comment_status":"closed","ping_status":"closed","sticky":false,"template":"","format":"standard","meta":{"footnotes":""},"categories":[16],"tags":[],"class_list":["post-222185","post","type-post","status-publish","format-standard","has-post-thumbnail","hentry","category-opinion"],"_links":{"self":[{"href":"https:\/\/www.elsinodaldetamaulipas.com.mx\/index.php?rest_route=\/wp\/v2\/posts\/222185","targetHints":{"allow":["GET"]}}],"collection":[{"href":"https:\/\/www.elsinodaldetamaulipas.com.mx\/index.php?rest_route=\/wp\/v2\/posts"}],"about":[{"href":"https:\/\/www.elsinodaldetamaulipas.com.mx\/index.php?rest_route=\/wp\/v2\/types\/post"}],"author":[{"embeddable":true,"href":"https:\/\/www.elsinodaldetamaulipas.com.mx\/index.php?rest_route=\/wp\/v2\/users\/1"}],"replies":[{"embeddable":true,"href":"https:\/\/www.elsinodaldetamaulipas.com.mx\/index.php?rest_route=%2Fwp%2Fv2%2Fcomments&post=222185"}],"version-history":[{"count":1,"href":"https:\/\/www.elsinodaldetamaulipas.com.mx\/index.php?rest_route=\/wp\/v2\/posts\/222185\/revisions"}],"predecessor-version":[{"id":222196,"href":"https:\/\/www.elsinodaldetamaulipas.com.mx\/index.php?rest_route=\/wp\/v2\/posts\/222185\/revisions\/222196"}],"wp:featuredmedia":[{"embeddable":true,"href":"https:\/\/www.elsinodaldetamaulipas.com.mx\/index.php?rest_route=\/wp\/v2\/media\/196823"}],"wp:attachment":[{"href":"https:\/\/www.elsinodaldetamaulipas.com.mx\/index.php?rest_route=%2Fwp%2Fv2%2Fmedia&parent=222185"}],"wp:term":[{"taxonomy":"category","embeddable":true,"href":"https:\/\/www.elsinodaldetamaulipas.com.mx\/index.php?rest_route=%2Fwp%2Fv2%2Fcategories&post=222185"},{"taxonomy":"post_tag","embeddable":true,"href":"https:\/\/www.elsinodaldetamaulipas.com.mx\/index.php?rest_route=%2Fwp%2Fv2%2Ftags&post=222185"}],"curies":[{"name":"wp","href":"https:\/\/api.w.org\/{rel}","templated":true}]}}