{"id":222186,"date":"2026-04-29T21:30:16","date_gmt":"2026-04-30T01:30:16","guid":{"rendered":"https:\/\/www.elsinodaldetamaulipas.com.mx\/?p=222186"},"modified":"2026-04-29T21:30:16","modified_gmt":"2026-04-30T01:30:16","slug":"la-uat-dos-anos-de-hechos","status":"publish","type":"post","link":"https:\/\/www.elsinodaldetamaulipas.com.mx\/?p=222186","title":{"rendered":"LA UAT, DOS A\u00d1OS DE HECHOS"},"content":{"rendered":"<p>POR LA LIBRE<\/p>\n<p>Por Edelmira Cerecedo Garc\u00eca.<\/p>\n<p>Lo que hoy muestra la Universidad Aut\u00f3noma de Tamaulipas no es un momento aislado, es el resultado de decisiones bien encaminadas que empiezan a rendir frutos visibles. En su segundo informe de actividades, el rector D\u00e1maso Anaya Alvarado deja claro que la instituci\u00f3n no solo avanz\u00f3, sino que tom\u00f3 ritmo, orden y sentido en su crecimiento.<\/p>\n<p>Pasar de un crecimiento casi inercial a una expansi\u00f3n con prop\u00f3sito, alcanzar el 100% de programas acreditados, duplicar la investigaci\u00f3n y abrirle espacio a m\u00e1s de 42 mil estudiantes no es casualidad. Es direcci\u00f3n, es trabajo constante y es visi\u00f3n. Y ah\u00ed, el rector ha sabido leer su tiempo: entender que hoy la universidad no solo forma profesionistas, sino ciudadanos con responsabilidad social.<\/p>\n<p>Pero este impulso tampoco camina solo. El acompa\u00f1amiento del gobernador Am\u00e9rico Villarreal Anaya ha sido clave para consolidar una relaci\u00f3n donde la educaci\u00f3n se coloca como eje real del desarrollo. Cuando hay coordinaci\u00f3n, los resultados se multiplican\u2026 y Tamaulipas empieza a notarlo.<\/p>\n<p>Hoy, la UAT no solo educa: conecta, investiga, resuelve y se compromete. Y eso, en un estado que apuesta por el conocimiento como motor de cambio, no es menor. Es, simple y claro, una buena se\u00f1al de que cuando se hacen bien las cosas\u2026 el futuro s\u00ed alcanza.<\/p>\n<p>Reconocimiento del Gobernador que refleja rumbo y resultados.<\/p>\n<p>Educaci\u00f3n con sentido social que ya empieza a transformar realidades<br \/>\nEl reconocimiento del Gobierno de Tamaulipas no es solo un gesto institucional, tambi\u00e9n es una se\u00f1al clara de hacia d\u00f3nde se est\u00e1 moviendo la educaci\u00f3n en el estado. Cuando la administraci\u00f3n que encabeza Am\u00e9rico Villarreal Anaya destaca el trabajo del rector D\u00e1maso Anaya Alvarado, lo que realmente se subraya es una coincidencia de rumbo: apostar por una educaci\u00f3n superior con sentido social, con enfoque humanista y con resultados tangibles.<\/p>\n<p>Y es que lo que est\u00e1 pasando en la UAT ya se siente m\u00e1s all\u00e1 de los informes: se ve en aulas que crecen, en j\u00f3venes que encuentran oportunidades donde antes no las hab\u00eda y en una universidad que decidi\u00f3 no quedarse c\u00f3moda. Hay empuje, hay idea clara de futuro y hay un mensaje que pesa: cuando la educaci\u00f3n se toma en serio, s\u00ed puede cambiar historias\u2026 y tambi\u00e9n el destino de todo un estado.<\/p>\n","protected":false},"excerpt":{"rendered":"<p>POR LA LIBRE Por Edelmira Cerecedo Garc\u00eca. Lo que hoy muestra la Universidad Aut\u00f3noma de Tamaulipas no es un momento aislado, es el resultado de decisiones bien encaminadas que empiezan a rendir frutos visibles. En su segundo informe de actividades, el rector D\u00e1maso Anaya Alvarado deja claro que la instituci\u00f3n no solo avanz\u00f3, sino que [&hellip;]<\/p>\n","protected":false},"author":1,"featured_media":216109,"comment_status":"closed","ping_status":"closed","sticky":false,"template":"","format":"standard","meta":{"footnotes":""},"categories":[16],"tags":[],"class_list":["post-222186","post","type-post","status-publish","format-standard","has-post-thumbnail","hentry","category-opinion"],"_links":{"self":[{"href":"https:\/\/www.elsinodaldetamaulipas.com.mx\/index.php?rest_route=\/wp\/v2\/posts\/222186","targetHints":{"allow":["GET"]}}],"collection":[{"href":"https:\/\/www.elsinodaldetamaulipas.com.mx\/index.php?rest_route=\/wp\/v2\/posts"}],"about":[{"href":"https:\/\/www.elsinodaldetamaulipas.com.mx\/index.php?rest_route=\/wp\/v2\/types\/post"}],"author":[{"embeddable":true,"href":"https:\/\/www.elsinodaldetamaulipas.com.mx\/index.php?rest_route=\/wp\/v2\/users\/1"}],"replies":[{"embeddable":true,"href":"https:\/\/www.elsinodaldetamaulipas.com.mx\/index.php?rest_route=%2Fwp%2Fv2%2Fcomments&post=222186"}],"version-history":[{"count":1,"href":"https:\/\/www.elsinodaldetamaulipas.com.mx\/index.php?rest_route=\/wp\/v2\/posts\/222186\/revisions"}],"predecessor-version":[{"id":222187,"href":"https:\/\/www.elsinodaldetamaulipas.com.mx\/index.php?rest_route=\/wp\/v2\/posts\/222186\/revisions\/222187"}],"wp:featuredmedia":[{"embeddable":true,"href":"https:\/\/www.elsinodaldetamaulipas.com.mx\/index.php?rest_route=\/wp\/v2\/media\/216109"}],"wp:attachment":[{"href":"https:\/\/www.elsinodaldetamaulipas.com.mx\/index.php?rest_route=%2Fwp%2Fv2%2Fmedia&parent=222186"}],"wp:term":[{"taxonomy":"category","embeddable":true,"href":"https:\/\/www.elsinodaldetamaulipas.com.mx\/index.php?rest_route=%2Fwp%2Fv2%2Fcategories&post=222186"},{"taxonomy":"post_tag","embeddable":true,"href":"https:\/\/www.elsinodaldetamaulipas.com.mx\/index.php?rest_route=%2Fwp%2Fv2%2Ftags&post=222186"}],"curies":[{"name":"wp","href":"https:\/\/api.w.org\/{rel}","templated":true}]}}