{"id":222188,"date":"2026-04-29T21:31:54","date_gmt":"2026-04-30T01:31:54","guid":{"rendered":"https:\/\/www.elsinodaldetamaulipas.com.mx\/?p=222188"},"modified":"2026-04-29T21:43:03","modified_gmt":"2026-04-30T01:43:03","slug":"tamaulipas-fortalece-educacion","status":"publish","type":"post","link":"https:\/\/www.elsinodaldetamaulipas.com.mx\/?p=222188","title":{"rendered":"TAMAULIPAS FORTALECE EDUCACI\u00d3N"},"content":{"rendered":"<p><em><strong>*Miguel \u00c1ngel Valdez Garc\u00eda, sali\u00f3 airoso en su comparecencia ante el Congreso<\/strong><\/em><br \/>\n<em><strong>del Estado<\/strong><\/em><br \/>\n<em><strong>*Retumbaron los aplausos al t\u00e9rmino de su presentaci\u00f3n\u2026<\/strong><\/em><\/p>\n<p>Como parte de la glosa del Informe de Gobierno reciente, Miguel \u00c1ngel<br \/>\nValdez Garc\u00eda, secretario de Educaci\u00f3n de Tamaulipas, compareci\u00f3 ayer ante el<br \/>\npleno del Congreso del Estado y ante los legisladores; asegur\u00f3 que se est\u00e1<br \/>\ndejando atr\u00e1s una visi\u00f3n burocr\u00e1tica y memor\u00edstica, para dar paso a una<br \/>\neducaci\u00f3n humanista, inclusiva, cr\u00edtica y con sentido comunitario.<br \/>\nDe frente a las diputadas y diputados locales de las diferentes fracciones<br \/>\nparlamentarias, el funcionario estatal enfatiz\u00f3 que la educaci\u00f3n es una de las<br \/>\nprioridades del gobernador Am\u00e9rico Villarreal Anaya y que la Nueva Escuela<br \/>\nMexicana en nuestro estado es, tambi\u00e9n, continuidad del mandato popular<br \/>\nimpulsado por Andr\u00e9s Manuel L\u00f3pez Obrador, y que hoy se consolida con la<br \/>\npresidenta Claudia Sheinbaum Pardo.<br \/>\nCon voz fuerte y clara, Valdez Garc\u00eda dijo, que en nuestra entidad existe<br \/>\nuna ruta llamada \u201cTamaulipas Educa\u201d. Lo que permite definir prioridades, alinear<br \/>\nacciones y acelerar resultados en el sistema educativo. Puso especial \u00e9nfasis en<br \/>\nla sinergia que est\u00e1 haciendo la administraci\u00f3n del Jefe del Ejecutivo Estatal con la<br \/>\nde la presidenta Claudia Sheinbaum, lo que ha permitido una inversi\u00f3n del orden<br \/>\nde los 827 millones de pesos en materia de infraestructura.<br \/>\nAnte el pleno del Congreso, el secretario del ramo destac\u00f3 el esfuerzo del<br \/>\ngobernador para cerrar brechas de a\u00f1os de desigualdad, consolidando programas<br \/>\ncomo el de becas, uniformes, \u00fatiles, internet satelital, siendo estos pol\u00edtica de<br \/>\nequidad, no apoyos aislados.<br \/>\nLa comparecencia fue considerada hist\u00f3rica por la presencia del l\u00edder de la<br \/>\nSecci\u00f3n 30 del SNTE, Arnulfo Rodr\u00edguez Trevi\u00f1o y por toda la estructura de la<br \/>\nSecretaria de Educaci\u00f3n de Tamaulipas, que constataron todos los avances en<br \/>\ninfraestructura educativa, aprendizajes fundamentales y el programa de becas<br \/>\n\u00abRita Cetina\u00bb.<\/p>\n<p><strong>NOTAS CORTAS<\/strong><\/p>\n<p>1.- En los altos mandos del Morenismo nacional ya lo saben y vienen<br \/>\nanalizando los mejores perfiles para contender, sobre todo para las alcald\u00edas en<br \/>\nlos diferentes municipios de Tamaulipas, sobre todo en los m\u00e1s grandes del<br \/>\nestado, por lo que se viene haciendo encuestas, sondeos y mediciones y quien es<br \/>\nel mejor. As\u00ed mantiene su intenci\u00f3n de postular al actual secretario del<br \/>\nAyuntamiento de Victoria, Hugo Res\u00e9ndez Silva, como pr\u00f3ximo candidato a<\/p>\n<p>alcalde de la capital tamaulipeca, quien sobresale muy por encima de los dem\u00e1s<br \/>\ncontendientes, por lo que no lo pierdan de vista en el futuro inmediato. Adem\u00e1s es<br \/>\nraza, garant\u00eda de triunfo y es el mejor.<br \/>\n2.- Tamaulipas tendr\u00e1 este d\u00eda importante presencia en el Tianguis<br \/>\nInternacional de Turismo, que se desarrolla en Acapulco, Guerrero. Tula, ser\u00e1<br \/>\nreconocido por su talento y tradici\u00f3n, pues proyectan con fuerza la riqueza de su<br \/>\nidentidad cultural a nivel nacional. As\u00ed participa en la 50\u00aa edici\u00f3n del Tianguis<br \/>\nTur\u00edstico 2026. Lo representa el alcalde Ren\u00e9 Lara Cisneros y encabeza la<br \/>\ndelegaci\u00f3n junto con personal de turismo para fortalecer la proyecci\u00f3n del<br \/>\nmunicipio.<br \/>\n3.- En el marco del Segundo Informe Rectoral del M\u00e9dico Veterinario<br \/>\nZootecnista de Profesi\u00f3n, D\u00e1maso Anaya Alvarado, se constata que hay<br \/>\ntransparencia y crecimiento y ese es el sello del rector que lo caracteriza. As\u00ed a<br \/>\ntrav\u00e9s de logros y resultados proyecta una UAT m\u00e1s s\u00f3lida, con buenos<br \/>\nresultados, estabilidad y visi\u00f3n institucional, lo que la convierte en ejemplo<br \/>\nnacional. Son dos a\u00f1os de logros y avances de su administraci\u00f3n puntualmente.<br \/>\n4.- Sab\u00eda usted que?\u2026el 30 de abril de 1924 fue instituido por el presidente<br \/>\n\u00c1lvaro Obreg\u00f3n y el entonces secretario de Educaci\u00f3n, Jos\u00e9 Vasconcelos, por lo<br \/>\nque, enhorabuena a todos los peques en su d\u00eda, les dice el gobernador de<br \/>\nTamaulipas, Am\u00e9rico Villarreal Anaya y su se\u00f1ora esposa, la Dra. Mar\u00eda de<br \/>\nVillarreal, presidenta del Sistema DIF estatal.<br \/>\nPor hoy es todo, en la pr\u00f3xima seguiremos dialogando del acontecer<br \/>\npol\u00edtico tamaulipeco.<\/p>\n","protected":false},"excerpt":{"rendered":"<p>*Miguel \u00c1ngel Valdez Garc\u00eda, sali\u00f3 airoso en su comparecencia ante el Congreso del Estado *Retumbaron los aplausos al t\u00e9rmino de su presentaci\u00f3n\u2026 Como parte de la glosa del Informe de Gobierno reciente, Miguel \u00c1ngel Valdez Garc\u00eda, secretario de Educaci\u00f3n de Tamaulipas, compareci\u00f3 ayer ante el pleno del Congreso del Estado y ante los legisladores; asegur\u00f3 [&hellip;]<\/p>\n","protected":false},"author":1,"featured_media":217861,"comment_status":"closed","ping_status":"closed","sticky":false,"template":"","format":"standard","meta":{"footnotes":""},"categories":[16],"tags":[],"class_list":["post-222188","post","type-post","status-publish","format-standard","has-post-thumbnail","hentry","category-opinion"],"_links":{"self":[{"href":"https:\/\/www.elsinodaldetamaulipas.com.mx\/index.php?rest_route=\/wp\/v2\/posts\/222188","targetHints":{"allow":["GET"]}}],"collection":[{"href":"https:\/\/www.elsinodaldetamaulipas.com.mx\/index.php?rest_route=\/wp\/v2\/posts"}],"about":[{"href":"https:\/\/www.elsinodaldetamaulipas.com.mx\/index.php?rest_route=\/wp\/v2\/types\/post"}],"author":[{"embeddable":true,"href":"https:\/\/www.elsinodaldetamaulipas.com.mx\/index.php?rest_route=\/wp\/v2\/users\/1"}],"replies":[{"embeddable":true,"href":"https:\/\/www.elsinodaldetamaulipas.com.mx\/index.php?rest_route=%2Fwp%2Fv2%2Fcomments&post=222188"}],"version-history":[{"count":2,"href":"https:\/\/www.elsinodaldetamaulipas.com.mx\/index.php?rest_route=\/wp\/v2\/posts\/222188\/revisions"}],"predecessor-version":[{"id":222199,"href":"https:\/\/www.elsinodaldetamaulipas.com.mx\/index.php?rest_route=\/wp\/v2\/posts\/222188\/revisions\/222199"}],"wp:featuredmedia":[{"embeddable":true,"href":"https:\/\/www.elsinodaldetamaulipas.com.mx\/index.php?rest_route=\/wp\/v2\/media\/217861"}],"wp:attachment":[{"href":"https:\/\/www.elsinodaldetamaulipas.com.mx\/index.php?rest_route=%2Fwp%2Fv2%2Fmedia&parent=222188"}],"wp:term":[{"taxonomy":"category","embeddable":true,"href":"https:\/\/www.elsinodaldetamaulipas.com.mx\/index.php?rest_route=%2Fwp%2Fv2%2Fcategories&post=222188"},{"taxonomy":"post_tag","embeddable":true,"href":"https:\/\/www.elsinodaldetamaulipas.com.mx\/index.php?rest_route=%2Fwp%2Fv2%2Ftags&post=222188"}],"curies":[{"name":"wp","href":"https:\/\/api.w.org\/{rel}","templated":true}]}}