{"id":222190,"date":"2026-04-29T21:34:28","date_gmt":"2026-04-30T01:34:28","guid":{"rendered":"https:\/\/www.elsinodaldetamaulipas.com.mx\/?p=222190"},"modified":"2026-04-29T21:34:28","modified_gmt":"2026-04-30T01:34:28","slug":"falsos-rumores","status":"publish","type":"post","link":"https:\/\/www.elsinodaldetamaulipas.com.mx\/?p=222190","title":{"rendered":"FALSOS RUMORES"},"content":{"rendered":"<p>PASADO MERIDIANO<\/p>\n<p>GRICELDA GUERRA ROMERO<\/p>\n<p>Este martes fue la comparecencia del Secretario de Educaci\u00f3n en Tamaulipas, Miguel \u00c1ngel Valdez ante el Congreso del Estado, uno de los rubros donde m\u00e1s \u00e9nfasis ha hecho el gobierno del doctor Am\u00e9rico Villarreal, siendo la educaci\u00f3n un eje de la transformaci\u00f3n social de Tamaulipas.<\/p>\n<p>Durante su exposici\u00f3n Valdez expuso la Nueva Escuela Mexicana en Tamaulipas, recuperando la gobernabilidad del sector educativo y la interlocuci\u00f3n con la representaci\u00f3n gremial, con lo que se deja atr\u00e1s una visi\u00f3n burocr\u00e1tica para impulsar una educaci\u00f3n humanista, inclusiva con sentido comunitario.<\/p>\n<p>El titular de la SET hizo referencia sobre el programa Tamaulipas Educa, que permite ordenar las prioridades, acciones y resultados con el sistema educativo, que permite cumplir con las metas trazadas por el gobernador Am\u00e9rico Villarreal y la ciudadan\u00eda.<\/p>\n<p>La asignaci\u00f3n de plazas de manera transparente, promociones y reconocimiento a la trayectoria docente, fue otro de los temas expuestos por Miguel \u00c1ngel Valdez.<\/p>\n<p>Siendo Tamaulipas uno de los estados que compara y corrige para lograr aprendizajes que fueron da\u00f1ados por la pandemia, pero que ha logrado avances en habilidades lectoras y de pensamiento l\u00f3gico matem\u00e1tico, a trav\u00e9s de Tamaulipas aprende.<\/p>\n<p>Adem\u00e1s de las inversiones de manera conjunta que se han realizado con el gobierno federal de Claudia Sheinbaum en infraestructura, por m\u00e1s de 827 millones de pesos, dignificando la escuela p\u00fablica con obras, rehabilitaci\u00f3n y equipamiento, lo que se suma a la entrega de becas, \u00fatiles escolares, uniformes, conectividad rural e internet satelital.<\/p>\n<p>Claro temas como el bullying, los conflictos escolares, uso del celular, amenazas en las redes sociales no fueron dejados de lado, y las acciones que se han implementado para enfrentarlas.<\/p>\n<p>Cambiando de tema, fue la colonia Vista del Sol donde el alcalde Alberto Granados llevo a cabo una edici\u00f3n m\u00e1s del programa \u00abTu Voz Transforma\u00bb, la tarde de este martes, esto con el fin de mantener contacto directo con la ciudadan\u00eda.<\/p>\n<p>Por parte de los vecinos hubo una buena respuesta, presentando sus inquietudes ante el edil, que estuvo acompa\u00f1ado de los Secretarios de Bienestar Social, Servicios Urbanos y Servicios Primarios, que tomaron nota de todas aquellas necesidades expuestas por los colonos, entre ellas las obras que necesita ese sector.<\/p>\n<p>Ah\u00ed Alberto Granados hizo un anuncio que dejo un buen sabor de boca a los asistentes, que antes de que cierre este 2026 contara con una inversi\u00f3n superior a los 10 millones de pesos, en la que se contemplan dos nuevas obras de pavimentaci\u00f3n, adem\u00e1s de la reparaci\u00f3n de unos accesos, con una inversi\u00f3n de 6 millones de pesos, beneficiando con estos trabajos tambi\u00e9n a los habitantes de la colonia La Amistad.<\/p>\n<p>Sumando dos rehabilitaciones integrales de drenaje sanitaria, en dos tramos de la calle Costa de Oro, previamente se realizaron trabajos de rehabilitaci\u00f3n de drenaje sanitario y pavimento en las calles Nepal, Mediterr\u00e1neo y C\u00f3rcega.<\/p>\n<p>Por otro lado, solo rumores fueron los que corrieron el pasado fin de semana, sobre la posibilidad de que Mario Leal Rodr\u00edguez sea el prospecto del partido Movimiento Ciudadano a la alcald\u00eda de Tampico, dado a que ni un acercamiento ha tenido la dirigencia local con el susodicho individuo.<\/p>\n<p>Pues bien, el pol\u00edtico que lo mismo ha militado en el PRI y PAN, todo un experto en eso de la chaqueteada, ya que convicciones pues no tiene, m\u00e1s bien muy buenos intereses, por lo que ahora se mencionaba que, ante el \u00e9xito no obtenido, pues le estar\u00eda apostando al partido fosfo fosfo, pero todo parece indicar que nada m\u00e1s fue solo eso rumores y ruido medi\u00e1tico en las redes sociales.<\/p>\n<p>Fue el mismo coordinador de la Zona Sur, Edgar Trevi\u00f1o Mart\u00ednez, quien desminti\u00f3 tales versiones, hasta dejo claro que en efecto ahora son ellos a los que andan buscando empresarios que tienen inter\u00e9s en participar, al ser, seg\u00fan Trevi\u00f1o la mejor opci\u00f3n pol\u00edtica, al estar muy bien posesionados, pero entre los que se han acercado no se encuentra Mario Leal Rodr\u00edguez, aunado a que todav\u00eda no son los tiempos para andar con esas cosas.<\/p>\n<p>Pero de que si est\u00e1 muy seguro el coordinador de Movimiento Ciudadano es que tendr\u00e1n un buen \u201cgallo\u201d para la alcald\u00eda en el proceso del 2027, pero por lo pronto no son los tiempos para hablar de nombres, pero lo cierto es que aquellos despechados que no sean considerados en sus partidos o aquellos tamaulipecos que busquen participar en el proceso del 2027, podr\u00edan aspirar a una de las candidaturas que abrir\u00e1 Movimiento Ciudadano a la ciudadan\u00eda.<\/p>\n","protected":false},"excerpt":{"rendered":"<p>PASADO MERIDIANO GRICELDA GUERRA ROMERO Este martes fue la comparecencia del Secretario de Educaci\u00f3n en Tamaulipas, Miguel \u00c1ngel Valdez ante el Congreso del Estado, uno de los rubros donde m\u00e1s \u00e9nfasis ha hecho el gobierno del doctor Am\u00e9rico Villarreal, siendo la educaci\u00f3n un eje de la transformaci\u00f3n social de Tamaulipas. Durante su exposici\u00f3n Valdez expuso [&hellip;]<\/p>\n","protected":false},"author":1,"featured_media":208817,"comment_status":"closed","ping_status":"closed","sticky":false,"template":"","format":"standard","meta":{"footnotes":""},"categories":[16],"tags":[],"class_list":["post-222190","post","type-post","status-publish","format-standard","has-post-thumbnail","hentry","category-opinion"],"_links":{"self":[{"href":"https:\/\/www.elsinodaldetamaulipas.com.mx\/index.php?rest_route=\/wp\/v2\/posts\/222190","targetHints":{"allow":["GET"]}}],"collection":[{"href":"https:\/\/www.elsinodaldetamaulipas.com.mx\/index.php?rest_route=\/wp\/v2\/posts"}],"about":[{"href":"https:\/\/www.elsinodaldetamaulipas.com.mx\/index.php?rest_route=\/wp\/v2\/types\/post"}],"author":[{"embeddable":true,"href":"https:\/\/www.elsinodaldetamaulipas.com.mx\/index.php?rest_route=\/wp\/v2\/users\/1"}],"replies":[{"embeddable":true,"href":"https:\/\/www.elsinodaldetamaulipas.com.mx\/index.php?rest_route=%2Fwp%2Fv2%2Fcomments&post=222190"}],"version-history":[{"count":1,"href":"https:\/\/www.elsinodaldetamaulipas.com.mx\/index.php?rest_route=\/wp\/v2\/posts\/222190\/revisions"}],"predecessor-version":[{"id":222191,"href":"https:\/\/www.elsinodaldetamaulipas.com.mx\/index.php?rest_route=\/wp\/v2\/posts\/222190\/revisions\/222191"}],"wp:featuredmedia":[{"embeddable":true,"href":"https:\/\/www.elsinodaldetamaulipas.com.mx\/index.php?rest_route=\/wp\/v2\/media\/208817"}],"wp:attachment":[{"href":"https:\/\/www.elsinodaldetamaulipas.com.mx\/index.php?rest_route=%2Fwp%2Fv2%2Fmedia&parent=222190"}],"wp:term":[{"taxonomy":"category","embeddable":true,"href":"https:\/\/www.elsinodaldetamaulipas.com.mx\/index.php?rest_route=%2Fwp%2Fv2%2Fcategories&post=222190"},{"taxonomy":"post_tag","embeddable":true,"href":"https:\/\/www.elsinodaldetamaulipas.com.mx\/index.php?rest_route=%2Fwp%2Fv2%2Ftags&post=222190"}],"curies":[{"name":"wp","href":"https:\/\/api.w.org\/{rel}","templated":true}]}}