{"id":222194,"date":"2026-04-29T21:38:50","date_gmt":"2026-04-30T01:38:50","guid":{"rendered":"https:\/\/www.elsinodaldetamaulipas.com.mx\/?p=222194"},"modified":"2026-04-29T21:38:50","modified_gmt":"2026-04-30T01:38:50","slug":"la-hebra-siempre-revienta-por-lo-mas-delgado","status":"publish","type":"post","link":"https:\/\/www.elsinodaldetamaulipas.com.mx\/?p=222194","title":{"rendered":"LA HEBRA SIEMPRE REVIENTA POR LO MAS DELGADO"},"content":{"rendered":"<p><strong>-Tripulaci\u00f3n del Tren Interoce\u00e1nico responsables del descarrilamiento<\/strong><\/p>\n<p><strong>-La FGR no tom\u00f3 en cuenta que locomotoras y vagones eran \u201cde segunda\u201d<\/strong><\/p>\n<p><strong>-Tampoco mereci\u00f3 investigaci\u00f3n audio sobre presunto acto de corrupci\u00f3n<\/strong><\/p>\n<p>H. Matamoros, Tamaulipas.-Sin que necesariamente deba etiquetarse como informaci\u00f3n oportuna, no deja de ser lamentable la conclusi\u00f3n de la Fiscal\u00eda General de la Rep\u00fablica (FGR) con relaci\u00f3n al descarrilamiento del Tren Interoce\u00e1nico ocurrido el pasado 28 de diciembre, accidente que dej\u00f3 un saldo de 14 personas fallecidas y 98 lesionados.<\/p>\n<p>Como suele suceder en casos en donde el gobierno podr\u00eda alcanzar alguna responsabilidad muy a menudo la hebra se revienta por lo m\u00e1s delgado y, salvo el beneficio de la duda, siempre pagan justos por pecadores como se dice coloquialmente.<\/p>\n<p>La indagatoria de la FGR que encabeza la fiscal general ERNESTINA GODOY determin\u00f3-al agotarse los trabajos periciales-que la causa del descarrilamiento obedeci\u00f3 al exceso de velocidad en que se desplazaba el convoy ferroviario que cubr\u00eda la ruta Salina Cruz, Oaxaca-Coatzacoalcos, Veracruz.<\/p>\n<p>Por lo tanto, la Fiscal\u00eda General de la Rep\u00fablica concluy\u00f3 que los responsables del mortal accidente que empa\u00f1\u00f3 una de las obras emblem\u00e1ticas del ex presidente ANDR\u00c9S MANUEL L\u00d3PEZ OBRADOR son FELIPE DE JES\u00daS D\u00cdAZ, conductor; RICARDO MENDOZA, despachador; y EMILIO CANTERO, maquinista. Los dos primeros se encuentran detenidos y el tercero es considerado pr\u00f3fugo de la justicia.<\/p>\n<p>La carpeta de investigaci\u00f3n nada dice sobre el presunto desgaste en las cejas de las ruedas de m\u00e1quinas y vagones, tampoco que las locomotoras vendidas por la empresa estadounidense Union Pacific ya se encontraban fuera de servicio desde algunos a\u00f1os atr\u00e1s, y que los vagones de pasajeros fueron descontinuados por la empresa inglesa Servicio InterCity. En ambos casos-locomotoras y vagones-ya hab\u00eda concluido su ciclo seguro de vida de acuerdo a la normatividad vigente en ambos pa\u00edses.<\/p>\n<p>Para la FGR fue suficiente el supuesto o real testimonio com\u00fan de 108 pasajeros entrevistados que aseguran que el Tren Interoce\u00e1nico se desplazaba a velocidad inmoderada y que en las primeras curvas \u201cse tambaleaba\u201d.<\/p>\n<p>Otra conclusi\u00f3n se basa en la informaci\u00f3n obtenida de la \u201ccaja registradora de eventos\u201d (como si fuera la caja negra en los aviones) que, otra vez, supuesta o realmente, indicaba que el convoy ferroviario super\u00f3 los l\u00edmites de velocidad para ese tramo por lo que se gener\u00f3 una inestabilidad din\u00e1mica que culmin\u00f3 en que el tren se saliera de la v\u00eda.<\/p>\n<p>En consecuencia, el despachador, el operador y el maquinista del convoy ferroviario integrado por dos locomotoras y cuatro vagones que se desplazaba por el Corredor Interoce\u00e1nico del Istmo de Tehuantepec son los \u00fanicos responsables de ese \u201cincidente ferroviario\u201d tal y como lo calific\u00f3 en primera instancia el gobierno federal.<\/p>\n<p>Tal parece que tanto la Fiscal\u00eda General de la Rep\u00fablica, la Agencia Reguladora del Transporte Ferroviario y la Secretar\u00eda de Infraestructura, Comunicaciones y Transportes coincidieron en sus investigaciones que dejan fuera de toda responsabilidad tanto a los encargados de la obra y exoneran a Ferrocarril del Istmo de Tehuantepec, empresa adscrita a la Secretar\u00eda de Marina.<\/p>\n<p>Es decir, las instancias de gobierno antes mencionadas descartan de un plumazo probables actos de corrupci\u00f3n, lo mismo en el tendido de v\u00edas y durmientes que en la adquisici\u00f3n de veh\u00edculos ferroviarios descontinuados y, por ende, susceptibles de fallas mec\u00e1nicas. En pocas palabras espantaron r\u00e1pidamente el fantasma de la corrupci\u00f3n.<\/p>\n<p>Adem\u00e1s, los presuntos responsables aseguran que las locomotoras no contaban con servicio de radiocomunicaci\u00f3n ni tampoco con veloc\u00edmetro en buen estado. Adem\u00e1s, dada su experiencia en la conducci\u00f3n de locomotoras genera una duda razonada respecto a la velocidad y el \u00e1ngulo de inclinaci\u00f3n de la curva que tomaron supuesta o realmente a una velocidad muy por encima de la permitida.<\/p>\n<p>Dentro de lo malo, lo \u00fanico positivo para quienes enfrentan cargos de homicidio y lesiones culposas es que las pruebas de alcoholemia y estado f\u00edsico indican que no se encontraban bajo los influjos de alcohol o drogas y que abordaron el tren en condiciones \u00f3ptimas de salud.<\/p>\n<p>D\u00edgase lo que se diga, el fantasma de la duda rondar\u00e1 el resultado de la indagatoria de la Fiscal\u00eda General de la Rep\u00fablica, aunque, eso s\u00ed, por lo pronto desaparece presuntos actos de corrupci\u00f3n mismos que fueron evidenciados en un audio grabaci\u00f3n.<\/p>\n<p>\u00bfC\u00f3mo la ve?<\/p>\n<p>DESDE EL BALC\u00d3N:<\/p>\n<p>I.-Como dice el dicho y dice bien \u201cla hebra siempre se revienta por lo m\u00e1s delgado\u201d, lo que aplica claramente al resultado final de la FGR respecto al descarrilamiento del Tren Interoce\u00e1nico lo que impactar\u00e1 de por vida a tres empleados ferroviarios que enfrentan delicada situaci\u00f3n jur\u00eddica.<\/p>\n<p>Ni hablar.<\/p>\n<p>II.-Agradezco la oportunidad de mi colega y amigo ARTEMIO GLORIA para participar con mis c\u00e1psulas informativas para la audiencia en la Uni\u00f3n Americana a trav\u00e9s de La Que Buena Radio Digital en L\u00ednea la Estaci\u00f3n del Pueblo y para el Pueblo, con sede en Iowa, Estados Unidos.<\/p>\n<p>Y hasta la pr\u00f3xima.<\/p>\n<p><a href=\"mailto:mariodiaz27@prodigy.net.mx\" target=\"_blank\" rel=\"noreferrer noopener\">mariodiaz27@prodigy.net.mx<\/a><\/p>\n","protected":false},"excerpt":{"rendered":"<p>-Tripulaci\u00f3n del Tren Interoce\u00e1nico responsables del descarrilamiento -La FGR no tom\u00f3 en cuenta que locomotoras y vagones eran \u201cde segunda\u201d -Tampoco mereci\u00f3 investigaci\u00f3n audio sobre presunto acto de corrupci\u00f3n H. Matamoros, Tamaulipas.-Sin que necesariamente deba etiquetarse como informaci\u00f3n oportuna, no deja de ser lamentable la conclusi\u00f3n de la Fiscal\u00eda General de la Rep\u00fablica (FGR) con [&hellip;]<\/p>\n","protected":false},"author":1,"featured_media":216580,"comment_status":"closed","ping_status":"closed","sticky":false,"template":"","format":"standard","meta":{"footnotes":""},"categories":[16],"tags":[],"class_list":["post-222194","post","type-post","status-publish","format-standard","has-post-thumbnail","hentry","category-opinion"],"_links":{"self":[{"href":"https:\/\/www.elsinodaldetamaulipas.com.mx\/index.php?rest_route=\/wp\/v2\/posts\/222194","targetHints":{"allow":["GET"]}}],"collection":[{"href":"https:\/\/www.elsinodaldetamaulipas.com.mx\/index.php?rest_route=\/wp\/v2\/posts"}],"about":[{"href":"https:\/\/www.elsinodaldetamaulipas.com.mx\/index.php?rest_route=\/wp\/v2\/types\/post"}],"author":[{"embeddable":true,"href":"https:\/\/www.elsinodaldetamaulipas.com.mx\/index.php?rest_route=\/wp\/v2\/users\/1"}],"replies":[{"embeddable":true,"href":"https:\/\/www.elsinodaldetamaulipas.com.mx\/index.php?rest_route=%2Fwp%2Fv2%2Fcomments&post=222194"}],"version-history":[{"count":1,"href":"https:\/\/www.elsinodaldetamaulipas.com.mx\/index.php?rest_route=\/wp\/v2\/posts\/222194\/revisions"}],"predecessor-version":[{"id":222195,"href":"https:\/\/www.elsinodaldetamaulipas.com.mx\/index.php?rest_route=\/wp\/v2\/posts\/222194\/revisions\/222195"}],"wp:featuredmedia":[{"embeddable":true,"href":"https:\/\/www.elsinodaldetamaulipas.com.mx\/index.php?rest_route=\/wp\/v2\/media\/216580"}],"wp:attachment":[{"href":"https:\/\/www.elsinodaldetamaulipas.com.mx\/index.php?rest_route=%2Fwp%2Fv2%2Fmedia&parent=222194"}],"wp:term":[{"taxonomy":"category","embeddable":true,"href":"https:\/\/www.elsinodaldetamaulipas.com.mx\/index.php?rest_route=%2Fwp%2Fv2%2Fcategories&post=222194"},{"taxonomy":"post_tag","embeddable":true,"href":"https:\/\/www.elsinodaldetamaulipas.com.mx\/index.php?rest_route=%2Fwp%2Fv2%2Ftags&post=222194"}],"curies":[{"name":"wp","href":"https:\/\/api.w.org\/{rel}","templated":true}]}}