{"id":222203,"date":"2026-04-29T21:48:10","date_gmt":"2026-04-30T01:48:10","guid":{"rendered":"https:\/\/www.elsinodaldetamaulipas.com.mx\/?p=222203"},"modified":"2026-04-29T21:48:10","modified_gmt":"2026-04-30T01:48:10","slug":"el-amor-caro-del-pt-y-el-verde","status":"publish","type":"post","link":"https:\/\/www.elsinodaldetamaulipas.com.mx\/?p=222203","title":{"rendered":"EL AMOR CARO DEL PT Y EL VERDE"},"content":{"rendered":"<p>A MI MANERA<\/p>\n<p>Por Tello Montes<\/p>\n<p>-Am\u00e9rico empuja\u2026 y Tamaulipas avanza<\/p>\n<p>En pol\u00edtica no hay romances\u2026 hay tarifas. Y el PT y el Verde ya le agarraron el modo: como buena aventurera, est\u00e1n vendiendo caro su amor\u2026 y con la vara hasta el cielo.<\/p>\n<p>No es cuento. Hoy no juegan a ser aliados\u2026 juegan a ser accionistas. Ya hicieron cuentas y entendieron cu\u00e1nto vale su firma, su voto\u2026 y hasta su silencio rumbo al 2027. Despu\u00e9s de ver lo que se viene en esas elecciones, se asumieron como pieza clave\u2026 y ahora cobran como tal.<\/p>\n<p>Y en esa mesa de negociaci\u00f3n, la que va a sudar \u2014y bastante\u2014 es Citlalli Hern\u00e1ndez. Como nueva operadora de elecciones y alianzas de Morena, le tocar\u00e1 sentarse con dos partidos que ya no piden\u2026 exigen. Que ya no acompa\u00f1an\u2026 condicionan.<\/p>\n<p>Porque aqu\u00ed no se trata de amor a la camiseta\u2026 se trata de cuotas, candidaturas y posiciones. El PT y el Verde est\u00e1n en modo subasta: cada acuerdo tiene<\/p>\n<p>precio, cada reforma en el Congreso se cotiza, y cada voto vale oro.<\/p>\n<p>Por eso, el llamado \u201cPlan B\u201d de Morena con estos aliados \u2014seg\u00fan se mira\u2014 no pinta tan terso ni tan exitoso como quisieran venderlo. No ser\u00e1 una negociaci\u00f3n pol\u00edtica\u2026 ser\u00e1 una negociaci\u00f3n financiera disfrazada de alianza.<\/p>\n<p>La pregunta no es si ir\u00e1n juntos en 2027.<\/p>\n<p>La verdadera pregunta es: \u00bfcu\u00e1nto va a tener que pagar Morena para que no le suelten la mano?<\/p>\n<p>Porque cuando los aliados descubren su valor\u2026 dejan de ser aliados y se convierten en cobradores.<\/p>\n<p>Y el PT y el Verde ya dejaron claro el mensaje:<\/p>\n<p>no hay lealtad sin factura.<\/p>\n<p>Y esa\u2026 viene alta.<\/p>\n<p>EN OTRO TEMA\u2026, Mientras otros se quedan en el discurso, el gobernador Am\u00e9rico Villarreal Anaya anda donde se toman las decisiones: en la mesa federal, tocando puertas\u2026 y empujando proyectos.<\/p>\n<p>En Ciudad de M\u00e9xico, el mandatario se sent\u00f3 con la Secretar\u00eda de Infraestructura, Comunicaciones y Transportes para gestionar obras clave que no lucen en la foto\u2026 pero s\u00ed mueven la econom\u00eda: carreteras, trenes y cruces estrat\u00e9gicos.<\/p>\n<p>Ah\u00ed est\u00e1n sobre la mesa proyectos como el Puente III en Nuevo Laredo, la rehabilitaci\u00f3n del Magueyes en Mainero y el paso elevado en Matamoros. Traducido al lenguaje de la gente: mejor conectividad, menos cuellos de botella\u2026 y m\u00e1s desarrollo.<\/p>\n<p>El mensaje es claro: aqu\u00ed no hay improvisaci\u00f3n. Hay gesti\u00f3n, hay coordinaci\u00f3n con la Federaci\u00f3n\u2026 y hay visi\u00f3n de largo plazo.<\/p>\n<p>Porque cuando un gobierno se mueve\u2026 el estado avanza.<\/p>\n<p>CAMBIANDO DE TEMA\u2026, La Universidad Aut\u00f3noma de Tamaulipas no solo forma profesionistas\u2026 tambi\u00e9n forma sensibilidad. En el D\u00eda Internacional de la Danza, el rector D\u00e1maso Anaya Alvarado encabez\u00f3 una gala que dej\u00f3 claro que el talento universitario est\u00e1 vivo\u2026 y pisa fuerte el escenario.<\/p>\n<p>En el Teatro Amalia Gonz\u00e1lez Caballero, con lleno total, la UAT mostr\u00f3 de qu\u00e9 est\u00e1 hecha: diversidad, creatividad y v\u00ednculo real con la sociedad. Desde lo urbano hasta lo folkl\u00f3rico, el mensaje fue uno: aqu\u00ed se impulsa el talento, no se le limita.<\/p>\n<p>M\u00e1s que espect\u00e1culo, fue formaci\u00f3n integral en acci\u00f3n.<\/p>\n<p>As\u00ed de claro: cuando la universidad apuesta por la cultura\u2026 gana la comunidad.<\/p>\n<p>POR OTRA PARTE\u2026, Aqu\u00ed no hay promesas al aire. El alcalde Beto Granados le est\u00e1 metiendo empuje real al desarrollo con la reactivaci\u00f3n del Puerto Norte, respaldado por una inversi\u00f3n estatal de m\u00e1s de 109 millones de pesos bajo el gobierno de Am\u00e9rico Villarreal Anaya.<\/p>\n<p>No es carreta: infraestructura, rehabilitaci\u00f3n y modernizaci\u00f3n para que el puerto funcione y<\/p>\n<p>produzca. \u00bfLa traducci\u00f3n? M\u00e1s empleo, m\u00e1s inversi\u00f3n\u2026 y m\u00e1s movimiento econ\u00f3mico para Matamoros.<\/p>\n<p>La jugada es clara: convertir a la ciudad en punto estrat\u00e9gico de log\u00edstica y comercio.<\/p>\n<p>Cuando hay coordinaci\u00f3n y visi\u00f3n, los proyectos caminan\u2026 y Matamoros tambi\u00e9n.<\/p>\n<p>EN CORTO\u2026,el regidor matamorense Ramiro Cisneros ya brinc\u00f3 de patio: lo acaban de nombrar delegado del Verde en Coahuila.<\/p>\n","protected":false},"excerpt":{"rendered":"<p>A MI MANERA Por Tello Montes -Am\u00e9rico empuja\u2026 y Tamaulipas avanza En pol\u00edtica no hay romances\u2026 hay tarifas. Y el PT y el Verde ya le agarraron el modo: como buena aventurera, est\u00e1n vendiendo caro su amor\u2026 y con la vara hasta el cielo. No es cuento. Hoy no juegan a ser aliados\u2026 juegan a [&hellip;]<\/p>\n","protected":false},"author":1,"featured_media":212048,"comment_status":"closed","ping_status":"closed","sticky":false,"template":"","format":"standard","meta":{"footnotes":""},"categories":[16],"tags":[],"class_list":["post-222203","post","type-post","status-publish","format-standard","has-post-thumbnail","hentry","category-opinion"],"_links":{"self":[{"href":"https:\/\/www.elsinodaldetamaulipas.com.mx\/index.php?rest_route=\/wp\/v2\/posts\/222203","targetHints":{"allow":["GET"]}}],"collection":[{"href":"https:\/\/www.elsinodaldetamaulipas.com.mx\/index.php?rest_route=\/wp\/v2\/posts"}],"about":[{"href":"https:\/\/www.elsinodaldetamaulipas.com.mx\/index.php?rest_route=\/wp\/v2\/types\/post"}],"author":[{"embeddable":true,"href":"https:\/\/www.elsinodaldetamaulipas.com.mx\/index.php?rest_route=\/wp\/v2\/users\/1"}],"replies":[{"embeddable":true,"href":"https:\/\/www.elsinodaldetamaulipas.com.mx\/index.php?rest_route=%2Fwp%2Fv2%2Fcomments&post=222203"}],"version-history":[{"count":1,"href":"https:\/\/www.elsinodaldetamaulipas.com.mx\/index.php?rest_route=\/wp\/v2\/posts\/222203\/revisions"}],"predecessor-version":[{"id":222204,"href":"https:\/\/www.elsinodaldetamaulipas.com.mx\/index.php?rest_route=\/wp\/v2\/posts\/222203\/revisions\/222204"}],"wp:featuredmedia":[{"embeddable":true,"href":"https:\/\/www.elsinodaldetamaulipas.com.mx\/index.php?rest_route=\/wp\/v2\/media\/212048"}],"wp:attachment":[{"href":"https:\/\/www.elsinodaldetamaulipas.com.mx\/index.php?rest_route=%2Fwp%2Fv2%2Fmedia&parent=222203"}],"wp:term":[{"taxonomy":"category","embeddable":true,"href":"https:\/\/www.elsinodaldetamaulipas.com.mx\/index.php?rest_route=%2Fwp%2Fv2%2Fcategories&post=222203"},{"taxonomy":"post_tag","embeddable":true,"href":"https:\/\/www.elsinodaldetamaulipas.com.mx\/index.php?rest_route=%2Fwp%2Fv2%2Ftags&post=222203"}],"curies":[{"name":"wp","href":"https:\/\/api.w.org\/{rel}","templated":true}]}}