{"id":222205,"date":"2026-04-29T21:55:27","date_gmt":"2026-04-30T01:55:27","guid":{"rendered":"https:\/\/www.elsinodaldetamaulipas.com.mx\/?p=222205"},"modified":"2026-04-29T21:55:27","modified_gmt":"2026-04-30T01:55:27","slug":"otra-vez-cesan-a-luis-lauro-sheinbaum-lo-impide","status":"publish","type":"post","link":"https:\/\/www.elsinodaldetamaulipas.com.mx\/?p=222205","title":{"rendered":"OTRA VEZ CESAN A LUIS LAURO; SHEINBAUM LO IMPIDE"},"content":{"rendered":"<p>LA COMUNA<\/p>\n<p>Jos\u00e9 \u00c1ngel Solorio Mart\u00ednez<\/p>\n<p>Es el segundo intento, por desplazar al delegado de los programas sociales del gobierno federal en Tamaulipas. Justo el d\u00eda en que la presidenta Claudia Sheinbaum Pardo, anunci\u00f3 la salida de Ariadna Montiel Reyes, de la Secretar\u00eda del Bienestar y el arribo de Leticia Ram\u00edrez Amaya como nueva encargada de la dependencia, se repiti\u00f3 la intentona.<br \/>\nLa nueva integrante del gabinete encabez\u00f3 junto a la presidenta, una reuni\u00f3n con todos los delegados del pa\u00eds.<br \/>\nComo hace tres meses, en que se anunci\u00f3 el cese de Luis Lauro Reyes Rodr\u00edguez se obtuvo el mismo resultado: la negativa de la presidenta Sheinbaum.<br \/>\nYa hasta hab\u00edan anunciado el relevo de Luis Lauro en el cargo. Mar\u00eda de Lourdes Puente Vizcarra, era el nombre de la afortunada. Hasta una cargada p\u00fablica se le organiz\u00f3 a la feliz dama.<br \/>\nLa orden presidencial fue frenar los cambios en la estructura de la entidad encargada de las pol\u00edticas sociales de la federaci\u00f3n. Personalmente Sheinbaum, ratific\u00f3 verbalmente a Reyes Rodr\u00edguez; le pidi\u00f3 regresarse a Tamaulipas para amacizar los programas de la IV T y su Segundo Piso.<br \/>\n\u00bfQui\u00e9n le est\u00e1 complicando el escenario sociopol\u00edtico al gobernador?<br \/>\nDebe ser alguien que se comporta como si no fuera su amigo; una persona que se cree puede m\u00e1s que Am\u00e9rico Villarreal Anaya, como para meterle presi\u00f3n a la nueva responsable de las pol\u00edticas sociales del gobierno federal; un sujeto que piensa, que el dinero lo puede todo en la vida o en el peor de los escenarios: un lobo con piel de oveja, que sigilosamente pretende emboscar al m\u00e9dico victorense.<br \/>\nSe sabe que en pol\u00edtica lo que no suena l\u00f3gico, suena met\u00e1lico.<br \/>\n\u00bfEs l\u00f3gico cambiar personas que laboran en lugares estrat\u00e9gicos con rumbo al relevante a\u00f1o electoral 2027?<br \/>\n\u00bfEs l\u00f3gico mover de sitios operativos a funcionarios a s\u00f3lo unas semanas del inicio del a\u00f1o electoral en Tamaulipas?<br \/>\nNo, esas maniobras chocan con los marcos de la l\u00f3gica y la sensatez.<br \/>\nEsa fallida acci\u00f3n evidencia c\u00f3mo la ambici\u00f3n puede pervertir o torcer los proyectos de autoridad.<br \/>\n\u00bfEs v\u00e1lido poner en riesgo los planes de la IV T y su Segundo Piso para Tamaulipas, por unas cuantas docenas de millones de pesos?<br \/>\n\u00bfEs de gente honesta y vertical, privilegiar el dinero en lugar de la gobernabilidad que mandata primero los pobres?<br \/>\nHay que dejar en el pasado esas conductas y lastres.<br \/>\nLa ineficacia en las \u00e1reas de gobierno, muchas veces confluye y concluye en corrupci\u00f3n.<br \/>\n\u00bfAprender\u00e1 las mec\u00e1nicas de acci\u00f3n de los programas de bienestar el sujeto (a) que pretenden instalar, en 12 meses que faltan para los comicios institucionales?<br \/>\nEso nunca ocurrir\u00eda, si tuvieran una mentalidad de avanzada.<\/p>\n","protected":false},"excerpt":{"rendered":"<p>LA COMUNA Jos\u00e9 \u00c1ngel Solorio Mart\u00ednez Es el segundo intento, por desplazar al delegado de los programas sociales del gobierno federal en Tamaulipas. Justo el d\u00eda en que la presidenta Claudia Sheinbaum Pardo, anunci\u00f3 la salida de Ariadna Montiel Reyes, de la Secretar\u00eda del Bienestar y el arribo de Leticia Ram\u00edrez Amaya como nueva encargada [&hellip;]<\/p>\n","protected":false},"author":1,"featured_media":213882,"comment_status":"closed","ping_status":"closed","sticky":false,"template":"","format":"standard","meta":{"footnotes":""},"categories":[16],"tags":[],"class_list":["post-222205","post","type-post","status-publish","format-standard","has-post-thumbnail","hentry","category-opinion"],"_links":{"self":[{"href":"https:\/\/www.elsinodaldetamaulipas.com.mx\/index.php?rest_route=\/wp\/v2\/posts\/222205","targetHints":{"allow":["GET"]}}],"collection":[{"href":"https:\/\/www.elsinodaldetamaulipas.com.mx\/index.php?rest_route=\/wp\/v2\/posts"}],"about":[{"href":"https:\/\/www.elsinodaldetamaulipas.com.mx\/index.php?rest_route=\/wp\/v2\/types\/post"}],"author":[{"embeddable":true,"href":"https:\/\/www.elsinodaldetamaulipas.com.mx\/index.php?rest_route=\/wp\/v2\/users\/1"}],"replies":[{"embeddable":true,"href":"https:\/\/www.elsinodaldetamaulipas.com.mx\/index.php?rest_route=%2Fwp%2Fv2%2Fcomments&post=222205"}],"version-history":[{"count":1,"href":"https:\/\/www.elsinodaldetamaulipas.com.mx\/index.php?rest_route=\/wp\/v2\/posts\/222205\/revisions"}],"predecessor-version":[{"id":222206,"href":"https:\/\/www.elsinodaldetamaulipas.com.mx\/index.php?rest_route=\/wp\/v2\/posts\/222205\/revisions\/222206"}],"wp:featuredmedia":[{"embeddable":true,"href":"https:\/\/www.elsinodaldetamaulipas.com.mx\/index.php?rest_route=\/wp\/v2\/media\/213882"}],"wp:attachment":[{"href":"https:\/\/www.elsinodaldetamaulipas.com.mx\/index.php?rest_route=%2Fwp%2Fv2%2Fmedia&parent=222205"}],"wp:term":[{"taxonomy":"category","embeddable":true,"href":"https:\/\/www.elsinodaldetamaulipas.com.mx\/index.php?rest_route=%2Fwp%2Fv2%2Fcategories&post=222205"},{"taxonomy":"post_tag","embeddable":true,"href":"https:\/\/www.elsinodaldetamaulipas.com.mx\/index.php?rest_route=%2Fwp%2Fv2%2Ftags&post=222205"}],"curies":[{"name":"wp","href":"https:\/\/api.w.org\/{rel}","templated":true}]}}