{"id":222211,"date":"2026-04-29T22:20:22","date_gmt":"2026-04-30T02:20:22","guid":{"rendered":"https:\/\/www.elsinodaldetamaulipas.com.mx\/?p=222211"},"modified":"2026-04-29T22:24:37","modified_gmt":"2026-04-30T02:24:37","slug":"suspenden-de-actividades-a-falso-medico","status":"publish","type":"post","link":"https:\/\/www.elsinodaldetamaulipas.com.mx\/?p=222211","title":{"rendered":"SUSPENDEN DE ACTIVIDADES A FALSO MEDICO"},"content":{"rendered":"<p>EL SINODAL DE TAMAULIPAS<\/p>\n<p>Tampico, Tamaulipas.- Con base en los datos de prueba presentado por la Fiscal\u00eda General de Justicia del Estado de Tamaulipas, un Juez de Control dict\u00f3 auto de vinculaci\u00f3n a proceso en contra de Jos\u00e9 Luis \u201cN\u201d por los delitos de Usurpaci\u00f3n de Profesiones y Lesiones Dolosas.<\/p>\n<p>&nbsp;<\/p>\n<p>La medida fue emitida, despu\u00e9s de que la autoridad judicial considera suficientes los datos de prueba presentados por el Agente del Ministerio P\u00fablico que implican al imputado en los citados delitos registrados el 2 de junio del 2025 en una cl\u00ednica de la colonia Unidad Nacional del municipio de Ciudad Madero.<\/p>\n<p>&nbsp;<\/p>\n<p>Asimismo, el juzgador estableci\u00f3 como medidas cautelares la separaci\u00f3n inmediata del domicilio donde se ubicaba la mencionada cl\u00ednica y la suspensi\u00f3n temporal en el ejercicio de la actividad profesional de Jos\u00e9 Luis \u201cN\u201d.<\/p>\n<p>&nbsp;<\/p>\n<p>La Fiscal\u00eda General de Justicia del Estado de Tamaulipas refrenda su compromiso de no dejar impunes los delitos que atentan contra la fe p\u00fablica y la integridad de las y los tamaulipecos.<\/p>\n","protected":false},"excerpt":{"rendered":"<p>EL SINODAL DE TAMAULIPAS Tampico, Tamaulipas.- Con base en los datos de prueba presentado por la Fiscal\u00eda General de Justicia del Estado de Tamaulipas, un Juez de Control dict\u00f3 auto de vinculaci\u00f3n a proceso en contra de Jos\u00e9 Luis \u201cN\u201d por los delitos de Usurpaci\u00f3n de Profesiones y Lesiones Dolosas. &nbsp; La medida fue emitida, [&hellip;]<\/p>\n","protected":false},"author":1,"featured_media":222212,"comment_status":"closed","ping_status":"closed","sticky":false,"template":"","format":"standard","meta":{"footnotes":""},"categories":[25,1],"tags":[],"class_list":["post-222211","post","type-post","status-publish","format-standard","has-post-thumbnail","hentry","category-leyyorden","category-portada"],"_links":{"self":[{"href":"https:\/\/www.elsinodaldetamaulipas.com.mx\/index.php?rest_route=\/wp\/v2\/posts\/222211","targetHints":{"allow":["GET"]}}],"collection":[{"href":"https:\/\/www.elsinodaldetamaulipas.com.mx\/index.php?rest_route=\/wp\/v2\/posts"}],"about":[{"href":"https:\/\/www.elsinodaldetamaulipas.com.mx\/index.php?rest_route=\/wp\/v2\/types\/post"}],"author":[{"embeddable":true,"href":"https:\/\/www.elsinodaldetamaulipas.com.mx\/index.php?rest_route=\/wp\/v2\/users\/1"}],"replies":[{"embeddable":true,"href":"https:\/\/www.elsinodaldetamaulipas.com.mx\/index.php?rest_route=%2Fwp%2Fv2%2Fcomments&post=222211"}],"version-history":[{"count":1,"href":"https:\/\/www.elsinodaldetamaulipas.com.mx\/index.php?rest_route=\/wp\/v2\/posts\/222211\/revisions"}],"predecessor-version":[{"id":222213,"href":"https:\/\/www.elsinodaldetamaulipas.com.mx\/index.php?rest_route=\/wp\/v2\/posts\/222211\/revisions\/222213"}],"wp:featuredmedia":[{"embeddable":true,"href":"https:\/\/www.elsinodaldetamaulipas.com.mx\/index.php?rest_route=\/wp\/v2\/media\/222212"}],"wp:attachment":[{"href":"https:\/\/www.elsinodaldetamaulipas.com.mx\/index.php?rest_route=%2Fwp%2Fv2%2Fmedia&parent=222211"}],"wp:term":[{"taxonomy":"category","embeddable":true,"href":"https:\/\/www.elsinodaldetamaulipas.com.mx\/index.php?rest_route=%2Fwp%2Fv2%2Fcategories&post=222211"},{"taxonomy":"post_tag","embeddable":true,"href":"https:\/\/www.elsinodaldetamaulipas.com.mx\/index.php?rest_route=%2Fwp%2Fv2%2Ftags&post=222211"}],"curies":[{"name":"wp","href":"https:\/\/api.w.org\/{rel}","templated":true}]}}