{"id":222214,"date":"2026-04-29T22:22:28","date_gmt":"2026-04-30T02:22:28","guid":{"rendered":"https:\/\/www.elsinodaldetamaulipas.com.mx\/?p=222214"},"modified":"2026-04-29T22:22:28","modified_gmt":"2026-04-30T02:22:28","slug":"ejecutan-aprehension-de-autor-de-grave-delito","status":"publish","type":"post","link":"https:\/\/www.elsinodaldetamaulipas.com.mx\/?p=222214","title":{"rendered":"EJECUTAN APREHENSI\u00d3N DE AUTOR DE GRAVE DELITO"},"content":{"rendered":"<p>EL SINODAL DE TAMAULIPAS<\/p>\n<p>Tampico, Tamaulipas. \u2013 La Fiscal\u00eda General de Justicia del Estado de Tamaulipas cumpliment\u00f3 una orden de aprehensi\u00f3n en contra de Juan Esteban \u201cZ\u201d, por su probable responsabilidad en el delito de Abuso Sexual Agravado, en perjuicio de una persona menor de edad.<\/p>\n<p>&nbsp;<\/p>\n<p>De acuerdo con las investigaciones realizadas por la Fiscal\u00eda Especializada en la Investigaci\u00f3n de Delitos contra Ni\u00f1as, Ni\u00f1os y Adolescentes y Delitos contra las Mujeres por Razones de G\u00e9nero (FENNAM), los hechos que dieron origen a la acci\u00f3n penal ocurrieron de manera reiterada en agravio de la v\u00edctima, siendo el primer evento el 19 de diciembre de 2024 y el \u00faltimo el 29 de agosto de 2025. El imputado, abusando de su condici\u00f3n de familiar, habr\u00eda cometido conductas de \u00edndole sexual en contra de la v\u00edctima.<\/p>\n<p>&nbsp;<\/p>\n<p>La orden de aprehensi\u00f3n fue obsequiada por un Juez de Control del Sistema Penal Acusatorio, tras analizar los datos de prueba presentados por el Agente del Ministerio P\u00fablico, y fue cumplimentada por elementos de la Polic\u00eda de Investigaci\u00f3n, quienes implementaron un operativo que permiti\u00f3 la localizaci\u00f3n y detenci\u00f3n del imputado, quedando a disposici\u00f3n de la autoridad judicial competente.<\/p>\n<p>&nbsp;<\/p>\n<p>Con este resultado, la Fiscal\u00eda General de Justicia del Estado de Tamaulipas reitera su compromiso de proteger a las ni\u00f1as, ni\u00f1os y adolescentes, as\u00ed como de no permitir que estos delitos queden impunes, garantizando el acceso a la justicia para las v\u00edctimas.<\/p>\n","protected":false},"excerpt":{"rendered":"<p>EL SINODAL DE TAMAULIPAS Tampico, Tamaulipas. \u2013 La Fiscal\u00eda General de Justicia del Estado de Tamaulipas cumpliment\u00f3 una orden de aprehensi\u00f3n en contra de Juan Esteban \u201cZ\u201d, por su probable responsabilidad en el delito de Abuso Sexual Agravado, en perjuicio de una persona menor de edad. &nbsp; De acuerdo con las investigaciones realizadas por la [&hellip;]<\/p>\n","protected":false},"author":1,"featured_media":222215,"comment_status":"closed","ping_status":"closed","sticky":false,"template":"","format":"standard","meta":{"footnotes":""},"categories":[25],"tags":[],"class_list":["post-222214","post","type-post","status-publish","format-standard","has-post-thumbnail","hentry","category-leyyorden"],"_links":{"self":[{"href":"https:\/\/www.elsinodaldetamaulipas.com.mx\/index.php?rest_route=\/wp\/v2\/posts\/222214","targetHints":{"allow":["GET"]}}],"collection":[{"href":"https:\/\/www.elsinodaldetamaulipas.com.mx\/index.php?rest_route=\/wp\/v2\/posts"}],"about":[{"href":"https:\/\/www.elsinodaldetamaulipas.com.mx\/index.php?rest_route=\/wp\/v2\/types\/post"}],"author":[{"embeddable":true,"href":"https:\/\/www.elsinodaldetamaulipas.com.mx\/index.php?rest_route=\/wp\/v2\/users\/1"}],"replies":[{"embeddable":true,"href":"https:\/\/www.elsinodaldetamaulipas.com.mx\/index.php?rest_route=%2Fwp%2Fv2%2Fcomments&post=222214"}],"version-history":[{"count":1,"href":"https:\/\/www.elsinodaldetamaulipas.com.mx\/index.php?rest_route=\/wp\/v2\/posts\/222214\/revisions"}],"predecessor-version":[{"id":222216,"href":"https:\/\/www.elsinodaldetamaulipas.com.mx\/index.php?rest_route=\/wp\/v2\/posts\/222214\/revisions\/222216"}],"wp:featuredmedia":[{"embeddable":true,"href":"https:\/\/www.elsinodaldetamaulipas.com.mx\/index.php?rest_route=\/wp\/v2\/media\/222215"}],"wp:attachment":[{"href":"https:\/\/www.elsinodaldetamaulipas.com.mx\/index.php?rest_route=%2Fwp%2Fv2%2Fmedia&parent=222214"}],"wp:term":[{"taxonomy":"category","embeddable":true,"href":"https:\/\/www.elsinodaldetamaulipas.com.mx\/index.php?rest_route=%2Fwp%2Fv2%2Fcategories&post=222214"},{"taxonomy":"post_tag","embeddable":true,"href":"https:\/\/www.elsinodaldetamaulipas.com.mx\/index.php?rest_route=%2Fwp%2Fv2%2Ftags&post=222214"}],"curies":[{"name":"wp","href":"https:\/\/api.w.org\/{rel}","templated":true}]}}