{"id":222218,"date":"2026-04-29T22:35:51","date_gmt":"2026-04-30T02:35:51","guid":{"rendered":"https:\/\/www.elsinodaldetamaulipas.com.mx\/?p=222218"},"modified":"2026-04-29T22:35:51","modified_gmt":"2026-04-30T02:35:51","slug":"vinculan-a-proceso-a-trio-de-facinerosos","status":"publish","type":"post","link":"https:\/\/www.elsinodaldetamaulipas.com.mx\/?p=222218","title":{"rendered":"VINCULAN A PROCESO A TR\u00cdO DE FACINEROSOS"},"content":{"rendered":"<p>EL SINODAL DE TAMAULIPAS<\/p>\n<p>Reynosa, Tamaulipas.\u2013 Una vez analizados los datos de prueba presentados por el Agente del Ministerio P\u00fablico, adscrito a la Unidad Especializada en Combate al Secuestro y la Extorsi\u00f3n (UECSE) de la Fiscal\u00eda General de Justicia del Estado de Tamaulipas, un \u00d3rgano Jurisdiccional dict\u00f3 vinculaci\u00f3n a proceso en contra de \u00c1ngel Gabriel \u00abM\u00bb, Juan Manuel \u00abR\u00bb y Jes\u00fas Antonio \u00abR\u00bb, por el delito de Secuestro Agravado.<\/p>\n<p>&nbsp;<\/p>\n<p>Un Juez de Control emiti\u00f3 su resoluci\u00f3n de manera libre y l\u00f3gica, despu\u00e9s de que el Representante Social presentara datos de prueba contundentes que acreditan la probable participaci\u00f3n de los imputados. La acci\u00f3n judicial deriva de los hechos ocurridos el 23 de marzo de 2026, en esta ciudad fronteriza, donde los imputados fueron detenidos en flagrancia por elementos de la Guardia Estatal.<\/p>\n<p>&nbsp;<\/p>\n<p>La autoridad judicial decret\u00f3 la medida cautelar de prisi\u00f3n preventiva, la cual permanecer\u00e1 vigente durante el tiempo que dure el proceso, sin exceder de dos a\u00f1os; asimismo, estableci\u00f3 un plazo de seis meses para el cierre de la investigaci\u00f3n complementaria.<\/p>\n<p>&nbsp;<\/p>\n<p>Con esta resoluci\u00f3n, la Fiscal\u00eda General de Justicia del Estado de Tamaulipas reitera que quien atente contra la libertad, la integridad y el patrimonio de las y los tamaulipecos ser\u00e1 llevado ante la justicia, utilizando todos los medios jur\u00eddicos a su alcance.<\/p>\n","protected":false},"excerpt":{"rendered":"<p>EL SINODAL DE TAMAULIPAS Reynosa, Tamaulipas.\u2013 Una vez analizados los datos de prueba presentados por el Agente del Ministerio P\u00fablico, adscrito a la Unidad Especializada en Combate al Secuestro y la Extorsi\u00f3n (UECSE) de la Fiscal\u00eda General de Justicia del Estado de Tamaulipas, un \u00d3rgano Jurisdiccional dict\u00f3 vinculaci\u00f3n a proceso en contra de \u00c1ngel Gabriel [&hellip;]<\/p>\n","protected":false},"author":1,"featured_media":222219,"comment_status":"closed","ping_status":"closed","sticky":false,"template":"","format":"standard","meta":{"footnotes":""},"categories":[25,1],"tags":[],"class_list":["post-222218","post","type-post","status-publish","format-standard","has-post-thumbnail","hentry","category-leyyorden","category-portada"],"_links":{"self":[{"href":"https:\/\/www.elsinodaldetamaulipas.com.mx\/index.php?rest_route=\/wp\/v2\/posts\/222218","targetHints":{"allow":["GET"]}}],"collection":[{"href":"https:\/\/www.elsinodaldetamaulipas.com.mx\/index.php?rest_route=\/wp\/v2\/posts"}],"about":[{"href":"https:\/\/www.elsinodaldetamaulipas.com.mx\/index.php?rest_route=\/wp\/v2\/types\/post"}],"author":[{"embeddable":true,"href":"https:\/\/www.elsinodaldetamaulipas.com.mx\/index.php?rest_route=\/wp\/v2\/users\/1"}],"replies":[{"embeddable":true,"href":"https:\/\/www.elsinodaldetamaulipas.com.mx\/index.php?rest_route=%2Fwp%2Fv2%2Fcomments&post=222218"}],"version-history":[{"count":1,"href":"https:\/\/www.elsinodaldetamaulipas.com.mx\/index.php?rest_route=\/wp\/v2\/posts\/222218\/revisions"}],"predecessor-version":[{"id":222220,"href":"https:\/\/www.elsinodaldetamaulipas.com.mx\/index.php?rest_route=\/wp\/v2\/posts\/222218\/revisions\/222220"}],"wp:featuredmedia":[{"embeddable":true,"href":"https:\/\/www.elsinodaldetamaulipas.com.mx\/index.php?rest_route=\/wp\/v2\/media\/222219"}],"wp:attachment":[{"href":"https:\/\/www.elsinodaldetamaulipas.com.mx\/index.php?rest_route=%2Fwp%2Fv2%2Fmedia&parent=222218"}],"wp:term":[{"taxonomy":"category","embeddable":true,"href":"https:\/\/www.elsinodaldetamaulipas.com.mx\/index.php?rest_route=%2Fwp%2Fv2%2Fcategories&post=222218"},{"taxonomy":"post_tag","embeddable":true,"href":"https:\/\/www.elsinodaldetamaulipas.com.mx\/index.php?rest_route=%2Fwp%2Fv2%2Ftags&post=222218"}],"curies":[{"name":"wp","href":"https:\/\/api.w.org\/{rel}","templated":true}]}}