{"id":222222,"date":"2026-04-29T22:40:18","date_gmt":"2026-04-30T02:40:18","guid":{"rendered":"https:\/\/www.elsinodaldetamaulipas.com.mx\/?p=222222"},"modified":"2026-04-29T22:40:18","modified_gmt":"2026-04-30T02:40:18","slug":"niega-humberto-prieto-tener-lios-migratorios","status":"publish","type":"post","link":"https:\/\/www.elsinodaldetamaulipas.com.mx\/?p=222222","title":{"rendered":"NIEGA HUMBERTO PRIETO TENER L\u00cdOS MIGRATORIOS"},"content":{"rendered":"<p>EL SINODAL DE TAMAULIPAS<\/p>\n<p>Reynosa, Tam.- El diputado Humberto Prieto Herrera, presidente de la Junta de Gobierno del Congreso de Tamaulipas, rechaz\u00f3 categ\u00f3ricamente las versiones que circularon en redes sociales y algunos medios an\u00f3nimos, sobre una supuesta retenci\u00f3n por autoridades migratorias y el retiro de su visa l\u00e1ser.<\/p>\n<p>Asegur\u00f3 que dichas afirmaciones son \u201ctotalmente falsas\u201d y carecen de pruebas.<\/p>\n<p>Precis\u00f3 que los d\u00edas en que se difundi\u00f3 la informaci\u00f3n se encontraba en Ciudad Victoria, participando en actividades legislativas, incluida una sesi\u00f3n plenaria del Congreso y eventos del parlamento infantil, de lo que hubo muchos testigos, cuando las publicaciones aquellas lo ubicaban en Nuevo Laredo.<\/p>\n<p>El legislador sostuvo que se trata de ataques an\u00f3nimos, con la intenci\u00f3n de da\u00f1ar su reputaci\u00f3n. Subray\u00f3 que no enfrenta ning\u00fan problema legal en M\u00e9xico ni en el extranjero y que su documentaci\u00f3n migratoria se encuentra en regla.<\/p>\n<p><img loading=\"lazy\" decoding=\"async\" class=\"aligncenter wp-image-222224 size-full\" src=\"https:\/\/www.elsinodaldetamaulipas.com.mx\/wp-content\/uploads\/2026\/04\/PRIETO-HERRERA-2-1.jpg\" alt=\"\" width=\"894\" height=\"487\" srcset=\"https:\/\/www.elsinodaldetamaulipas.com.mx\/wp-content\/uploads\/2026\/04\/PRIETO-HERRERA-2-1.jpg 894w, https:\/\/www.elsinodaldetamaulipas.com.mx\/wp-content\/uploads\/2026\/04\/PRIETO-HERRERA-2-1-300x163.jpg 300w, https:\/\/www.elsinodaldetamaulipas.com.mx\/wp-content\/uploads\/2026\/04\/PRIETO-HERRERA-2-1-768x418.jpg 768w\" sizes=\"auto, (max-width: 894px) 100vw, 894px\" \/><\/p>\n<p>Prieto Herrera adelant\u00f3 que ya analiza, junto a su equipo jur\u00eddico, la posibilidad de interponer denuncias ante la polic\u00eda cibern\u00e9tica por difamaci\u00f3n.<\/p>\n<p>Se\u00f1al\u00f3 que no se puede permitir que este tipo de actuaciones queden impunes, especialmente por el impacto que tienen en su entorno personal y familiar.<\/p>\n<p>Sobre la regulaci\u00f3n de redes sociales, indic\u00f3 que existen iniciativas en an\u00e1lisis, pero advirti\u00f3 que debe cuidarse la libertad de expresi\u00f3n, en particular el ejercicio period\u00edstico.<\/p>\n<p>Enfatiz\u00f3 que su caso es un tema personal derivado de ataques sin fundamento.<\/p>\n<p>En el plano pol\u00edtico, a pregunta expresa sobre una eventual candidatura de futuro, el tambi\u00e9n coordinador de la mayor\u00eda morenista afirm\u00f3 que no son tiempos para hablar de aspiraciones electorales.<\/p>\n<p>Record\u00f3 que el siguiente proceso electoral, inicia formalmente en septiembre y consider\u00f3 irresponsable distraerse de sus funciones legislativas.<\/p>\n<p>Defendi\u00f3 el trabajo territorial que realiza en Reynosa y otras zonas del estado, al igual que sus compa\u00f1eros y compa\u00f1eras legisladoras, al se\u00f1alar que es parte de la obligaci\u00f3n de los representantes populares regresar al pueblo, para recoger sus demandas y traducirlas en iniciativas o gestiones.<\/p>\n<p>Finalmente, reiter\u00f3 que continuar\u00e1 su labor en coordinaci\u00f3n con el gobierno estatal, trabajando en el proyecto de naci\u00f3n que lo une y que no detendr\u00e1 su agenda por \u201cchismes\u201d o campa\u00f1as de desinformaci\u00f3n; si alguien tiene pruebas de alg\u00fan delito cometido, que presente las denuncias correspondientes, recomend\u00f3.<\/p>\n","protected":false},"excerpt":{"rendered":"<p>EL SINODAL DE TAMAULIPAS Reynosa, Tam.- El diputado Humberto Prieto Herrera, presidente de la Junta de Gobierno del Congreso de Tamaulipas, rechaz\u00f3 categ\u00f3ricamente las versiones que circularon en redes sociales y algunos medios an\u00f3nimos, sobre una supuesta retenci\u00f3n por autoridades migratorias y el retiro de su visa l\u00e1ser. Asegur\u00f3 que dichas afirmaciones son \u201ctotalmente falsas\u201d [&hellip;]<\/p>\n","protected":false},"author":1,"featured_media":222172,"comment_status":"closed","ping_status":"closed","sticky":false,"template":"","format":"standard","meta":{"footnotes":""},"categories":[1,2],"tags":[],"class_list":["post-222222","post","type-post","status-publish","format-standard","has-post-thumbnail","hentry","category-portada","category-reynosa"],"_links":{"self":[{"href":"https:\/\/www.elsinodaldetamaulipas.com.mx\/index.php?rest_route=\/wp\/v2\/posts\/222222","targetHints":{"allow":["GET"]}}],"collection":[{"href":"https:\/\/www.elsinodaldetamaulipas.com.mx\/index.php?rest_route=\/wp\/v2\/posts"}],"about":[{"href":"https:\/\/www.elsinodaldetamaulipas.com.mx\/index.php?rest_route=\/wp\/v2\/types\/post"}],"author":[{"embeddable":true,"href":"https:\/\/www.elsinodaldetamaulipas.com.mx\/index.php?rest_route=\/wp\/v2\/users\/1"}],"replies":[{"embeddable":true,"href":"https:\/\/www.elsinodaldetamaulipas.com.mx\/index.php?rest_route=%2Fwp%2Fv2%2Fcomments&post=222222"}],"version-history":[{"count":1,"href":"https:\/\/www.elsinodaldetamaulipas.com.mx\/index.php?rest_route=\/wp\/v2\/posts\/222222\/revisions"}],"predecessor-version":[{"id":222225,"href":"https:\/\/www.elsinodaldetamaulipas.com.mx\/index.php?rest_route=\/wp\/v2\/posts\/222222\/revisions\/222225"}],"wp:featuredmedia":[{"embeddable":true,"href":"https:\/\/www.elsinodaldetamaulipas.com.mx\/index.php?rest_route=\/wp\/v2\/media\/222172"}],"wp:attachment":[{"href":"https:\/\/www.elsinodaldetamaulipas.com.mx\/index.php?rest_route=%2Fwp%2Fv2%2Fmedia&parent=222222"}],"wp:term":[{"taxonomy":"category","embeddable":true,"href":"https:\/\/www.elsinodaldetamaulipas.com.mx\/index.php?rest_route=%2Fwp%2Fv2%2Fcategories&post=222222"},{"taxonomy":"post_tag","embeddable":true,"href":"https:\/\/www.elsinodaldetamaulipas.com.mx\/index.php?rest_route=%2Fwp%2Fv2%2Ftags&post=222222"}],"curies":[{"name":"wp","href":"https:\/\/api.w.org\/{rel}","templated":true}]}}