{"id":222226,"date":"2026-04-30T11:03:33","date_gmt":"2026-04-30T15:03:33","guid":{"rendered":"https:\/\/www.elsinodaldetamaulipas.com.mx\/?p=222226"},"modified":"2026-04-30T11:03:33","modified_gmt":"2026-04-30T15:03:33","slug":"divertida-presentacion-de-la-vecindad-del-chavo","status":"publish","type":"post","link":"https:\/\/www.elsinodaldetamaulipas.com.mx\/?p=222226","title":{"rendered":"DIVERTIDA PRESENTACI\u00d3N DE \u201cLA VECINDAD DEL CHAVO\u201d"},"content":{"rendered":"<p><em><strong>Por Juan Carlos Rodr\u00edguez Terrazas\/EL SINODAL DE TAMAULIPAS<\/strong><\/em><\/p>\n<p>Reynosa, Tam.- Para conmemorar anticipadamente el \u201cD\u00eda del Ni\u00f1o\u201d, dando rienda suelta a la imaginaci\u00f3n de los peque\u00f1os alumnos de la Escuela Primaria \u201cProfesor Lauro Aguirre\u201d, el pasado d\u00eda 21 de abril, les fue presentada la obra, \u201cLa Vecindad del Chavo del 8\u201d<\/p>\n<p>La divertida presentaci\u00f3n se llev\u00f3 a cabo en el foro de la instituci\u00f3n educativa de la supervisi\u00f3n escolar 075, que se ubica en la colonia Bella Vista, causando la expectaci\u00f3n de los peque\u00f1os que disfrutaron de un espect\u00e1culo pocas veces visto.<\/p>\n<p>El director de la Escuela \u201cLauro Aguirre\u201d, profesor Juan Enrique Hern\u00e1ndez Sandoval, fue el encargado de hacer la presentaci\u00f3n de todo el elenco encabezado por el Lic. Francisco Estrada flores director de Centros y Parques de Bienestar Social quien personific\u00f3 al Chavo del 8.<\/p>\n<p>La Lic. Emilia P\u00e9rez, es la directora del elenco de \u201cEl chavo del Ocho\u201d, quien logro conjuntar a un gran n\u00famero de j\u00f3venes actores que lograron atraer la atenci\u00f3n de los asistentes con en su espect\u00e1culo c\u00f3mico musical,<\/p>\n<p><img loading=\"lazy\" decoding=\"async\" class=\"aligncenter size-full wp-image-222228\" src=\"https:\/\/www.elsinodaldetamaulipas.com.mx\/wp-content\/uploads\/2026\/04\/TEATRO-LAURI-2.jpg\" alt=\"\" width=\"894\" height=\"487\" srcset=\"https:\/\/www.elsinodaldetamaulipas.com.mx\/wp-content\/uploads\/2026\/04\/TEATRO-LAURI-2.jpg 894w, https:\/\/www.elsinodaldetamaulipas.com.mx\/wp-content\/uploads\/2026\/04\/TEATRO-LAURI-2-300x163.jpg 300w, https:\/\/www.elsinodaldetamaulipas.com.mx\/wp-content\/uploads\/2026\/04\/TEATRO-LAURI-2-768x418.jpg 768w\" sizes=\"auto, (max-width: 894px) 100vw, 894px\" \/><\/p>\n<p>Otras de las extraordinarias actuaciones fueron las de la Lic. Abigail Torres, secretaria de Centros y Parques de Bienestar Social quien personifica a \u201cLa Chilindrina\u201d; la Mtra Isabel Vera, Mtra de Apoyo y Regulaci\u00f3n en unidades de Bienestar Social que interpreta a \u201cLa Popis\u201d, Aldahir Requena Hern\u00e1ndez, es \u201cEl \u00d1o\u00f1o\u201d; Socorro Hern\u00e1ndez lleva el papel de \u201cLa biscabuela de La Chilindrina e Isabela Gaspar, personifica magistralmente a \u201cLa Bruja del 71\u201d.<\/p>\n<p>En otros papeles de la entretenida trama intervienen Mois\u00e9s Hern\u00e1ndez, como \u201cJaimito El Cartero\u201d; Ma. Guadalupe P\u00e9rez, es \u201cLa se\u00f1ora de la Escalera\u201d; Norma Escamilla interpreta a \u201cDo\u00f1a Florinda\u201d y Juli\u00e1n Barr\u00f3n, es El profesor Jirafales, mientras que el Dr. Enrique Santiago Coordinador m\u00e9dico en centros y unidades de Bienestar Social, hizo la representaci\u00f3n de \u201cQuico\u201d<\/p>\n<p>Los alumnos disfrutaron tambi\u00e9n de un par de squetchs con El Chapul\u00edn Colorado donde repite actuaci\u00f3n el doctor Enrique Santiago, enfundado en el m\u00edtico traje en rojo con el coraz\u00f3n amarillo; compartiendo el papel con el Lic. Amauri Loya, psic\u00f3logo de unidades de Bienestar Social.<\/p>\n<p>Otras interpretaciones estuvieron a cargo de Rafaela del \u00c1ngel como \u201cLa Chimoltrufia\u201d y Nora Mart\u00ednez, personificando a \u201cMalicha\u201d.<\/p>\n<p>Hacia el final todos los personajes convivieron con los alumnos y el personal, en tanto el director del plantel, profesor Juan Enrique Hern\u00e1ndez estimul\u00f3 su participaci\u00f3n con un exquisito almuerzo, agradeciendo a todos y cada uno de ellos por contribuir a la alegr\u00eda de los ni\u00f1os en tan significativa celebraci\u00f3n anticipada.<\/p>\n","protected":false},"excerpt":{"rendered":"<p>Por Juan Carlos Rodr\u00edguez Terrazas\/EL SINODAL DE TAMAULIPAS Reynosa, Tam.- Para conmemorar anticipadamente el \u201cD\u00eda del Ni\u00f1o\u201d, dando rienda suelta a la imaginaci\u00f3n de los peque\u00f1os alumnos de la Escuela Primaria \u201cProfesor Lauro Aguirre\u201d, el pasado d\u00eda 21 de abril, les fue presentada la obra, \u201cLa Vecindad del Chavo del 8\u201d La divertida presentaci\u00f3n se [&hellip;]<\/p>\n","protected":false},"author":1,"featured_media":222227,"comment_status":"closed","ping_status":"closed","sticky":false,"template":"","format":"standard","meta":{"footnotes":""},"categories":[1,2],"tags":[],"class_list":["post-222226","post","type-post","status-publish","format-standard","has-post-thumbnail","hentry","category-portada","category-reynosa"],"_links":{"self":[{"href":"https:\/\/www.elsinodaldetamaulipas.com.mx\/index.php?rest_route=\/wp\/v2\/posts\/222226","targetHints":{"allow":["GET"]}}],"collection":[{"href":"https:\/\/www.elsinodaldetamaulipas.com.mx\/index.php?rest_route=\/wp\/v2\/posts"}],"about":[{"href":"https:\/\/www.elsinodaldetamaulipas.com.mx\/index.php?rest_route=\/wp\/v2\/types\/post"}],"author":[{"embeddable":true,"href":"https:\/\/www.elsinodaldetamaulipas.com.mx\/index.php?rest_route=\/wp\/v2\/users\/1"}],"replies":[{"embeddable":true,"href":"https:\/\/www.elsinodaldetamaulipas.com.mx\/index.php?rest_route=%2Fwp%2Fv2%2Fcomments&post=222226"}],"version-history":[{"count":1,"href":"https:\/\/www.elsinodaldetamaulipas.com.mx\/index.php?rest_route=\/wp\/v2\/posts\/222226\/revisions"}],"predecessor-version":[{"id":222229,"href":"https:\/\/www.elsinodaldetamaulipas.com.mx\/index.php?rest_route=\/wp\/v2\/posts\/222226\/revisions\/222229"}],"wp:featuredmedia":[{"embeddable":true,"href":"https:\/\/www.elsinodaldetamaulipas.com.mx\/index.php?rest_route=\/wp\/v2\/media\/222227"}],"wp:attachment":[{"href":"https:\/\/www.elsinodaldetamaulipas.com.mx\/index.php?rest_route=%2Fwp%2Fv2%2Fmedia&parent=222226"}],"wp:term":[{"taxonomy":"category","embeddable":true,"href":"https:\/\/www.elsinodaldetamaulipas.com.mx\/index.php?rest_route=%2Fwp%2Fv2%2Fcategories&post=222226"},{"taxonomy":"post_tag","embeddable":true,"href":"https:\/\/www.elsinodaldetamaulipas.com.mx\/index.php?rest_route=%2Fwp%2Fv2%2Ftags&post=222226"}],"curies":[{"name":"wp","href":"https:\/\/api.w.org\/{rel}","templated":true}]}}