{"id":222232,"date":"2026-04-30T21:30:50","date_gmt":"2026-05-01T01:30:50","guid":{"rendered":"https:\/\/www.elsinodaldetamaulipas.com.mx\/?p=222232"},"modified":"2026-04-30T21:30:50","modified_gmt":"2026-05-01T01:30:50","slug":"felicita-americo-al-rector","status":"publish","type":"post","link":"https:\/\/www.elsinodaldetamaulipas.com.mx\/?p=222232","title":{"rendered":"FELICITA AM\u00c9RICO AL RECTOR"},"content":{"rendered":"<p>Este viernes, con motivo de su segundo informe de labores, el rector de la UAT Damaso Anaya Alvarado, fue felicitado por el gobernador Am\u00e9rico Villarreal. Atr\u00e1s de esa congratulaci\u00f3n, existen hechos como el cien por ciento en la acreditaci\u00f3n de programas educativos de licenciatura.<\/p>\n<p>El incremento de la matricula de 41 mil estudiantes. Lo anterior representa un aumento del 5.5 anual. La consolidaci\u00f3n de infraestructura moderna y un amplio programa de becas que abarca ya el 50 por ciento de su poblaci\u00f3n estudiantil. Actualmente m\u00e1s de 42 mil alumnas y alumnas de la universidad p\u00fablica en nuestro estado, se ven beneficiados con apoyos econ\u00f3micos directos.<\/p>\n<p>Otro de los \u00e1ngulos que estuvieron presentes en el Segundo informe de la UAT, en los tiempos de D\u00e1maso, es una acentuada vinculaci\u00f3n con los programas de desarrollo en \u00e1reas estrat\u00e9gicas, como la econom\u00eda social, el deporte y la cultura.<\/p>\n<p>Uno de los aspectos m\u00e1s destacables del alma mater tamaulipeca, es que ha logrado salir de la mediocridad acad\u00e9mica en que durante muchos a\u00f1os pulul\u00f3, en el escenario de la preparaci\u00f3n profesional y la investigaci\u00f3n cient\u00edfica.<\/p>\n<p>Recientemente la Universidad Aut\u00f3noma de Tamaulipas recibi\u00f3 un reconocimiento internacional, a trav\u00e9s del cual se da a conocer que escal\u00f3 85 lugares, en el ranking SCImago, entre los pa\u00edses de Am\u00e9rica Latina.<\/p>\n<p>El enfoque preponderantemente social, perfilado a contribuir a la soluci\u00f3n de necesidades comunitarias, es uno de los galardones que identifican a la UAT, nos comentan algunos de los acad\u00e9micos de esta instituci\u00f3n de educaci\u00f3n superior.<\/p>\n<p>\u00bfCu\u00e1l es el motor de estos importantes cambios? Por un lado la nueva l\u00ednea de trabajo acad\u00e9mico, cient\u00edfico, pol\u00edtico, administrativo de la rector\u00eda. Pero ante todo el respaldo que desde un inicio ha recibido del titular del Ejecutivo estatal, Am\u00e9rico Villarreal Anaya.<\/p>\n<p>As\u00ed lo ha reconocido en diferentes momentos de su rectorado, el MVZ D\u00e1maso Anaya.<\/p>\n<p>\u2014-Con el respaldo del gobernador Am\u00e9rico Villarreal Anaya, la Universidad Aut\u00f3noma de Tamaulipas, ha logrado avances hist\u00f3ricos, que posicionan a la casa de estudios, entre las instituciones de educaci\u00f3n superior, con mayor reconocimiento a nivel nacional, dijo el rector.<\/p>\n","protected":false},"excerpt":{"rendered":"<p>Este viernes, con motivo de su segundo informe de labores, el rector de la UAT Damaso Anaya Alvarado, fue felicitado por el gobernador Am\u00e9rico Villarreal. Atr\u00e1s de esa congratulaci\u00f3n, existen hechos como el cien por ciento en la acreditaci\u00f3n de programas educativos de licenciatura. El incremento de la matricula de 41 mil estudiantes. Lo anterior [&hellip;]<\/p>\n","protected":false},"author":1,"featured_media":214899,"comment_status":"closed","ping_status":"closed","sticky":false,"template":"","format":"standard","meta":{"footnotes":""},"categories":[16],"tags":[],"class_list":["post-222232","post","type-post","status-publish","format-standard","has-post-thumbnail","hentry","category-opinion"],"_links":{"self":[{"href":"https:\/\/www.elsinodaldetamaulipas.com.mx\/index.php?rest_route=\/wp\/v2\/posts\/222232","targetHints":{"allow":["GET"]}}],"collection":[{"href":"https:\/\/www.elsinodaldetamaulipas.com.mx\/index.php?rest_route=\/wp\/v2\/posts"}],"about":[{"href":"https:\/\/www.elsinodaldetamaulipas.com.mx\/index.php?rest_route=\/wp\/v2\/types\/post"}],"author":[{"embeddable":true,"href":"https:\/\/www.elsinodaldetamaulipas.com.mx\/index.php?rest_route=\/wp\/v2\/users\/1"}],"replies":[{"embeddable":true,"href":"https:\/\/www.elsinodaldetamaulipas.com.mx\/index.php?rest_route=%2Fwp%2Fv2%2Fcomments&post=222232"}],"version-history":[{"count":1,"href":"https:\/\/www.elsinodaldetamaulipas.com.mx\/index.php?rest_route=\/wp\/v2\/posts\/222232\/revisions"}],"predecessor-version":[{"id":222260,"href":"https:\/\/www.elsinodaldetamaulipas.com.mx\/index.php?rest_route=\/wp\/v2\/posts\/222232\/revisions\/222260"}],"wp:featuredmedia":[{"embeddable":true,"href":"https:\/\/www.elsinodaldetamaulipas.com.mx\/index.php?rest_route=\/wp\/v2\/media\/214899"}],"wp:attachment":[{"href":"https:\/\/www.elsinodaldetamaulipas.com.mx\/index.php?rest_route=%2Fwp%2Fv2%2Fmedia&parent=222232"}],"wp:term":[{"taxonomy":"category","embeddable":true,"href":"https:\/\/www.elsinodaldetamaulipas.com.mx\/index.php?rest_route=%2Fwp%2Fv2%2Fcategories&post=222232"},{"taxonomy":"post_tag","embeddable":true,"href":"https:\/\/www.elsinodaldetamaulipas.com.mx\/index.php?rest_route=%2Fwp%2Fv2%2Ftags&post=222232"}],"curies":[{"name":"wp","href":"https:\/\/api.w.org\/{rel}","templated":true}]}}