{"id":222237,"date":"2026-04-30T20:29:46","date_gmt":"2026-05-01T00:29:46","guid":{"rendered":"https:\/\/www.elsinodaldetamaulipas.com.mx\/?p=222237"},"modified":"2026-04-30T20:29:46","modified_gmt":"2026-05-01T00:29:46","slug":"diputado-naranja-celebra-a-la-ninez-reynosense","status":"publish","type":"post","link":"https:\/\/www.elsinodaldetamaulipas.com.mx\/?p=222237","title":{"rendered":"DIPUTADO NARANJA CELEBRA A LA NI\u00d1EZ REYNOSENSE"},"content":{"rendered":"<p><em><strong>EL SINODAL DE TAMAULIPAS<\/strong><\/em><\/p>\n<p>Reynosa, Tamaulipas. En el marco del D\u00eda de las Ni\u00f1as y los Ni\u00f1os, el diputado naranja Juan Carlos Zertuche, visit\u00f3 diversas escuelas de preescolar y primarias de Reynosa, llevando dulces, sorpresas y momentos de alegr\u00eda a ni\u00f1as y ni\u00f1os.<\/p>\n<p>&nbsp;<\/p>\n<p>Durante la jornada, convivi\u00f3 con estudiantes, docentes y padres de familia, reiterando su compromiso de seguir trabajando por una ni\u00f1ez feliz, segura y con m\u00e1s oportunidades.<\/p>\n<p><img loading=\"lazy\" decoding=\"async\" class=\"aligncenter wp-image-222241 size-full\" src=\"https:\/\/www.elsinodaldetamaulipas.com.mx\/wp-content\/uploads\/2026\/04\/CONVIVENCIA-2-1.jpg\" alt=\"\" width=\"894\" height=\"487\" srcset=\"https:\/\/www.elsinodaldetamaulipas.com.mx\/wp-content\/uploads\/2026\/04\/CONVIVENCIA-2-1.jpg 894w, https:\/\/www.elsinodaldetamaulipas.com.mx\/wp-content\/uploads\/2026\/04\/CONVIVENCIA-2-1-300x163.jpg 300w, https:\/\/www.elsinodaldetamaulipas.com.mx\/wp-content\/uploads\/2026\/04\/CONVIVENCIA-2-1-768x418.jpg 768w\" sizes=\"auto, (max-width: 894px) 100vw, 894px\" \/><\/p>\n<p>\u201cHoy celebramos a quienes nos ense\u00f1an a so\u00f1ar en grande y disfrutar lo sencillo, por eso ni\u00f1os, les pido que jam\u00e1s dejen de so\u00f1ar para que puedan alcanzar sus metas\u201d, expres\u00f3.<\/p>\n<p>&nbsp;<\/p>\n<p>Zertuche adelant\u00f3 que continuar\u00e1 recorriendo colonias y tianguis este fin de semana para seguir regalando sonrisas y fortaleciendo la cercan\u00eda con las familias reynosenses.<\/p>\n<p><img loading=\"lazy\" decoding=\"async\" class=\"aligncenter wp-image-222242 size-full\" src=\"https:\/\/www.elsinodaldetamaulipas.com.mx\/wp-content\/uploads\/2026\/04\/CONVIVENCIA-3-2.jpg\" alt=\"\" width=\"894\" height=\"487\" srcset=\"https:\/\/www.elsinodaldetamaulipas.com.mx\/wp-content\/uploads\/2026\/04\/CONVIVENCIA-3-2.jpg 894w, https:\/\/www.elsinodaldetamaulipas.com.mx\/wp-content\/uploads\/2026\/04\/CONVIVENCIA-3-2-300x163.jpg 300w, https:\/\/www.elsinodaldetamaulipas.com.mx\/wp-content\/uploads\/2026\/04\/CONVIVENCIA-3-2-768x418.jpg 768w\" sizes=\"auto, (max-width: 894px) 100vw, 894px\" \/><\/p>\n<p>A este festejo por distintas instituciones educativas, acompa\u00f1aron al diputado naranja, su esposa, Susy Garc\u00eda; Braulio Barr\u00f3n, l\u00edder de j\u00f3venes y Francisco Tays de gesti\u00f3n m\u00e9dica.<\/p>\n","protected":false},"excerpt":{"rendered":"<p>EL SINODAL DE TAMAULIPAS Reynosa, Tamaulipas. En el marco del D\u00eda de las Ni\u00f1as y los Ni\u00f1os, el diputado naranja Juan Carlos Zertuche, visit\u00f3 diversas escuelas de preescolar y primarias de Reynosa, llevando dulces, sorpresas y momentos de alegr\u00eda a ni\u00f1as y ni\u00f1os. &nbsp; Durante la jornada, convivi\u00f3 con estudiantes, docentes y padres de familia, [&hellip;]<\/p>\n","protected":false},"author":1,"featured_media":222240,"comment_status":"closed","ping_status":"closed","sticky":false,"template":"","format":"standard","meta":{"footnotes":""},"categories":[1,2],"tags":[],"class_list":["post-222237","post","type-post","status-publish","format-standard","has-post-thumbnail","hentry","category-portada","category-reynosa"],"_links":{"self":[{"href":"https:\/\/www.elsinodaldetamaulipas.com.mx\/index.php?rest_route=\/wp\/v2\/posts\/222237","targetHints":{"allow":["GET"]}}],"collection":[{"href":"https:\/\/www.elsinodaldetamaulipas.com.mx\/index.php?rest_route=\/wp\/v2\/posts"}],"about":[{"href":"https:\/\/www.elsinodaldetamaulipas.com.mx\/index.php?rest_route=\/wp\/v2\/types\/post"}],"author":[{"embeddable":true,"href":"https:\/\/www.elsinodaldetamaulipas.com.mx\/index.php?rest_route=\/wp\/v2\/users\/1"}],"replies":[{"embeddable":true,"href":"https:\/\/www.elsinodaldetamaulipas.com.mx\/index.php?rest_route=%2Fwp%2Fv2%2Fcomments&post=222237"}],"version-history":[{"count":1,"href":"https:\/\/www.elsinodaldetamaulipas.com.mx\/index.php?rest_route=\/wp\/v2\/posts\/222237\/revisions"}],"predecessor-version":[{"id":222243,"href":"https:\/\/www.elsinodaldetamaulipas.com.mx\/index.php?rest_route=\/wp\/v2\/posts\/222237\/revisions\/222243"}],"wp:featuredmedia":[{"embeddable":true,"href":"https:\/\/www.elsinodaldetamaulipas.com.mx\/index.php?rest_route=\/wp\/v2\/media\/222240"}],"wp:attachment":[{"href":"https:\/\/www.elsinodaldetamaulipas.com.mx\/index.php?rest_route=%2Fwp%2Fv2%2Fmedia&parent=222237"}],"wp:term":[{"taxonomy":"category","embeddable":true,"href":"https:\/\/www.elsinodaldetamaulipas.com.mx\/index.php?rest_route=%2Fwp%2Fv2%2Fcategories&post=222237"},{"taxonomy":"post_tag","embeddable":true,"href":"https:\/\/www.elsinodaldetamaulipas.com.mx\/index.php?rest_route=%2Fwp%2Fv2%2Ftags&post=222237"}],"curies":[{"name":"wp","href":"https:\/\/api.w.org\/{rel}","templated":true}]}}