{"id":222244,"date":"2026-04-30T21:05:11","date_gmt":"2026-05-01T01:05:11","guid":{"rendered":"https:\/\/www.elsinodaldetamaulipas.com.mx\/?p=222244"},"modified":"2026-04-30T21:05:11","modified_gmt":"2026-05-01T01:05:11","slug":"obreros-expondran-sus-demandas-durante-desfile","status":"publish","type":"post","link":"https:\/\/www.elsinodaldetamaulipas.com.mx\/?p=222244","title":{"rendered":"OBREROS EXPONDR\u00c1N SUS DEMANDAS DURANTE DESFILE"},"content":{"rendered":"<p>EL SINODAL DE TAMAULIPAS<\/p>\n<p>Reynosa, Tam.- Al participar como cada 1 de mayo (Dia del Trabajo). Los trabajadores de Reynosa har\u00e1n uso de su libertad de expresi\u00f3n hacia diversos temas sensibles que les preocupan y representan una demanda social para ellos y sus familias.<\/p>\n<p>&nbsp;<\/p>\n<p>A trav\u00e9s de la expresi\u00f3n garantizada que la Federacion de Trabajadores de Reynosa (FTR) ha inculcado como un valor de pulso real de lo que acontece y preocupa al sector obrero.<\/p>\n<p>&nbsp;<\/p>\n<p>Este espacio expresivo de los obreros, deber\u00e1 ser un pulso a considerar y tomar con responsabilidad los tres \u00f3rdenes de gobierno: La exigencia de mejorar las condiciones de prestaci\u00f3n de la seguridad social a trav\u00e9s del Instituto Mexicano del Seguro Social.<\/p>\n<p>&nbsp;<\/p>\n<p>Cumplir con la adecuada y digna prestaci\u00f3n de la salud y acceso de cobertura integral, en donde no haya impedimento de tipo presupuesto o malas planeaciones administrativas, que en la narrativa ofrecen un discurso y parte informativo alejado de la realidad que agobia a los trabajadores y sus familias.<\/p>\n<p><img loading=\"lazy\" decoding=\"async\" class=\"aligncenter wp-image-222246 size-full\" src=\"https:\/\/www.elsinodaldetamaulipas.com.mx\/wp-content\/uploads\/2026\/04\/DEMANDAS.jpg\" alt=\"\" width=\"1600\" height=\"1200\" srcset=\"https:\/\/www.elsinodaldetamaulipas.com.mx\/wp-content\/uploads\/2026\/04\/DEMANDAS.jpg 1600w, https:\/\/www.elsinodaldetamaulipas.com.mx\/wp-content\/uploads\/2026\/04\/DEMANDAS-300x225.jpg 300w, https:\/\/www.elsinodaldetamaulipas.com.mx\/wp-content\/uploads\/2026\/04\/DEMANDAS-1024x768.jpg 1024w, https:\/\/www.elsinodaldetamaulipas.com.mx\/wp-content\/uploads\/2026\/04\/DEMANDAS-768x576.jpg 768w, https:\/\/www.elsinodaldetamaulipas.com.mx\/wp-content\/uploads\/2026\/04\/DEMANDAS-1536x1152.jpg 1536w, https:\/\/www.elsinodaldetamaulipas.com.mx\/wp-content\/uploads\/2026\/04\/DEMANDAS-272x204.jpg 272w\" sizes=\"auto, (max-width: 1600px) 100vw, 1600px\" \/><\/p>\n<p>Que en las unidades m\u00e9dicas se cuente con abasto de medicamentos, especialistas, que no se juegue con la salud y se asuma un compromiso de calidad y calidez.<\/p>\n<p>&nbsp;<\/p>\n<p>La exigencia de avanzar en las pol\u00edticas de vivienda digna y con certeza jur\u00eddica inmediata al recibir los trabajadores su patrimonio. Cabe destacar el compromiso del Sector Obrero y Patronal de promover la entrega de escrituras sin demoras ni contratiempos a las familias, en donde miles de escrituras que amparan la propiedad patrimonial han sido entregadas.<\/p>\n<p>&nbsp;<\/p>\n<p>Hoy. El Desfile Obrero de este 1 de mayo. Nuevamente es la cita de los trabajadores que, con entera libertad y responsabilidad, tomaran parte del \u00fanico desfile obrero que en forma ininterrumpida y que solo en dos casos extraordinarios (Pandemia y Clima) ha sido pospuesto.<\/p>\n<p>&nbsp;<\/p>\n<p>La marcha de los trabajadores deber\u00e1 significar un acuse de recibido de los gobernantes y legisladores para imprimir mayor capacidad de respuesta y gesti\u00f3n a la expresi\u00f3n obrera.<\/p>\n","protected":false},"excerpt":{"rendered":"<p>EL SINODAL DE TAMAULIPAS Reynosa, Tam.- Al participar como cada 1 de mayo (Dia del Trabajo). Los trabajadores de Reynosa har\u00e1n uso de su libertad de expresi\u00f3n hacia diversos temas sensibles que les preocupan y representan una demanda social para ellos y sus familias. &nbsp; A trav\u00e9s de la expresi\u00f3n garantizada que la Federacion de [&hellip;]<\/p>\n","protected":false},"author":1,"featured_media":222245,"comment_status":"closed","ping_status":"closed","sticky":false,"template":"","format":"standard","meta":{"footnotes":""},"categories":[1,2],"tags":[],"class_list":["post-222244","post","type-post","status-publish","format-standard","has-post-thumbnail","hentry","category-portada","category-reynosa"],"_links":{"self":[{"href":"https:\/\/www.elsinodaldetamaulipas.com.mx\/index.php?rest_route=\/wp\/v2\/posts\/222244","targetHints":{"allow":["GET"]}}],"collection":[{"href":"https:\/\/www.elsinodaldetamaulipas.com.mx\/index.php?rest_route=\/wp\/v2\/posts"}],"about":[{"href":"https:\/\/www.elsinodaldetamaulipas.com.mx\/index.php?rest_route=\/wp\/v2\/types\/post"}],"author":[{"embeddable":true,"href":"https:\/\/www.elsinodaldetamaulipas.com.mx\/index.php?rest_route=\/wp\/v2\/users\/1"}],"replies":[{"embeddable":true,"href":"https:\/\/www.elsinodaldetamaulipas.com.mx\/index.php?rest_route=%2Fwp%2Fv2%2Fcomments&post=222244"}],"version-history":[{"count":1,"href":"https:\/\/www.elsinodaldetamaulipas.com.mx\/index.php?rest_route=\/wp\/v2\/posts\/222244\/revisions"}],"predecessor-version":[{"id":222247,"href":"https:\/\/www.elsinodaldetamaulipas.com.mx\/index.php?rest_route=\/wp\/v2\/posts\/222244\/revisions\/222247"}],"wp:featuredmedia":[{"embeddable":true,"href":"https:\/\/www.elsinodaldetamaulipas.com.mx\/index.php?rest_route=\/wp\/v2\/media\/222245"}],"wp:attachment":[{"href":"https:\/\/www.elsinodaldetamaulipas.com.mx\/index.php?rest_route=%2Fwp%2Fv2%2Fmedia&parent=222244"}],"wp:term":[{"taxonomy":"category","embeddable":true,"href":"https:\/\/www.elsinodaldetamaulipas.com.mx\/index.php?rest_route=%2Fwp%2Fv2%2Fcategories&post=222244"},{"taxonomy":"post_tag","embeddable":true,"href":"https:\/\/www.elsinodaldetamaulipas.com.mx\/index.php?rest_route=%2Fwp%2Fv2%2Ftags&post=222244"}],"curies":[{"name":"wp","href":"https:\/\/api.w.org\/{rel}","templated":true}]}}