{"id":222253,"date":"2026-04-30T21:23:43","date_gmt":"2026-05-01T01:23:43","guid":{"rendered":"https:\/\/www.elsinodaldetamaulipas.com.mx\/?p=222253"},"modified":"2026-04-30T21:23:43","modified_gmt":"2026-05-01T01:23:43","slug":"educacion-en-tamaulipas-resultados-orden-y-vision-de-futuro","status":"publish","type":"post","link":"https:\/\/www.elsinodaldetamaulipas.com.mx\/?p=222253","title":{"rendered":"EDUCACI\u00d3N EN TAMAULIPAS: RESULTADOS, ORDEN Y VISI\u00d3N DE FUTURO"},"content":{"rendered":"<p>Durante su comparecencia ante el Congreso de Tamaulipas, el Secretario de Educaci\u00f3n en Tamaulipas, Miguel \u00c1ngel Valdez Garc\u00eda, les hablo de frente a los legisladores, ofreci\u00e9ndoles una visi\u00f3n real de la educaci\u00f3n en el estado, logros y retos, visi\u00f3n que comparte con el Gobernador, Am\u00e9rico Villarreal Anaya, y que ha permitido construir uno de los seis m\u00e1s grandes y eficientes sistema de educaci\u00f3n en M\u00e9xico, lo que no ha sido f\u00e1cil, pero est\u00e1 permitiendo formar tamaulipecas y tamaulipecos de calidad, no s\u00f3lo para Tamaulipas, sino para ser incorporados al mercado laboral en M\u00e9xico.<\/p>\n<p>La educaci\u00f3n en Tamaulipas atraviesa una etapa de consolidaci\u00f3n institucional que busca dejar atr\u00e1s a\u00f1os de rezagos estructurales y colocar al sistema educativo estatal en una nueva ruta de crecimiento, planeaci\u00f3n y resultados. Bajo la conducci\u00f3n de Miguel \u00c1ngel Valdez Garc\u00eda, al frente de la Secretar\u00eda de Educaci\u00f3n, la administraci\u00f3n estatal ha apostado por una estrategia que combina infraestructura, cobertura, evaluaci\u00f3n acad\u00e9mica y apoyos sociales, alineada a la visi\u00f3n humanista del gobernador Am\u00e9rico Villarreal Anaya.<\/p>\n<p>Los n\u00fameros son relevantes. Para el ciclo escolar 2025-2026, Tamaulipas reporta una matr\u00edcula superior a un mill\u00f3n de estudiantes, atendidos por 55 mil 391 docentes en una red de 7 mil 333 escuelas, consolid\u00e1ndose como uno de los seis sistemas educativos m\u00e1s grandes e importantes del pa\u00eds.<\/p>\n<p>Uno de los principales desaf\u00edos hist\u00f3ricos ha sido la infraestructura escolar. El propio titular de educaci\u00f3n ha reconocido que existe un rezago cercano al 30% en infraestructura educativa, motivo por el cual se impuls\u00f3 una bolsa de inversi\u00f3n de aproximadamente 1,300 millones de pesos para rehabilitaci\u00f3n, mantenimiento y fortalecimiento de planteles, mediante recursos combinados del programa federal La Escuela es Nuestra y del Fondo de Aportaciones M\u00faltiples.<\/p>\n<p>A ello, se suma una pol\u00edtica social con impacto directo en las familias. La administraci\u00f3n estatal mantiene la entrega universal de \u00fatiles escolares para estudiantes de educaci\u00f3n b\u00e1sica p\u00fablica y uniformes escolares en 25 municipios, con una inversi\u00f3n superior a 225 millones de pesos tan solo en este rubro. Esta medida no solo representa alivio econ\u00f3mico para miles de hogares tamaulipecos, sino una pol\u00edtica p\u00fablica que fortalece, permanencia escolar y equidad.<\/p>\n<p>En materia acad\u00e9mica, uno de los ejes centrales de Miguel \u00c1ngel Valdez Garc\u00eda ha sido regresar a una l\u00f3gica de medici\u00f3n y evidencia. La prueba \u201cTamaulipas Aprende\u201d alcanz\u00f3 cobertura superior al 97% de estudiantes de primaria y secundaria, pr\u00e1cticamente universal, permitiendo diagn\u00f3sticos estatales para la recuperaci\u00f3n de aprendizajes en matem\u00e1ticas, lenguaje y ciencias. Y en tiempos donde muchos sistemas educativos a\u00fan enfrentan secuelas post pandemia, contar con una evaluaci\u00f3n diagn\u00f3stica amplia, representa una ventaja estrat\u00e9gica para construir una intervenci\u00f3n focalizada.<\/p>\n<p>Pol\u00edticamente, la llegada de Miguel \u00c1ngel Valdez Garc\u00eda a la dependencia, en abril de 2025, marc\u00f3 tambi\u00e9n una etapa de mayor orden administrativo dentro de la SET. Proveniente de la Subsecretar\u00eda de Planeaci\u00f3n, su perfil t\u00e9cnico ha permitido reforzar indicadores, estad\u00edstica educativa y coordinaci\u00f3n territorial con los Centros Regionales de Desarrollo Educativo (CREDE), fortaleciendo la operaci\u00f3n institucional en territorio.<\/p>\n<p>Pero m\u00e1s all\u00e1 de cifras, el mensaje pol\u00edtico del titular de Educaci\u00f3n en Tamaulipas, es claro: la administraci\u00f3n del Dr. Am\u00e9rico Villarreal Anaya busca construir gobernabilidad desde las aulas. Y en un estado donde la educaci\u00f3n hist\u00f3ricamente ha sido factor de movilidad social, invertir en escuelas, docentes y estudiantes significa tambi\u00e9n invertir en estabilidad, competitividad y cohesi\u00f3n social.<\/p>\n<p>Y la administraci\u00f3n de Miguel \u00c1ngel Valdez Garc\u00eda al frente de la Secretar\u00eda de Educaci\u00f3n de Tamaulipas parece entenderlo bien: la transformaci\u00f3n educativa no se comunica solo con discursos, sino con cobertura, inversi\u00f3n y resultados medibles. Si los indicadores actuales logran sostenerse, Tamaulipas podr\u00eda cerrar el sexenio no s\u00f3lo con mayor infraestructura y cobertura, sino con un modelo educativo m\u00e1s s\u00f3lido, ordenado y competitivo.<\/p>\n<p>Porque al final, en pol\u00edtica p\u00fablica, pocas inversiones tienen mayor rentabilidad social y pol\u00edtica que la educaci\u00f3n. Y hoy, en Tamaulipas, ese parece ser uno de los principales ejes de gobierno.<\/p>\n<p>\u00bfPero de qu\u00e9 tama\u00f1o es la educaci\u00f3n de Tamaulipas? Los logros educativos en nuestra entidad est\u00e1n a la vista: 1\u2019006,721 estudiantes inscritos en todos los niveles educativos del estado, s\u00f3lo en el ciclo escolar 2025-2026; 55,391 docentes en activo; 7,333 planteles escolares p\u00fablicos y privados en operaci\u00f3n. As\u00ed lo afirm\u00f3 durante su comparecencia ante el Congreso de Tamaulipas, el titular de Educaci\u00f3n, Miguel \u00c1ngel Valdez Garc\u00eda.<\/p>\n<p>Tan s\u00f3lo en este curso escolar, m\u00e1s de 665 mil alumnos cursan la educaci\u00f3n b\u00e1sica, preescolar, primaria y secundaria y alrededor de 35 mil docentes atienden educaci\u00f3n b\u00e1sica\u00a0 en m\u00e1s de 4,800 escuelas p\u00fablicas de nivel b\u00e1sico.<\/p>\n<p>Asimismo, hay cerca de 145 mil estudiantes en preparatoria y bachillerato y m\u00e1s de 130 mil alumnos en universidades, tecnol\u00f3gicos y normales. Adem\u00e1s, Tamaulipas cuenta con m\u00e1s de 200 instituciones de educaci\u00f3n superior entre p\u00fablicas y privadas.<\/p>\n<p>Valdez Garc\u00eda no s\u00f3lo habl\u00f3 de los logros, sino tambi\u00e9n de los retos: en infraestructura, 30% de escuelas requieren intervenci\u00f3n mayor o mantenimiento integral y para este ciclo escolar, se tiene proyectada una inversi\u00f3n proyectada \u00a0de 1,300 millones de pesos para infraestructura escolar.<\/p>\n<p>Los recursos que habr\u00e1n de invertirse son provenientes del programa federal La Escuela es Nuestra, del Fondo de Aportaciones M\u00faltiples, as\u00ed como recursos estatales complementarios.<\/p>\n<p>Asimismo, se ha venido realizando una cruzada de programas sociales educativos en donde m\u00e1s de 500 mil paquetes de \u00fatiles escolares han sido entregados gratuitamente; existe una cobertura de uniformes escolares en 25 municipios prioritarios; se est\u00e1 aplicando una inversi\u00f3n superior a 225 millones de pesos en \u00fatiles y uniformes.<\/p>\n<p>Adicional, 43 Centros Regionales de Desarrollo Educativo (CREDE) coordinan operaci\u00f3n educativa territorial, y se trabaja a todo vapor en la reorganizaci\u00f3n administrativa impulsada desde 2025.<\/p>\n<p>Tambi\u00e9n se trabaja con m\u00e1s de 55 mil maestros dentro del sistema en programas permanentes de capacitaci\u00f3n y actualizaci\u00f3n pedag\u00f3gica alineados al modelo de la Nueva Escuela Mexicana.<\/p>\n<p>\u00bfCu\u00e1nto cuesta esto? El presupuesto educativo anual estimado es superior a los 30 mil millones de pesos, considerando aportaciones federales y estatales, raz\u00f3n por la cual la educaci\u00f3n representa uno de los rubros m\u00e1s altos del gasto p\u00fablico estatal.<\/p>\n<p>Y es que la educaci\u00f3n impacta directamente a aproximadamente 1 de cada 3 tamaulipecos entre estudiantes, docentes, administrativos y familias vinculadas, con una cobertura territorial educativa en los 43 municipios del estado.<\/p>\n<p>Y lo que se escucha en los mentideros pol\u00edticos, sobre Miguel Angel Valdez Garc\u00eda es que dados sus buenos resultados en la materia, y su intenso trabajo pie-tierra, es casi seguro que Valdez Garc\u00eda ser\u00e1 considerado para el pr\u00f3ximo proceso electoral, porque, adem\u00e1s de su calidad y experiencia como educador, el titular de la SET ser\u00eda un excelente presidente de la Comisi\u00f3n de Educaci\u00f3n de la C\u00e1mara Federal de los Diputados. Tiempo al tiempo, pero dice In\u00e9s que por ah\u00ed es.<\/p>\n<p><strong>PD. 1.\u00a0<\/strong>Tras la develaci\u00f3n de la petici\u00f3n de los Estados Unidos para que el Gobernador de Sinaloa, Rub\u00e9n Rocha Moya, sea extraditado para enfrentar acusaciones en aquel pa\u00eds, el dirigente nacional del\u00a0PAN,\u00a0Jorge Romero, exigi\u00f3 la desaparici\u00f3n de poderes en\u00a0Sinaloa\u00a0ante las acusaciones de\u00a0Estados Unidos\u00a0contra el gobernador Rocha Moya, debido a cr\u00edmenes contra la salud.<\/p>\n<p>Jorge Romero consider\u00f3 que se debe evaluar de forma inmediata en el\u00a0Senado de la Rep\u00fablica\u00a0la desaparici\u00f3n de poderes en dicha entidad, como una medida prevista en la Constituci\u00f3n para situaciones extraordinarias. \u201cEsto ya no es rumor ni especulaci\u00f3n. Estamos frente a una crisis de Estado que exige respuestas firmes y acciones inmediatas\u201d, advirti\u00f3 Romero.<\/p>\n<p>Gracias por recibirnos. Sus comentarios son bien recibidos en nuestro correo electr\u00f3nico\u00a0<a href=\"mailto:hipodromo.politico@gmail.com\" target=\"_blank\" rel=\"noreferrer noopener\">hipodromo.politico@gmail.com<\/a>. Y tambi\u00e9n estamos en Twitter @MXCarlosCortes.<\/p>\n","protected":false},"excerpt":{"rendered":"<p>Durante su comparecencia ante el Congreso de Tamaulipas, el Secretario de Educaci\u00f3n en Tamaulipas, Miguel \u00c1ngel Valdez Garc\u00eda, les hablo de frente a los legisladores, ofreci\u00e9ndoles una visi\u00f3n real de la educaci\u00f3n en el estado, logros y retos, visi\u00f3n que comparte con el Gobernador, Am\u00e9rico Villarreal Anaya, y que ha permitido construir uno de los [&hellip;]<\/p>\n","protected":false},"author":1,"featured_media":220611,"comment_status":"closed","ping_status":"closed","sticky":false,"template":"","format":"standard","meta":{"footnotes":""},"categories":[16],"tags":[],"class_list":["post-222253","post","type-post","status-publish","format-standard","has-post-thumbnail","hentry","category-opinion"],"_links":{"self":[{"href":"https:\/\/www.elsinodaldetamaulipas.com.mx\/index.php?rest_route=\/wp\/v2\/posts\/222253","targetHints":{"allow":["GET"]}}],"collection":[{"href":"https:\/\/www.elsinodaldetamaulipas.com.mx\/index.php?rest_route=\/wp\/v2\/posts"}],"about":[{"href":"https:\/\/www.elsinodaldetamaulipas.com.mx\/index.php?rest_route=\/wp\/v2\/types\/post"}],"author":[{"embeddable":true,"href":"https:\/\/www.elsinodaldetamaulipas.com.mx\/index.php?rest_route=\/wp\/v2\/users\/1"}],"replies":[{"embeddable":true,"href":"https:\/\/www.elsinodaldetamaulipas.com.mx\/index.php?rest_route=%2Fwp%2Fv2%2Fcomments&post=222253"}],"version-history":[{"count":1,"href":"https:\/\/www.elsinodaldetamaulipas.com.mx\/index.php?rest_route=\/wp\/v2\/posts\/222253\/revisions"}],"predecessor-version":[{"id":222254,"href":"https:\/\/www.elsinodaldetamaulipas.com.mx\/index.php?rest_route=\/wp\/v2\/posts\/222253\/revisions\/222254"}],"wp:featuredmedia":[{"embeddable":true,"href":"https:\/\/www.elsinodaldetamaulipas.com.mx\/index.php?rest_route=\/wp\/v2\/media\/220611"}],"wp:attachment":[{"href":"https:\/\/www.elsinodaldetamaulipas.com.mx\/index.php?rest_route=%2Fwp%2Fv2%2Fmedia&parent=222253"}],"wp:term":[{"taxonomy":"category","embeddable":true,"href":"https:\/\/www.elsinodaldetamaulipas.com.mx\/index.php?rest_route=%2Fwp%2Fv2%2Fcategories&post=222253"},{"taxonomy":"post_tag","embeddable":true,"href":"https:\/\/www.elsinodaldetamaulipas.com.mx\/index.php?rest_route=%2Fwp%2Fv2%2Ftags&post=222253"}],"curies":[{"name":"wp","href":"https:\/\/api.w.org\/{rel}","templated":true}]}}