{"id":222256,"date":"2026-04-30T21:27:05","date_gmt":"2026-05-01T01:27:05","guid":{"rendered":"https:\/\/www.elsinodaldetamaulipas.com.mx\/?p=222256"},"modified":"2026-04-30T21:27:05","modified_gmt":"2026-05-01T01:27:05","slug":"el-segundo-informe-del-rector-de-la-uat","status":"publish","type":"post","link":"https:\/\/www.elsinodaldetamaulipas.com.mx\/?p=222256","title":{"rendered":"EL SEGUNDO INFORME DEL RECTOR DE LA UAT"},"content":{"rendered":"<p>&nbsp;<\/p>\n<p>En las aulas de la Universidad Aut\u00f3noma de Tamaulipas se encuentra la mitad de los estudiantes de licenciatura en el Estado, 42 mil aspirantes a profesionistas para ser precisos, esa es la importancia de la UAT y ah\u00ed estriba el principio del reconocimiento que hizo el gobernador Am\u00e9rico Villarreal al rector Damaso Anaya que rindi\u00f3 su segundo informe de labores.<\/p>\n<p>Lo cierto es que nunca como hoy la UAT tiene cosas que presumir; Uno y la principal, tiene todas sus carreras acreditas en calidad; dos, despu\u00e9s hay que que ocupa el lugar 38 entre m\u00e1s de 200 instituciones de educaci\u00f3n superior evaluadas en M\u00e9xico por instituciones serias a nivel mundial; tres, pero igual de valioso, fue el reconocimiento de la Presidenta de M\u00e9xico, Claudia Sheinbaum Pardo, que en una ma\u00f1anera habl\u00f3 de la participaci\u00f3n de la UAT en el desarrollo de las pol\u00edticas energ\u00e9ticas del pa\u00eds, el compromiso social con la investigaci\u00f3n, una de ellas que concluy\u00f3 en la fabricaci\u00f3n de tortillas a base de sorgo que le dan un plus al precio de este grano, mitigan los problemas de sobre producci\u00f3n y nutren m\u00e1s a los tamaulipecos, aqu\u00ed se vale resaltar, hay que decirlo, lo de la mandataria es un hecho que nunca antes se hab\u00eda visto o escuchado de parte de un presidente de la Rep\u00fablica para nuestra m\u00e1xima casa de estudios, es m\u00e1s, ni siquiera de un funcionario de alto nivel federal y le podr\u00eda jurar que hasta los funcionarios estatales, del sexenio anterior para atr\u00e1s, sent\u00edan pena por ella, no ten\u00edan a sus hijos en sus aulas, por decirle algo.<\/p>\n<p>Por estas razones es que no son\u00f3 hueco el discurso que le ofreci\u00f3 el gobernador a nuestra universidad, hablo de que se ha transformado, tiene pol\u00edticas humanistas, educaci\u00f3n integral y que ha hecho de la investigaci\u00f3n el sustento del desarrollo del Estado y de parte de M\u00e9xico.<\/p>\n<p>\u201cLa universidad genera soluciones en su papel social, a su vinculaci\u00f3n tanto con la federaci\u00f3n, los municipios, los sectores productivos y las propias comunidades, debemos mucho de nuestro desarrollo ya que su participaci\u00f3n en los proyectos estrat\u00e9gicos con innovaci\u00f3n, alianzas fundamentales en el desarrollo industrial, tecnol\u00f3gico y el desarrollo social, dan esos resultados\u201d.<\/p>\n<p>Por supuesto, Am\u00e9rico dio muestras de estar atento a lo que pasa con nuestra m\u00e1xima casa de estudios.<\/p>\n<p>\u201cLa participaci\u00f3n de nuestra universidad ha trascendido los l\u00edmites del estado, con reconocimiento por parte de la presidenta de M\u00e9xico, para convertir a nuestro pa\u00eds en una potencia cient\u00edfica global\u201d.<\/p>\n<p>Exhort\u00f3 a los universitarios a persistir en esa visi\u00f3n para regenerar y enriquecer la vida de la UAT, su contribuci\u00f3n a la transformaci\u00f3n de Tamaulipas, y que hoy la han colocado entre las mejores del pa\u00eds\u201d, mencion\u00f3 quien manda en Tamaulipas.<\/p>\n<p>Incluso la mera presencia del mandatario estatal en el informe, y el recibir el mismo de manera formal, hablan de un reconocimiento a la comunidad universitaria, que respalda los resultados del rector D\u00e1maso Anaya, y fortalece la confianza en la instituci\u00f3n, en la misma que ahora alberga a 42 mil estudiantes que aspiran a engrandecer a Tamaulipas, a M\u00e9xico.<\/p>\n<p>El rector, por su parte, agradeci\u00f3 las palabras del mandatario, en su informe dio cuenta de una universidad que crece cinco veces m\u00e1s que hace dos a\u00f1os, tambi\u00e9n de la certificaci\u00f3n de sus programas que alcanzaron el 100 por ciento, con m\u00e1s de 200 proyectos de investigaci\u00f3n activos.<\/p>\n<p>Habl\u00f3 de su profesorado, de su cobertura, de m\u00e1s de 180 programas acad\u00e9micos, de una transformaci\u00f3n que la ha llevado a modernizar aulas, laboratorios, espacios culturales y deportivos, de m\u00e1s de 230 millones de pesos de inversi\u00f3n para infraestructura educativa.<\/p>\n<p>Pero no solo ello, puso a los estudiantes en el centro de sus prioridades, m\u00e1s de 20 mil recibieron becas, m\u00e1s de 5 mil recibieron apoyos por sus condiciones de vulnerabilidad, vaya pues, aqu\u00ed si vale eso de primero los pobres, o que nadie se quedar\u00e1 atr\u00e1s por falta de recursos.<\/p>\n<p>\u201cSe fortaleci\u00f3 la vinculaci\u00f3n con los tres \u00f3rdenes de gobierno, mediante proyectos estrat\u00e9gicos de alto impacto, como Puerto Seco en Ciudad Victoria y Puerto del Norte en Matamoros, en ello, el respaldo del gobernador Am\u00e9rico Villarreal ha sido fundamental para fortalecer el modelo educativo humanista de la instituci\u00f3n\u201d, dijo el rector.<\/p>\n<p>De todo, hay una sola idea que nos debe quedar clara, la UAT ya no es la misma de hace dos a\u00f1os, ha evolucionado para bien y eso solo significan m\u00e1s oportunidades para nuestros muchachos, la posibilidad real de crecimiento y desarrollo para Tamaulipas, de que por fin se pueda comparar nuestra m\u00e1xima casa de estudios con las mejores universidades de M\u00e9xico\u2026<\/p>\n<p>Aqu\u00ed le dejo la informaci\u00f3n oficial:<\/p>\n<p>LA UAT SE CONSOLIDA COMO PILAR ESTRAT\u00c9GICO PARA EL DESARROLLO DE TAMAULIPAS: AM\u00c9RICO VILLARREAL\u2026 El gobernador Am\u00e9rico Villarreal Anaya destac\u00f3 la evoluci\u00f3n de la Universidad Aut\u00f3noma de Tamaulipas (UAT) hacia la excelencia, reconociendo que la administraci\u00f3n rectoral ha logrado una transformaci\u00f3n hist\u00f3rica al consolidar la calidad acad\u00e9mica y la vinculaci\u00f3n social, recuperando la misi\u00f3n sustantiva de la instituci\u00f3n en beneficio de Tamaulipas.<\/p>\n<p>Al asistir como invitado de honor al Segundo Informe del rector D\u00e1maso Anaya Alvarado, el mandatario estatal subray\u00f3 que la UAT es estrat\u00e9gica para el desarrollo del estado, y que la visi\u00f3n impulsada, desde su Plan de Desarrollo Institucional, ha permitido fortalecer la misi\u00f3n universitaria en rubros como cobertura, calidad educativa, investigaci\u00f3n, vinculaci\u00f3n y responsabilidad social, reflejados \u2014dijo\u2014 en este informe de logros y resultados.<\/p>\n<p>En ese sentido, resalt\u00f3 los avances en ampliaci\u00f3n de la matr\u00edcula, diversificaci\u00f3n de la oferta acad\u00e9mica, fortalecimiento de la investigaci\u00f3n y crecimiento de la vinculaci\u00f3n con sectores productivos y gubernamentales, reconociendo a la UAT como aliada en proyectos estrat\u00e9gicos para Tamaulipas y como referente nacional por sus aportaciones cient\u00edficas y de innovaci\u00f3n.<\/p>\n<p>Asimismo, destac\u00f3 la estrecha colaboraci\u00f3n entre el Gobierno del Estado y la UAT, se\u00f1alando que esta relaci\u00f3n ha permitido impulsar iniciativas de impacto regional en el desarrollo industrial y energ\u00e9tico, as\u00ed como en sustentabilidad y cohesi\u00f3n social, con reconocimiento incluso desde el \u00e1mbito nacional.<\/p>\n<p>En otra parte de su mensaje hizo referencia al reciente reconocimiento expresado por la presidenta Claudia Sheinbaum Pardo a las aportaciones de la UAT en ciencia e innovaci\u00f3n, reconociendo a la casa de estudios como aliada fundamental en la transformaci\u00f3n de Tamaulipas.<\/p>\n<p>El gobernador concluy\u00f3 su mensaje exhortando a la comunidad universitaria a mantener el rumbo de transformaci\u00f3n institucional, reconociendo a docentes, estudiantes y autoridades por consolidar una Universidad con sentido humanista, vocaci\u00f3n cient\u00edfica y compromiso con el futuro de Tamaulipas.<\/p>\n<p>M\u00c1S DE 20 000 BECAS Y CAPACITACI\u00d3N CERTIFICADA IMPULSAN A ESTUDIANTES: RECTOR\u2026 Por su parte, el rector D\u00e1maso Anaya resalt\u00f3 que la presentaci\u00f3n de su informe ante la Asamblea Universitaria es un ejercicio de rendici\u00f3n de cuentas que refrenda el rumbo de transformaci\u00f3n, fortalecimiento institucional y compromiso social de esta casa de estudios.<\/p>\n<p>Agradeci\u00f3 la presencia del gobernador Am\u00e9rico Villarreal, de la Dra. Olga Hern\u00e1ndez Lim\u00f3n, representante del Luis Armando Gonz\u00e1lez Placencia, secretario general ejecutivo de la Asociaci\u00f3n Nacional de Universidades e Instituciones de Educaci\u00f3n Superior (ANUIES), as\u00ed como de la Dra. Mar\u00eda de Villarreal, presidenta del Sistema DIF Tamaulipas y la Lic. Isolda Rend\u00f3n de Anaya, presidenta de Familia UAT, en un marco que reafirm\u00f3 la convergencia entre universidad, gobierno e instituciones para fortalecer la educaci\u00f3n superior.<\/p>\n<p>Resalt\u00f3 la sinergia que la UAT mantiene con el Gobierno del Estado para impulsar proyectos estrat\u00e9gicos en beneficio de la sociedad tamaulipeca, y present\u00f3 un balance de avances que consolida una etapa de transformaci\u00f3n con visi\u00f3n humanista, innovaci\u00f3n y sentido social.<\/p>\n<p>Entre los principales resultados, resalt\u00f3 una matr\u00edcula superior a 42 000 estudiantes; el cien por ciento de los programas de licenciatura acreditados; el crecimiento de la investigaci\u00f3n de 106 a 201 proyectos activos; una inversi\u00f3n superior a 232 millones de pesos en infraestructura; as\u00ed como una oferta de 182 programas acad\u00e9micos que fortalecen la pertinencia educativa y el desarrollo regional.<\/p>\n<p>Dijo tambi\u00e9n que se han otorgado a estudiantes m\u00e1s de 20 000 becas y m\u00e1s de cinco mil est\u00edmulos econ\u00f3micos, as\u00ed como un programa de cursos de capacitaci\u00f3n y certificaci\u00f3n que dispone de m\u00e1s de 20 000 microcredenciales.<\/p>\n<p>Enfatiz\u00f3 tambi\u00e9n la vinculaci\u00f3n con sectores sociales y productivos, as\u00ed como el impulso a proyectos para el desarrollo regional, reiterando que la transformaci\u00f3n de la UAT es resultado del trabajo colectivo y del compromiso de avanzar con rumbo, responsabilidad social y visi\u00f3n de futuro.<\/p>\n<p>RECONOCE LA ANUIES AVANCES HIST\u00d3RICOS DE LA UAT\u2026 Por su parte, Olga Hern\u00e1ndez Lim\u00f3n, en representaci\u00f3n de la ANUIES, reconoci\u00f3 los avances de la UAT, resaltando que por primera vez en su historia logr\u00f3 la acreditaci\u00f3n del cien por ciento de los programas evaluables de licenciatura y t\u00e9cnico superior universitario.<\/p>\n<p>Puntualiz\u00f3 el liderazgo rectoral y la articulaci\u00f3n con los gobiernos estatal y federal como una sinergia que fortalece el papel de la universidad p\u00fablica en la transformaci\u00f3n de Tamaulipas.<\/p>\n<p>Desde el Centro de Excelencia del Campus Victoria, el evento se desarroll\u00f3 mediante video transmisi\u00f3n a trav\u00e9s de redes sociales y enlaces en las distintas sedes de la UAT en el norte, centro y sur del estado, ampliando su alcance a la comunidad universitaria y a la sociedad.<\/p>\n<p>Como parte del acto protocolario, el rector hizo entrega del documento de su Segundo Informe al gobernador del estado, en un acto que simboliz\u00f3 el compromiso institucional de la UAT con la transparencia, la rendici\u00f3n de cuentas y su contribuci\u00f3n al desarrollo de Tamaulipas.<\/p>\n<p>Coloque en el buscador de facebok @CENADeNegros1 y le agradecer\u00e9 que me regale un Me Gusta, adem\u00e1s nos puede seguir en la cuenta de X @gatovaliente y, como siempre, le dejo el correo electr\u00f3nico a sus \u00f3rdenes para lo que guste y mande\u2026\u00a0<a href=\"mailto:marcovazquez20001@hotmail.com\" target=\"_blank\" rel=\"noreferrer noopener\">marcovazquez20001@hotmail.com<\/a><\/p>\n","protected":false},"excerpt":{"rendered":"<p>&nbsp; En las aulas de la Universidad Aut\u00f3noma de Tamaulipas se encuentra la mitad de los estudiantes de licenciatura en el Estado, 42 mil aspirantes a profesionistas para ser precisos, esa es la importancia de la UAT y ah\u00ed estriba el principio del reconocimiento que hizo el gobernador Am\u00e9rico Villarreal al rector Damaso Anaya que [&hellip;]<\/p>\n","protected":false},"author":1,"featured_media":213856,"comment_status":"closed","ping_status":"closed","sticky":false,"template":"","format":"standard","meta":{"footnotes":""},"categories":[16],"tags":[],"class_list":["post-222256","post","type-post","status-publish","format-standard","has-post-thumbnail","hentry","category-opinion"],"_links":{"self":[{"href":"https:\/\/www.elsinodaldetamaulipas.com.mx\/index.php?rest_route=\/wp\/v2\/posts\/222256","targetHints":{"allow":["GET"]}}],"collection":[{"href":"https:\/\/www.elsinodaldetamaulipas.com.mx\/index.php?rest_route=\/wp\/v2\/posts"}],"about":[{"href":"https:\/\/www.elsinodaldetamaulipas.com.mx\/index.php?rest_route=\/wp\/v2\/types\/post"}],"author":[{"embeddable":true,"href":"https:\/\/www.elsinodaldetamaulipas.com.mx\/index.php?rest_route=\/wp\/v2\/users\/1"}],"replies":[{"embeddable":true,"href":"https:\/\/www.elsinodaldetamaulipas.com.mx\/index.php?rest_route=%2Fwp%2Fv2%2Fcomments&post=222256"}],"version-history":[{"count":1,"href":"https:\/\/www.elsinodaldetamaulipas.com.mx\/index.php?rest_route=\/wp\/v2\/posts\/222256\/revisions"}],"predecessor-version":[{"id":222257,"href":"https:\/\/www.elsinodaldetamaulipas.com.mx\/index.php?rest_route=\/wp\/v2\/posts\/222256\/revisions\/222257"}],"wp:featuredmedia":[{"embeddable":true,"href":"https:\/\/www.elsinodaldetamaulipas.com.mx\/index.php?rest_route=\/wp\/v2\/media\/213856"}],"wp:attachment":[{"href":"https:\/\/www.elsinodaldetamaulipas.com.mx\/index.php?rest_route=%2Fwp%2Fv2%2Fmedia&parent=222256"}],"wp:term":[{"taxonomy":"category","embeddable":true,"href":"https:\/\/www.elsinodaldetamaulipas.com.mx\/index.php?rest_route=%2Fwp%2Fv2%2Fcategories&post=222256"},{"taxonomy":"post_tag","embeddable":true,"href":"https:\/\/www.elsinodaldetamaulipas.com.mx\/index.php?rest_route=%2Fwp%2Fv2%2Ftags&post=222256"}],"curies":[{"name":"wp","href":"https:\/\/api.w.org\/{rel}","templated":true}]}}