{"id":222258,"date":"2026-04-30T21:29:26","date_gmt":"2026-05-01T01:29:26","guid":{"rendered":"https:\/\/www.elsinodaldetamaulipas.com.mx\/?p=222258"},"modified":"2026-04-30T21:29:26","modified_gmt":"2026-05-01T01:29:26","slug":"el-pri-no-esta-totalmente-perdido-ramiro","status":"publish","type":"post","link":"https:\/\/www.elsinodaldetamaulipas.com.mx\/?p=222258","title":{"rendered":"EL PRI, NO EST\u00c1 TOTALMENTE PERDIDO: RAMIRO"},"content":{"rendered":"<p>A MI MANERA<\/p>\n<p>Por Tello Montes<\/p>\n<p>&nbsp;<\/p>\n<ul class=\"wp-block-list\">\n<li>La Universidad Aut\u00f3noma de Tamaulipas no solo rinde cuentas\u2026 est\u00e1 dando resultados.<\/li>\n<\/ul>\n<p>Aunque Morena sigue mandando en Tamaulipas, en el PRI ya no est\u00e1n en modo resignaci\u00f3n\u2026 est\u00e1n en modo c\u00e1lculo.<\/p>\n<p>Ramiro Ramos Salinas lo dice sin rodeos: el 2027 no est\u00e1 perdido. Al contrario, ve grietas claras en municipios donde el desgaste ya empez\u00f3 a hacer ruido.<\/p>\n<p>Nuevo Laredo, R\u00edo Bravo, San Fernando, Miguel Alem\u00e1n\u2026 territorios donde hoy gobiernan otros, pero donde la inconformidad empieza a pesar m\u00e1s que las siglas.<\/p>\n<p>El diagn\u00f3stico es claro: Morena tiene estructura\u2026 pero tambi\u00e9n carga desgaste. Y donde hay desgaste, hay oportunidad.<\/p>\n<p>En Reynosa el panorama es m\u00e1s complejo, pero incluso ah\u00ed detectan fisuras: divisi\u00f3n interna, fuga de cuadros y falta de coordinaci\u00f3n.<\/p>\n<p>Y en Ciudad Victoria, el PRI apuesta a la memoria: recordar que buena parte de la infraestructura y operaci\u00f3n pol\u00edtica naci\u00f3 bajo su mando\u2026 y que muchos de los que hoy gobiernan, salieron de sus filas.<\/p>\n<p>Eso s\u00ed, tambi\u00e9n hay reclamo interno: la alianza con el PAN no les dej\u00f3 dividendos. Acusan que los azules acapararon candidaturas y les restaron fuerza.<\/p>\n<p>Traducci\u00f3n: el PRI no quiere volver a ser relleno.<\/p>\n<p>El mensaje es claro: el tricolor est\u00e1 herido\u2026 pero no muerto.<\/p>\n<p>Y en el norte\u2026 empieza a moverse otra vez.<\/p>\n<p>EN OTRO TEMA\u2026, En su segundo informe, el rector D\u00e1maso Anaya dej\u00f3 claro que la UAT ya no camina\u2026 acelera. En apenas dos a\u00f1os, la instituci\u00f3n pas\u00f3 de un crecimiento marginal del 1% a un s\u00f3lido 5.5%, atendiendo hoy a m\u00e1s de 42 mil estudiantes y consolid\u00e1ndose como la universidad p\u00fablica con mayor cobertura en el estado.<\/p>\n<p>Pero el dato que pesa es otro: el 100% de sus programas de licenciatura est\u00e1n acreditados. Calidad total. Sin pretextos.<\/p>\n<p>La investigaci\u00f3n tambi\u00e9n dej\u00f3 de ser discurso: de 106 proyectos en 2023, hoy superan los 200 activos. Y no es menor que el 76% de sus profesores tenga reconocimiento PRODEP, lo que habla de una planta acad\u00e9mica fuerte y en forma.<\/p>\n<p>La apuesta es clara: modernizarse o quedarse atr\u00e1s. Por eso ya se abrieron carreras estrat\u00e9gicas como Inteligencia Artificial y Biom\u00e9dica, mientras m\u00e1s de 20 mil estudiantes reciben becas. Uno de cada dos alumnos tiene respaldo. Eso tambi\u00e9n es pol\u00edtica educativa con sentido social.<\/p>\n<p>En infraestructura, m\u00e1s de 232 millones de pesos invertidos en las tres regiones del estado confirman que la transformaci\u00f3n no es discurso\u2026 se ve y se pisa.<\/p>\n<p>Y en vinculaci\u00f3n, la UAT ya juega en las grandes ligas: proyectos como el Puerto Seco en Ciudad Victoria y el Puerto del Norte en Matamoros la colocan como pieza clave del desarrollo econ\u00f3mico.<\/p>\n<p>El gobernador Am\u00e9rico Villarreal lo dijo sin rodeos: la UAT vive una nueva etapa, con resultados que combinan cobertura, calidad, investigaci\u00f3n y compromiso social. Y no es casualidad\u2026 es direcci\u00f3n.<\/p>\n<p>Hoy la universidad no solo forma profesionistas\u2026 construye futuro.<\/p>\n<p>Y PARA CERRAR\u2026, M\u00e1s de 140 mujeres concluyeron su capacitaci\u00f3n en oficios que van desde mec\u00e1nica b\u00e1sica hasta contabilidad y belleza, abriendo la puerta a una nueva etapa: la del ingreso propio y la independencia.<\/p>\n<p>Detr\u00e1s de este impulso est\u00e1 una decisi\u00f3n clara del alcalde Beto Granados: invertir en la mujer que quiere salir adelante. Con becas, capacitaci\u00f3n real y alianzas con los Cecati, hoy estas mujeres no solo aprendieron\u2026 se prepararon para competir, emprender y sostener a sus familias.<\/p>\n<p>Aqu\u00ed no hubo cursos de relleno. Hubo pr\u00e1ctica en talleres, formaci\u00f3n \u00fatil y herramientas que s\u00ed sirven en la vida diaria.<\/p>\n<p>El mensaje es directo: cuando se apuesta por la capacitaci\u00f3n, se siembra futuro. Y en Matamoros, ese futuro ya empez\u00f3 a tomar forma en manos de mujeres que decidieron no esperar oportunidades\u2026 sino crearlas.<\/p>\n","protected":false},"excerpt":{"rendered":"<p>A MI MANERA Por Tello Montes &nbsp; La Universidad Aut\u00f3noma de Tamaulipas no solo rinde cuentas\u2026 est\u00e1 dando resultados. Aunque Morena sigue mandando en Tamaulipas, en el PRI ya no est\u00e1n en modo resignaci\u00f3n\u2026 est\u00e1n en modo c\u00e1lculo. Ramiro Ramos Salinas lo dice sin rodeos: el 2027 no est\u00e1 perdido. Al contrario, ve grietas claras [&hellip;]<\/p>\n","protected":false},"author":1,"featured_media":212048,"comment_status":"closed","ping_status":"closed","sticky":false,"template":"","format":"standard","meta":{"footnotes":""},"categories":[16],"tags":[],"class_list":["post-222258","post","type-post","status-publish","format-standard","has-post-thumbnail","hentry","category-opinion"],"_links":{"self":[{"href":"https:\/\/www.elsinodaldetamaulipas.com.mx\/index.php?rest_route=\/wp\/v2\/posts\/222258","targetHints":{"allow":["GET"]}}],"collection":[{"href":"https:\/\/www.elsinodaldetamaulipas.com.mx\/index.php?rest_route=\/wp\/v2\/posts"}],"about":[{"href":"https:\/\/www.elsinodaldetamaulipas.com.mx\/index.php?rest_route=\/wp\/v2\/types\/post"}],"author":[{"embeddable":true,"href":"https:\/\/www.elsinodaldetamaulipas.com.mx\/index.php?rest_route=\/wp\/v2\/users\/1"}],"replies":[{"embeddable":true,"href":"https:\/\/www.elsinodaldetamaulipas.com.mx\/index.php?rest_route=%2Fwp%2Fv2%2Fcomments&post=222258"}],"version-history":[{"count":1,"href":"https:\/\/www.elsinodaldetamaulipas.com.mx\/index.php?rest_route=\/wp\/v2\/posts\/222258\/revisions"}],"predecessor-version":[{"id":222259,"href":"https:\/\/www.elsinodaldetamaulipas.com.mx\/index.php?rest_route=\/wp\/v2\/posts\/222258\/revisions\/222259"}],"wp:featuredmedia":[{"embeddable":true,"href":"https:\/\/www.elsinodaldetamaulipas.com.mx\/index.php?rest_route=\/wp\/v2\/media\/212048"}],"wp:attachment":[{"href":"https:\/\/www.elsinodaldetamaulipas.com.mx\/index.php?rest_route=%2Fwp%2Fv2%2Fmedia&parent=222258"}],"wp:term":[{"taxonomy":"category","embeddable":true,"href":"https:\/\/www.elsinodaldetamaulipas.com.mx\/index.php?rest_route=%2Fwp%2Fv2%2Fcategories&post=222258"},{"taxonomy":"post_tag","embeddable":true,"href":"https:\/\/www.elsinodaldetamaulipas.com.mx\/index.php?rest_route=%2Fwp%2Fv2%2Ftags&post=222258"}],"curies":[{"name":"wp","href":"https:\/\/api.w.org\/{rel}","templated":true}]}}