{"id":222261,"date":"2026-04-30T21:33:01","date_gmt":"2026-05-01T01:33:01","guid":{"rendered":"https:\/\/www.elsinodaldetamaulipas.com.mx\/?p=222261"},"modified":"2026-04-30T21:33:01","modified_gmt":"2026-05-01T01:33:01","slug":"segunda-batalla-ganan-los-cabezones","status":"publish","type":"post","link":"https:\/\/www.elsinodaldetamaulipas.com.mx\/?p=222261","title":{"rendered":"SEGUNDA BATALLA; GANAN LOS CABEZONES"},"content":{"rendered":"<p>Por Felipe Martinez Ch\u00e1vez<\/p>\n<p>Cd. Victoria, Tamaulipas.- Por fin despu\u00e9s de cuatro meses se reunieron los<br \/>\nmagistrados del TRIELTAM, para resolver sobre cuatro asuntos. Tiran tanta<br \/>\nhuev\u2026 q ciertos expedientes en\u00edan tres a\u00f1os en tr\u00e1mite.<br \/>\nDe lo m\u00e1s interesante es que los jefes negaron una vez m\u00e1s negar al partido azul<br \/>\nemitir la convocatoria para nombrar nuevos dirigentes. No deben intervenir en la<br \/>\nvida interna de los partidos.<br \/>\nLa conclusi\u00f3n es que esta nueva batalla la gana Francisco Cabezas de Vaca y su<br \/>\nfamilia, m\u00e1s El Cacharro Cantu, como mascota. Pronto ganar\u00e1n la guerra.<br \/>\nResolvi\u00f3 el tribunal dos expedientes que con bastante rencor promov\u00eda Juan<br \/>\nGuadalupe Gonz\u00e1lez Sandoval.<br \/>\nDici\u00e9ndose militante celeste, Lupe promovi\u00f3 juicios ciudadanos de urgencia en el<br \/>\nTRIFE, sala Monterrey y sala Central, donde no le dieron la raz\u00f3n y lo mandaron a<br \/>\nla Comisi\u00f3n de Justicia del partido y al Tribunal Electoral local.<br \/>\nEl aquelarre de este mi\u00e9rcoles el tribunal local ratific\u00f3 una resoluci\u00f3n del IETAM,<br \/>\ncuyo expediente le fue enviado por \u00f3rganos federales.<br \/>\nAmbos coincidieron en que la cadena impugnativa debi\u00f3 comenzar en la Comisi\u00f3n<br \/>\nde Justicia interna panista, donde mandaron con \u00e7ajas destempladas a la gente<br \/>\nque le quiso brincar al cacicazgo de Don Francisco.<br \/>\nEn plata limpia significa que este nuevo round lo vuelve a ganar el \u201cgringo\u201d ex<br \/>\nGobernador, y pierden los seguidores de Truco Ver\u00e1stegui.<br \/>\nEl tiempo avanza inexorable a favor de los cabezones. De expedirse la<br \/>\nconvocatoria en mayo, como afirma el fot\u00f3grafo Manglio Murillo, deber\u00e1n dar un<br \/>\nplazo de dos meses para organizar la elecci\u00f3n con voto directo, misma que, por<br \/>\ncierto, no quiere el ex gobernador porque la perder\u00eda.<br \/>\nSi el proceso electoral federal comenzar\u00e1 a mediados de septiembre, la Ley dice<br \/>\nque no pueden cambiarse dirigentes en los \u00faltimos tres meses. La batalla final se<br \/>\nlas ganar\u00e1 el due\u00f1o de las siglas.<br \/>\nA Truco y Manglio les corresponde, ahora si, ir a Sala Monterrey y la Central.<br \/>\nDe todas maneras hay que resaltar el \u00e1nimos de los amigos putativos de<br \/>\nFrancisco, que amenazan con emanciparse.<\/p>\n<p>Golpe dado ni Dios lo quita, como dicen los fil\u00f3sofos de all\u00e1 de Guemez.<br \/>\nLos del Tribunal andaban de humor porque le negaron billetes a varios ex<br \/>\nempleados del Instituto Electoral, entre ellos Nereo Zamorano, ex locutor de Radio<br \/>\nTamaulipas que ped\u00eda una millonada. Ingreso al colegiado desde el 2003 pero no<br \/>\nten\u00eda plaza.<br \/>\nPor la UAT, II informe del Rector Damaso Anaya, se quedan con el mensaje del<br \/>\nGobernador Am\u00e9rico Villarreal en que reconoce que la casa de cultura \u201cse<br \/>\nconsolida como pilar para el desarrollo de Tamaulipas\u201d, con una transformaci\u00f3n<br \/>\nhist\u00f3rica en lo acad\u00e9mico y social, recuperando la misi\u00f3n sustantiva que tiene<br \/>\ncomo instituci\u00f3n en beneficio y desarrollo de Tamaulipas.<br \/>\nRecord\u00f3 Am\u00e9rico las palabras de la Presidenta Claudia Sheinbaum, en que<br \/>\nreconoce la conjunci\u00f3n de esfuerzos Gobierno del Estado y su universidad en<br \/>\nproyectos estrat\u00e9gicos, de tal forma que son referente nacional por sus<br \/>\naportaciones cient\u00edficas y de investigaci\u00f3n.<br \/>\nAl dar n\u00fameros el Rector manifest\u00f3 que hay una matr\u00edcula de 42 mil alumnos; cien<br \/>\npor ciento de carreras acreditadas y un aumento de 106 a 201 proyectos de<br \/>\ninvestigaci\u00f3n activos.<br \/>\nTema aparte, present\u00f3 renuncia la Contralora del Instituto Electoral, Frida G\u00f3mez<br \/>\nPuga, para dedicarse por nueve a\u00f1itos a la chamba de consejera nacional del INE.<br \/>\nAl mismo tiempo el Congreso del Estado public\u00f3 la convocatoria para decidir qui\u00e9n<br \/>\nquedar\u00e1 en su lugar. Hay ocho seleccionados que van a entrevista: Rub\u00e9n Azamar<br \/>\nP\u00e9rez, Teresa Torres Castillo, Guadalupe Hern\u00e1ndez Tijerina, Evaristo Vera<br \/>\nHiguera, Francisco Javier Ruiz Reta, Juan Armando Barr\u00f3n Perez y Alberto<br \/>\nC\u00f3rdova Lerma.<br \/>\nEl Peri\u00f3dico Oficial del Estado public\u00f3 reformas a la Ley de Aguas que eran ya<br \/>\nurgentes: El recurso agua no se puede enajenar (vender), es un bien p\u00fablico<br \/>\nsocial e inembargable. Esto para conocimiento de los miles que en Tamaulipas,<br \/>\ngente del campo, venden el vital l\u00edquido. Concesionarios de los distritos de riego<br \/>\nganan millones.<br \/>\nOtra buena noticia para los usuarios del transporte p\u00fablico, es que los<br \/>\npermisionarios deber\u00e1n contratar seguro contra da\u00f1os y seguros m\u00e9dicos para<br \/>\nchoferes y p\u00fablico.<br \/>\nTodas las unidades arriba de 12 pasajeros deben traer aire acondicionado, contar<br \/>\ncon cuatro puertas y cinturones de seguridad en cada asiento. Aparte contar con<br \/>\nbolsas de aire en los asientos delanteros, y circular con las luces interiores<br \/>\nencendidas.<\/p>\n<p>Es el \u00faltimo clavo para sepultar a los \u201csebosos\u201d, o \u201cpeseros\u201d que organizaron<br \/>\nindividuos como \u201cEl Pillo\u201d G\u00f3mez, Arnulfo G\u00f3mez y Alejandro Flores Camargo,<br \/>\nsiempre al servicio de la nomenklatura pol\u00edtica en turno.<br \/>\nEntrar\u00e1n las grandes empresas de transporte de pasajeros como Senda y<br \/>\nTranspais. Fuera los llamados ata\u00fades rodantes, micros amarillos, rojos, azules y<br \/>\nverdes.<br \/>\nPor estos lugares anda el titular del Instituto mexicano de Propiedad Industrial,<br \/>\nSantiago Nieto, invitado a dar una conferencia a la UAT. Es muy conocido en<br \/>\nTamaulipas por ser quien present\u00f3 las denuncias penales en contra de Cabeza de<br \/>\nvaca, q lo llevar\u00eda al proceso de desafuero.<br \/>\nEscribi\u00f3 Am\u00e9rico en redes: \u201cMe dio mucho gusto saludar y recibir a Santiago<br \/>\nNieto, director del @impi_mexico, quien acudi\u00f3 a nuestra capital por invitaci\u00f3n de<br \/>\nla @uatmx para impartir una conferencia\u201d.<br \/>\nSi alguien sabe de las cuentas negras de los Cabeza es Santiago. Fue titular de<br \/>\nInteligencia Financiera federal.<br \/>\nPor el Congreso del Estado, el martes se re\u00fane la poderosa Comisi\u00f3n de<br \/>\nAuditor\u00eda, una se\u00f1al de que habr\u00e1 noticias sobre el combate a la corrupci\u00f3n.<\/p>\n","protected":false},"excerpt":{"rendered":"<p>Por Felipe Martinez Ch\u00e1vez Cd. Victoria, Tamaulipas.- Por fin despu\u00e9s de cuatro meses se reunieron los magistrados del TRIELTAM, para resolver sobre cuatro asuntos. Tiran tanta huev\u2026 q ciertos expedientes en\u00edan tres a\u00f1os en tr\u00e1mite. De lo m\u00e1s interesante es que los jefes negaron una vez m\u00e1s negar al partido azul emitir la convocatoria para [&hellip;]<\/p>\n","protected":false},"author":1,"featured_media":214915,"comment_status":"closed","ping_status":"closed","sticky":false,"template":"","format":"standard","meta":{"footnotes":""},"categories":[16],"tags":[],"class_list":["post-222261","post","type-post","status-publish","format-standard","has-post-thumbnail","hentry","category-opinion"],"_links":{"self":[{"href":"https:\/\/www.elsinodaldetamaulipas.com.mx\/index.php?rest_route=\/wp\/v2\/posts\/222261","targetHints":{"allow":["GET"]}}],"collection":[{"href":"https:\/\/www.elsinodaldetamaulipas.com.mx\/index.php?rest_route=\/wp\/v2\/posts"}],"about":[{"href":"https:\/\/www.elsinodaldetamaulipas.com.mx\/index.php?rest_route=\/wp\/v2\/types\/post"}],"author":[{"embeddable":true,"href":"https:\/\/www.elsinodaldetamaulipas.com.mx\/index.php?rest_route=\/wp\/v2\/users\/1"}],"replies":[{"embeddable":true,"href":"https:\/\/www.elsinodaldetamaulipas.com.mx\/index.php?rest_route=%2Fwp%2Fv2%2Fcomments&post=222261"}],"version-history":[{"count":1,"href":"https:\/\/www.elsinodaldetamaulipas.com.mx\/index.php?rest_route=\/wp\/v2\/posts\/222261\/revisions"}],"predecessor-version":[{"id":222262,"href":"https:\/\/www.elsinodaldetamaulipas.com.mx\/index.php?rest_route=\/wp\/v2\/posts\/222261\/revisions\/222262"}],"wp:featuredmedia":[{"embeddable":true,"href":"https:\/\/www.elsinodaldetamaulipas.com.mx\/index.php?rest_route=\/wp\/v2\/media\/214915"}],"wp:attachment":[{"href":"https:\/\/www.elsinodaldetamaulipas.com.mx\/index.php?rest_route=%2Fwp%2Fv2%2Fmedia&parent=222261"}],"wp:term":[{"taxonomy":"category","embeddable":true,"href":"https:\/\/www.elsinodaldetamaulipas.com.mx\/index.php?rest_route=%2Fwp%2Fv2%2Fcategories&post=222261"},{"taxonomy":"post_tag","embeddable":true,"href":"https:\/\/www.elsinodaldetamaulipas.com.mx\/index.php?rest_route=%2Fwp%2Fv2%2Ftags&post=222261"}],"curies":[{"name":"wp","href":"https:\/\/api.w.org\/{rel}","templated":true}]}}