{"id":222265,"date":"2026-04-30T21:56:27","date_gmt":"2026-05-01T01:56:27","guid":{"rendered":"https:\/\/www.elsinodaldetamaulipas.com.mx\/?p=222265"},"modified":"2026-04-30T21:56:27","modified_gmt":"2026-05-01T01:56:27","slug":"morena-aguas-con-altamira","status":"publish","type":"post","link":"https:\/\/www.elsinodaldetamaulipas.com.mx\/?p=222265","title":{"rendered":"MORENA: AGUAS CON ALTAMIRA"},"content":{"rendered":"<p>TIEMPO Y ESPACIO<\/p>\n<p><em><strong>Por Jaime Luis Soto.<\/strong><\/em><\/p>\n<p>La afiliaci\u00f3n a Morena de la expriista GRISELDA CARRILLO REYES provoc\u00f3 bastante ruido en el sur de Tamaulipas, sobretodo en Altamira en donde su actual alcalde, ARMANDO MART\u00cdNEZ MANR\u00cdQUEZ ya no podr\u00e1 reelegirse.<br \/>\nPor supuesto que GRISELDA, quien merece todo nuestro respeto, tiene el derecho de afiliarse a Morena y si el partido guinda acept\u00f3 que se sume a sus filas, pues entonces no hay problema alguno.<br \/>\nEl meollo del asunto aqu\u00ed es que, obviamente, GRISELDA buscar\u00e1 crear su propio proyecto y es muy, pero muy probable que se registre en el proceso interna de Morena para elegir a la candidata<br \/>\no candidato mediante encuestas.<br \/>\nLa joven GRISELDA ya ha incursionado en la pol\u00edtica estatal e incluso fue candidata del PRI -en coalici\u00f3n con el Verde y Nueva Alianza, pero perdi\u00f3 frente a ANA LAURA AMPAR\u00c1N, del PAN.<br \/>\nDe hecho, GRISELDA, en aquel 2016, logr\u00f3 cosechar casi 32 mil votos, mientras que AMPAR\u00c1N poco m\u00e1s de 36 mil.<br \/>\nEs decir que, aunque perdi\u00f3, la joven GRISELDA hizo una buena campa\u00f1a y el n\u00famero de votos que alcanz\u00f3 fue m\u00e1s que aceptable y aunque reconoci\u00f3 su derrota, dej\u00f3 constancia de que miles de altamirenses creyeron en su proyecto.<br \/>\nPor ello decimos que, en el sur, ya en las filas de Morena, GRISELDA puede dar la gran sorpresa. Como dicen en el rancho: En pol\u00edtica\u00a0 todo puede suceder.<\/p>\n<p>Y eso, \u00f3igame usted, tal vez est\u00e9 incomodando al diputado local MARCELO ABUNDIS RAM\u00cdREZ quien se siente con todo el m\u00e9rito de ser el candidato morenista en Altamira.<br \/>\nRecordemos que MARCELO, en el 2024, estuvo a punto de convertirse en candidato de Morena para la alcald\u00eda ante el desbarajuste en que se hab\u00eda convertido el proceso interno del partido guinda.<br \/>\nY en donde muchos caballitos de troya, personajes de otro partido \u2013 l\u00e9ase PAN-, quisieron agandallar la candidatura municipal.<br \/>\nMorena no quiso m\u00e1s broncas y decidi\u00f3 volver a postular al alcalde ARMANDO MART\u00cdNEZ MANR\u00cdQUEZ quien se reeligi\u00f3. Cuenta la leyenda que, para tranquilizar a MARCELO, le dieron una<br \/>\ndiputaci\u00f3n local y, presuntamente, le prometieron que para el 2027 ahora s\u00ed ser\u00eda candidato a la alcald\u00eda.<br \/>\nCierto o no, hay quienes dicen que cada vez son menos las posibilidades de que MARCELO llegue a ser el candidato morenista en Altamira para el 2027.<br \/>\nIncluso, en esa parte del sur ya est\u00e1n soltando muchos \u201cborregos medi\u00e1ticos\u201d que rayan en lo absurdo, quiz\u00e1s para confundir a la ciudadan\u00eda.<br \/>\nPor ejemplo, que hasta CIRO HERN\u00c1NDEZ pudiera afiliarse aMorena y buscar la candidatura municipal.<br \/>\nCIRO era priista, pero en febrero del 2016 renunci\u00f3 a las filastricolores para supuestamente afiliarse al PAN. Pero en el 2021perdi\u00f3 ante ARMANDO. Luego le dieron un cargo estatal los cabecistas que bot\u00f3 a los cuantos meses.<\/p>\n<p>Critic\u00f3 y muy feo al gobierno de ARMANDO MART\u00cdNEZ MANR\u00cdQUEZ, pero cuando \u00e9ste busc\u00f3 su reelecci\u00f3n, CIRO anunci\u00f3 que se un\u00eda a su proyecto y aquello fue un tremendo esc\u00e1ndalo.<br \/>\nAltamira se est\u00e1 convirtiendo en tierra de sorpresas y confusiones, pol\u00edticamente hablando.<br \/>\n\u00bfQu\u00e9 pasar\u00e1 en Altamira en los pr\u00f3ximos meses\u2026?<br \/>\nCambiando de tema, el gobernador AM\u00c9RICO VILLARREAL, llev\u00f3 a cabo una reuni\u00f3n de trabajo con el secretario de Infraestructura, Comunicaciones y Transportes, JES\u00daS ESTEVA MEDINA.<br \/>\nCon el prop\u00f3sito de dar seguimiento a los proyectos de infraestructura carretera y ferroviaria que se desarrollan en Tamaulipas<br \/>\nComo parte de su agenda de trabajo, en la capital del pa\u00eds, AM\u00c9RICO VILLARREAL expres\u00f3 su compromiso por seguir impulsando, con el respaldo del Gobierno Federal, proyectos estrat\u00e9gicos.<br \/>\nComo la concesi\u00f3n del Puente III, en Nuevo Laredo, y la rehabilitaci\u00f3n del Puente Magueyes, en el municipio de Mainero, a fin de mejorar la conectividad y vialidad, y alentar el desarrollo y bienestar de las y los tamaulipecos.<br \/>\nEl gobernador expuso algunas acciones que lleva a cabo el Gobierno del Estado para la conservaci\u00f3n y mantenimiento de la red carretera estatal, as\u00ed como las gestiones para el paso elevado en Matamoros.<br \/>\nDe regreso a la capital del Estado, AM\u00c9RICO VILLARREAL asisti\u00f3 como invitado de honor al Segundo Informe del rector de la UAT, D\u00c1MASO ANAYA ALVARADO.<\/p>\n<p>Mire usted que el mandatario tamaulipeco destac\u00f3 la evoluci\u00f3n de la UAT hacia la excelencia, reconociendo que la administraci\u00f3n rectoral ha logrado una transformaci\u00f3n hist\u00f3rica.<br \/>\nAl consolidar, dijo, la calidad acad\u00e9mica y la vinculaci\u00f3n social\u00a0 recuperando la misi\u00f3n sustantiva de la UAT en beneficio de Tamaulipas.<br \/>\nEl gobernador subray\u00f3 que la UAT es estrat\u00e9gica para el desarrollo del estado, y que la visi\u00f3n impulsada, desde su Plan de Desarrollo Institucional, ha permitido fortalecer la misi\u00f3n universitaria.<br \/>\nEn rubros como cobertura, calidad educativa, investigaci\u00f3n, vinculaci\u00f3n y responsabilidad social, reflejados \u2014dijo\u2014 en este informe de logros y resultados.<br \/>\nEn su mensaje hizo referencia al reciente reconocimiento expresado por la presidenta CLAUDIA SHEINBAUM a las aportaciones de la UAT en ciencia e innovaci\u00f3n.<br \/>\nReconociendo a la casa de estudios como aliada fundamental en la transformaci\u00f3n de Tamaulipas.<br \/>\nPor su parte, el rector D\u00c1MASO ANAYA resalt\u00f3 que la presentaci\u00f3n de su informe ante la Asamblea Universitaria es un ejercicio de rendici\u00f3n de cuentas que refrenda el rumbo de transformaci\u00f3n,<br \/>\nfortalecimiento institucional y compromiso social de esta casa de estudios.<br \/>\nResalt\u00f3 la sinergia que la UAT mantiene con el Gobierno del Estado para impulsar proyectos estrat\u00e9gicos en beneficio de la sociedad tamaulipeca, y present\u00f3 un balance de avances que consolida una etapa de transformaci\u00f3n con visi\u00f3n humanista, innovaci\u00f3n y sentido social.<\/p>\n<p>Y en el marco de los festejos del D\u00eda del Ni\u00f1o y la Ni\u00f1a, la presidenta del Sistema DIF LUCY DE GATT\u00c1S y el alcalde de Victoria EDUARDO GATT\u00c1S B\u00c1EZ, organizaron alegre convivio a alumnos de jardines, escuelas primarias y asociaciones civiles.<br \/>\nEn su mensaje de felicitaci\u00f3n, coincidieron en que el 30 de abril es una fecha muy especial en la que se reconoce la alegr\u00eda, la esperanza y reafirma el compromiso de promover actividades que fortalezcan el bienestar de la ni\u00f1ez.<br \/>\n\u201cUstedes nos ense\u00f1an todos los d\u00edas ni\u00f1as y ni\u00f1os el valor de la alegr\u00eda y la esperanza, el DIF Victoria les desea que su d\u00eda est\u00e9 lleno de sonrisas, amor y momentos inolvidables\u201d, manifest\u00f3 LUCY DE GATT\u00c1S en el inicio de las festividades realizadas en la explanada del DIF Victoria.<br \/>\nEl alcalde EDUARDO GATT\u00c1S B\u00c1EZ se uni\u00f3 a los festejos, que cont\u00f3 con la presentaci\u00f3n oficial de la nueva mascota del DIF Victoria +AMOR, entrega de regalos, dulces, refrigerio, reconocimientos a<br \/>\nni\u00f1as y ni\u00f1os destacados en las artes y el deporte, y entrada gratuita al circo Fantastic Soley Circus.<br \/>\nEs todo por hoy. Muchas gracias por leer.<br \/>\nCorreo electr\u00f3nico: jaimeluissoto@hotmail.com<\/p>\n","protected":false},"excerpt":{"rendered":"<p>TIEMPO Y ESPACIO Por Jaime Luis Soto. La afiliaci\u00f3n a Morena de la expriista GRISELDA CARRILLO REYES provoc\u00f3 bastante ruido en el sur de Tamaulipas, sobretodo en Altamira en donde su actual alcalde, ARMANDO MART\u00cdNEZ MANR\u00cdQUEZ ya no podr\u00e1 reelegirse. Por supuesto que GRISELDA, quien merece todo nuestro respeto, tiene el derecho de afiliarse a [&hellip;]<\/p>\n","protected":false},"author":1,"featured_media":214847,"comment_status":"closed","ping_status":"closed","sticky":false,"template":"","format":"standard","meta":{"footnotes":""},"categories":[16],"tags":[],"class_list":["post-222265","post","type-post","status-publish","format-standard","has-post-thumbnail","hentry","category-opinion"],"_links":{"self":[{"href":"https:\/\/www.elsinodaldetamaulipas.com.mx\/index.php?rest_route=\/wp\/v2\/posts\/222265","targetHints":{"allow":["GET"]}}],"collection":[{"href":"https:\/\/www.elsinodaldetamaulipas.com.mx\/index.php?rest_route=\/wp\/v2\/posts"}],"about":[{"href":"https:\/\/www.elsinodaldetamaulipas.com.mx\/index.php?rest_route=\/wp\/v2\/types\/post"}],"author":[{"embeddable":true,"href":"https:\/\/www.elsinodaldetamaulipas.com.mx\/index.php?rest_route=\/wp\/v2\/users\/1"}],"replies":[{"embeddable":true,"href":"https:\/\/www.elsinodaldetamaulipas.com.mx\/index.php?rest_route=%2Fwp%2Fv2%2Fcomments&post=222265"}],"version-history":[{"count":1,"href":"https:\/\/www.elsinodaldetamaulipas.com.mx\/index.php?rest_route=\/wp\/v2\/posts\/222265\/revisions"}],"predecessor-version":[{"id":222266,"href":"https:\/\/www.elsinodaldetamaulipas.com.mx\/index.php?rest_route=\/wp\/v2\/posts\/222265\/revisions\/222266"}],"wp:featuredmedia":[{"embeddable":true,"href":"https:\/\/www.elsinodaldetamaulipas.com.mx\/index.php?rest_route=\/wp\/v2\/media\/214847"}],"wp:attachment":[{"href":"https:\/\/www.elsinodaldetamaulipas.com.mx\/index.php?rest_route=%2Fwp%2Fv2%2Fmedia&parent=222265"}],"wp:term":[{"taxonomy":"category","embeddable":true,"href":"https:\/\/www.elsinodaldetamaulipas.com.mx\/index.php?rest_route=%2Fwp%2Fv2%2Fcategories&post=222265"},{"taxonomy":"post_tag","embeddable":true,"href":"https:\/\/www.elsinodaldetamaulipas.com.mx\/index.php?rest_route=%2Fwp%2Fv2%2Ftags&post=222265"}],"curies":[{"name":"wp","href":"https:\/\/api.w.org\/{rel}","templated":true}]}}