{"id":222271,"date":"2026-04-30T22:04:52","date_gmt":"2026-05-01T02:04:52","guid":{"rendered":"https:\/\/www.elsinodaldetamaulipas.com.mx\/?p=222271"},"modified":"2026-04-30T22:04:52","modified_gmt":"2026-05-01T02:04:52","slug":"vinculos-no-los-narcos-sin-mis-amigos-rocha-moya","status":"publish","type":"post","link":"https:\/\/www.elsinodaldetamaulipas.com.mx\/?p=222271","title":{"rendered":"V\u00cdNCULOS NO; LOS NARCOS SIN MIS AMIGOS: ROCHA MOYA"},"content":{"rendered":"<p>Expediente<\/p>\n<p>Azahel Jaramillo H.<\/p>\n<p>&nbsp;<\/p>\n<p><strong>\u00a0 \u00a0 \u00a0 \u00a0 \u00a0 \u00a0 \u00a0 \u00a0 \u00a0 \u00a0 \u00a0\u00bfC\u00f3mo est\u00e1n? Digo, si es que est\u00e1n\u2026 porque con este \u00abpuentazo\u00bb, ya muchos se desconectaron y agarraron carretera a la playa m\u00e1s cercana (ya ven que el calor\u00f3n est\u00e1 a todo lo que da), o bien se fueron a Monterrey o a la frontera norte.<\/strong><\/p>\n<p><strong>\u00a0 \u00a0 \u00a0 \u00a0 \u00a0Lo que si que esta de pronostico reservado es la acci\u00f3n que desde Nueva York se emprende contra un gobernador de la 4T.<\/strong><\/p>\n<p><strong>\u00a0 \u00a0 \u00a0 \u00a0 \u00a0Rocha Moya, en sus recientes d\u00edas de Gobernador de ese bello estado costero que es Sinaloa, im\u00e1n de turistas nacionales y extranjeros, tuvo una entrevista con el periodista Salvador Garc\u00eda Soto.\u00a0<\/strong><\/p>\n<p><strong>\u00a0 \u00a0 \u00a0 \u00a0 \u00a0 \u00a0El Gobernador Rocha Moya, bien sincero y transparente le cont\u00f3 a Salvador que hab\u00eda solicitado y tuvo el visto bueno de narcotraficantes previo a su campa\u00f1a electoral.<\/strong><\/p>\n<p><strong>\u00a0 \u00a0 \u00a0 \u00a0 \u00a0 En la charla, Salvador le pregunt\u00f3 sobre c\u00f3mo se gobierna un estado con un c\u00e1rtel tan poderoso, y Rocha Moya respondi\u00f3 que deb\u00eda buscar el apoyo de los narcos para llegar al poder.<\/strong><\/p>\n<p><strong>\u00a0 \u00a0 \u00a0 \u00a0 En otra entrevista, sincerote, francote, Rocha Moya dijo, en abril de 2021: \u00abHay que buscar una forma de coordinarse con los narcos. Y que se arma una pol\u00e9mica en Sinaloa en medio de se\u00f1alamientos de que el C\u00e1rtel de ah\u00ed mismo intervino en la operaci\u00f3n electoral. Vale decir que incluso hubo denuncia a la Organizaci\u00f3n de Estados Americanos, OEA, de que el fin de semana de la elecci\u00f3n para Gobernador hubo secuestro de operadores de la oposici\u00f3n.\u00a0<\/strong><\/p>\n<p><strong>\u00a0 \u00a0 \u00a0 \u00a0En septiembre del 2026 el comentocr\u00e1ta Loret de Mola public\u00f3 que siendo apenas Rocha Moya, candidato a gobernador por el partido MORENA, acudi\u00f3 a una reuni\u00f3n del Gabinete federal de Seguridad. Ya iniciada la reuni\u00f3n, alguien le increp\u00f3 que ten\u00eda informaci\u00f3n de que \u00e9l\u2013Rocha Moya\u2013 ten\u00eda v\u00ednculos con narcotraficantes de alto perfil en el estado. La respuesta del hoy Gobernador dej\u00f3 at\u00f3nitos a los integrantes del Gabinete de Seguridad: \u00abNo, no tengo v\u00ednculos con narcos, son mis amigos\u00bb.\u00a0<\/strong><\/p>\n<p><strong>\u00a0 \u00a0 \u00a0 \u00a0Enterado de la respuesta de Rocha, el presidente AMLO no lo vet\u00f3 como candidato morenista a la gubernatura.\u00a0<\/strong><\/p>\n<p><strong>\u00a0 \u00a0 \u00a0 \u00a0 ANTE DURO CALOR, SST RECOMIENDA PRECAUCIONES\u00a0<\/strong><\/p>\n<p><strong>\u00a0 \u00a0 \u00a0 \u00a0Ante las altas temperaturas la secretaria de Salud recomend\u00f3 a la poblaci\u00f3n tomar las medidas de prevenci\u00f3n para evitar los golpes de calor, tales como beber suficientes l\u00edquidos, no exponerse al sol por tiempos prolongados y solicitar atenci\u00f3n m\u00e9dica en caso de presentar alg\u00fan s\u00edntoma.<\/strong><\/p>\n<p><strong>\u00a0 \u00a0 \u00a0 \u00a0 La nueva secretaria de Salud, Dra. Adriana Marcela Hern\u00e1ndez Campos, expuso que el calentamiento de aire o invasi\u00f3n del aire denominado como onda de calor, puede durar de 4 a 10 d\u00edas, lo que provoca alza de enfermedades diarreicas, deshidrataciones severas, as\u00ed como el que se agraven las enfermedades como la diabetes e hipertensi\u00f3n.<\/strong><\/p>\n<p><strong>Con el intenso calor, las personas que se encuentran con mayor vulnerabilidad son los trabajadores de la construcci\u00f3n, trabajadores agr\u00edcolas, deportistas, as\u00ed como los ni\u00f1os y adultos mayores, por ello las recomendaciones se enfocan a no realizar actividades intensas bajo el sol, hidratarse constantemente y consumir alimentos frescos.<\/strong><\/p>\n<p><strong>Parte de las recomendaciones para las altas temperaturas es evitar el consumo de bebidas alcoh\u00f3licas; no permanecer en un veh\u00edculo con las puertas cerradas; y jam\u00e1s dejar en un veh\u00edculo al sol a beb\u00e9s, ni\u00f1as, ni\u00f1os, personas adultas mayores o personas en condici\u00f3n de discapacidad.<\/strong><\/p>\n<p><strong>Igual es importante que las mascotas siempre tengan agua disponible, no dejaros en habitaciones sin ventilaci\u00f3n, en veh\u00edculos al sol y tampoco en las azoteas.<\/strong><\/p>\n<p><strong>\u00a0 \u00a0 \u00a0 \u00a0 \u00a0 \u00a0 \u00a0INAUGURA ALCALDE LALO GATTAS TIENDA DE AUTOSERVICIO\u00a0<\/strong><\/p>\n<p><strong>\u00a0 \u00a0 \u00a0 \u00a0 \u00a0Con una inversi\u00f3n de 135 millones de pesos y creaci\u00f3n de 90 empleos directos m\u00e1s, el alcalde de Victoria Eduardo Abraham Gatt\u00e1s B\u00e1ez inaugur\u00f3 importante tienda comercial Aurrera en la capital del estado.<\/strong><\/p>\n<p><strong>\u00a0 \u00a0 \u00a0 \u00a0 \u00a0Previo al corte inaugural, Gatt\u00e1s destac\u00f3 que la estrategia de seguridad que se implementa con el respaldo del gobernador Am\u00e9rico Villarreal Anaya sigue generando confianza para la inversi\u00f3n en Victoria.<\/strong><\/p>\n<p><strong>\u00a0 \u00a0 \u00a0 \u00a0 \u00a0\u00abEn el gobierno municipal lo tenemos claro, nuestra tarea es generar condiciones de orden, certeza y confianza para que las inversiones lleguen, se queden y generen desarrollo econ\u00f3mico\u00bb, se\u00f1al\u00f3 el alcalde quien lleg\u00f3 acompa\u00f1ado de la presidenta del DIF Victoria, Lucy de Gatt\u00e1s y de la secretaria estatal de Econom\u00eda, la neolarendense Lic. Ninfa Cant\u00fa Deandar. NOS VEMOS.\u00a0 \u00a0 \u00a0 \u00a0 \u00a0 \u00a0<\/strong><\/p>\n","protected":false},"excerpt":{"rendered":"<p>Expediente Azahel Jaramillo H. &nbsp; \u00a0 \u00a0 \u00a0 \u00a0 \u00a0 \u00a0 \u00a0 \u00a0 \u00a0 \u00a0 \u00a0\u00bfC\u00f3mo est\u00e1n? Digo, si es que est\u00e1n\u2026 porque con este \u00abpuentazo\u00bb, ya muchos se desconectaron y agarraron carretera a la playa m\u00e1s cercana (ya ven que el calor\u00f3n est\u00e1 a todo lo que da), o bien se fueron a Monterrey [&hellip;]<\/p>\n","protected":false},"author":1,"featured_media":199390,"comment_status":"closed","ping_status":"closed","sticky":false,"template":"","format":"standard","meta":{"footnotes":""},"categories":[16],"tags":[],"class_list":["post-222271","post","type-post","status-publish","format-standard","has-post-thumbnail","hentry","category-opinion"],"_links":{"self":[{"href":"https:\/\/www.elsinodaldetamaulipas.com.mx\/index.php?rest_route=\/wp\/v2\/posts\/222271","targetHints":{"allow":["GET"]}}],"collection":[{"href":"https:\/\/www.elsinodaldetamaulipas.com.mx\/index.php?rest_route=\/wp\/v2\/posts"}],"about":[{"href":"https:\/\/www.elsinodaldetamaulipas.com.mx\/index.php?rest_route=\/wp\/v2\/types\/post"}],"author":[{"embeddable":true,"href":"https:\/\/www.elsinodaldetamaulipas.com.mx\/index.php?rest_route=\/wp\/v2\/users\/1"}],"replies":[{"embeddable":true,"href":"https:\/\/www.elsinodaldetamaulipas.com.mx\/index.php?rest_route=%2Fwp%2Fv2%2Fcomments&post=222271"}],"version-history":[{"count":1,"href":"https:\/\/www.elsinodaldetamaulipas.com.mx\/index.php?rest_route=\/wp\/v2\/posts\/222271\/revisions"}],"predecessor-version":[{"id":222272,"href":"https:\/\/www.elsinodaldetamaulipas.com.mx\/index.php?rest_route=\/wp\/v2\/posts\/222271\/revisions\/222272"}],"wp:featuredmedia":[{"embeddable":true,"href":"https:\/\/www.elsinodaldetamaulipas.com.mx\/index.php?rest_route=\/wp\/v2\/media\/199390"}],"wp:attachment":[{"href":"https:\/\/www.elsinodaldetamaulipas.com.mx\/index.php?rest_route=%2Fwp%2Fv2%2Fmedia&parent=222271"}],"wp:term":[{"taxonomy":"category","embeddable":true,"href":"https:\/\/www.elsinodaldetamaulipas.com.mx\/index.php?rest_route=%2Fwp%2Fv2%2Fcategories&post=222271"},{"taxonomy":"post_tag","embeddable":true,"href":"https:\/\/www.elsinodaldetamaulipas.com.mx\/index.php?rest_route=%2Fwp%2Fv2%2Ftags&post=222271"}],"curies":[{"name":"wp","href":"https:\/\/api.w.org\/{rel}","templated":true}]}}