{"id":222276,"date":"2026-05-01T08:50:02","date_gmt":"2026-05-01T12:50:02","guid":{"rendered":"https:\/\/www.elsinodaldetamaulipas.com.mx\/?p=222276"},"modified":"2026-05-01T08:50:02","modified_gmt":"2026-05-01T12:50:02","slug":"juanjo-y-tico-tico-y-juanjo","status":"publish","type":"post","link":"https:\/\/www.elsinodaldetamaulipas.com.mx\/?p=222276","title":{"rendered":"JUANJO Y TICO; TICO Y JUANJO"},"content":{"rendered":"<p>Parece que en este 2026, en la Capital de Tamaulipas, se puso de moda el moverse para poder salir en la foto. Hagan de cuenta lo que en su momento hizo <strong>VICENTE FOX QUESADA<\/strong>, moverse con mucha antelaci\u00f3n \u2014tres a\u00f1os\u2014 en busca de la candidatura presidencial, rompiendo la frase acu\u00f1ada por el viejo l\u00edder sindical <strong>FIDEL VEL\u00c1ZQUEZ S\u00c1NCHEZ<\/strong>, quien siempre advert\u00eda: \u201c<em>el que se mueve no sale en la foto<\/em>\u201d.<\/p>\n<p>Hoy, con el m\u00e9todo de las encuestas, se advierte que quien no se mueve no es visto y en pol\u00edtica: \u201c<em>santo que no es visto no es adorado<\/em>\u201d. Eso lo han sabido interpretar muy bien <strong>JUAN JOS\u00c9<\/strong> \u201c<strong>JUANJO<\/strong>\u201d <strong>SALAZAR<\/strong>, de Movimiento Ciudadano, quien ha aprovechado el \u201cvac\u00edo\u201d que hay en la Capital de Tamaulipas y la llamarada de petate que signific\u00f3 la \u201cpomposa\u201d aparici\u00f3n del regidor <strong>DANIEL P\u00c9REZ V\u00c1ZQUEZ<\/strong>, que con todo y que se presume cuenta con la \u201cbendici\u00f3n\u201d de <strong>ROBERTO LEE PONCE<\/strong> y hasta de <strong>JORGE \u00c1LVAREZ M\u00c1YNEZ<\/strong>, la realidad que se huele, se siente y se percibe es que \u201c<strong>JUANJO<\/strong>\u201d ha hecho m\u00e1s territorio que todos los \u201cacelerados\u201d juntos y en muy poco tiempo\u2026 \u00a1<strong><em>Zaaas culebra<\/em><\/strong>!<\/p>\n<p>Se abre un par\u00e9ntesis (Por cierto, fuera de Matamoros, en el resto de los 42 municipios tamaulipecos, a <strong>ROBERTO LEE PONCE<\/strong> no lo conocen ni por las redes sociales, a pesar de que aparece haciendo carnitas asadas y presumiendo su \u201cMatamoros querido\u201d, del que sue\u00f1a un d\u00eda gobernar, olvid\u00e1ndose que es coordinador estatal de Movimiento Ciudadano y no candidato a la Alcald\u00eda del puerto fronterizo) se cierra el par\u00e9ntesis.<\/p>\n<p>Claro que eso no significa que \u201c<strong>JUANJO<\/strong>\u201d tiene amarrada la candidatura a la Alcald\u00eda de Victoria, pero la est\u00e1 buscando y va por buen camino al estar trabajando a ras de suelo, en territorio, all\u00ed en donde camina la gente con credencial de elector y poder de decisi\u00f3n y no en las redes sociales\u2026 \u00a1<strong><em>Que gacho Tacho<\/em><\/strong>!<\/p>\n<p>Aunque es cierto que, al menos hoy, la candidatura de Ciudad Victoria, del partido naranja, no ser\u00e1 definida ni en la Capital y ni siquiera en Tamaulipas, vale decir que si Movimiento Ciudadano, desde el centro del pa\u00eds se decide por una encuesta seria, de cara a la poblaci\u00f3n y basada en hechos y resultados, entonces \u201c<strong>JUANJO<\/strong>\u201d <strong>SALAZAR<\/strong> se los meter\u00eda a todos, por el vac\u00edo que <strong>ROBERTO LEE PONCE<\/strong> ha permitido y eso, al momento de las definiciones, ser\u00e1 un verdadero problema para todos los naranjas\u2026 \u00a1<strong><em>Ay nanita<\/em><\/strong>!<\/p>\n<p>Otro que tampoco canta mal las rancheras en eso de echarle ganitas al asunto de mantener su imagen fresca y posicionada en el \u00e1nimo de los capitalinos, es <strong>JORGE ALBERTO<\/strong> \u201c<strong>Tico<\/strong>\u201d <strong>GARC\u00cdA<\/strong>.<\/p>\n<p>El empresario del agua oxigenada y el alcohol isoprop\u00edlico no se ha dejado de mover, pero desde hace algunos meses, pr\u00e1cticamente desde que falleci\u00f3 <strong>\u00d3SCAR ALMARAZ SMER<\/strong>, aument\u00f3 su presencia en territorio, intentando llenar ese vaci\u00f3 que dej\u00f3 el excandidato a la alcald\u00eda de Victoria.<\/p>\n<p>\u201c<strong>Tico<\/strong>\u201d <strong>GARC\u00cdA<\/strong> traer ganas y muchas canicas para jugar, pero \u201ccojea\u201d en su \u00e1rea de asesor\u00eda pol\u00edtica\/electoral, all\u00ed en el centro neur\u00e1lgico de donde se confeccionan una campa\u00f1a, en donde no se requiere apapacho, sino jalones de orejas para corregir el paso, en donde las alabanzas hacen m\u00e1s da\u00f1o que bien\u2026 All\u00ed en donde el c\u00e1ntico de sirenas te echa a perder a\u00f1os de lucha, all\u00ed es donde \u201c<strong><em>Tico<\/em><\/strong>\u201d se ha tropezado\u2026 \u00a1<strong><em>Ufff<\/em><\/strong>!<\/p>\n<p>Su reciente aparici\u00f3n en la escuela primaria Corregidora, plantel que fue vandalizado y saqueado, le gener\u00f3 a <strong>JORGE<\/strong> \u201c<strong>Tico<\/strong>\u201d <strong>GARC\u00cdA<\/strong>, importantes \u201cpuntos\u201d en su camino hacia el 2027\u2026 El empresario de la limpieza no es monedita de oro, pero guste o no, se acepte o no, se deja ver y se deja querer. \u00a1<strong><em>AyWey<\/em><\/strong>!<\/p>\n<p>Mientras que la Secretar\u00eda de Educaci\u00f3n de Tamaulipas y hasta la Secretar\u00eda General de la Secci\u00f3n 30 del SNTE dejaron solos al plantel, el empresario del agua oxigenada y el alcohol isoprop\u00edlico hizo como victorense, algo por Victoria y sus iguales, rescat\u00f3 una escuela en desgracia y eso es algo que los padres de familia y los familiares de \u00e9stos, que portan credencial de elector, lo van a recordar para cuando se ofrezca\u2026 \u00a1<strong><em>Ch\u00fapale pich\u00f3n<\/em><\/strong>!<\/p>\n<p>Ni <strong>JUANJO<\/strong> y ni <strong>TICO<\/strong> son fundadores de esa forma de hacer pol\u00edtica, de estar en territorio, de hacer talacha, de picar piedra y de posicionar su imagen a ras de piso en contacto directo con la poblaci\u00f3n, en donde se transpira, en donde ambos se convierten en personajes de carne y huesos al alcance de una poblaci\u00f3n que les ha dado una buena bienvenida y les ha dado su arropo\u2026 Pero han sabido beneficiarse se esta estrategia de aparecerse y de dar soluci\u00f3n pronta y no hasta despu\u00e9s de un proceso electoral\u2026 \u00a1<strong><em>Calla pes\u00e1o<\/em><\/strong>!<\/p>\n<p>Mientras los colores de <strong>JUANJO<\/strong> son de momento naranjas y podr\u00edan convertirse en verdes si recibe por segunda vez la traici\u00f3n de su partido, los colores de <strong>TICO<\/strong> han venido cambiado por el color azul, luego de la primera traici\u00f3n\u2026 \u00a1<strong><em>Ostias t\u00edo de la Virgen santa<\/em><\/strong>!<\/p>\n<p><strong>LA GRILLOTINA: DICHOS Y DESDICHOS<\/strong><\/p>\n<p><strong>++ANDAN DICIENDO QUE\u2026<\/strong> El diputado local del Distrito 18, <strong>MARCELO ABUNDIS RAM\u00cdREZ<\/strong>, tiene tiempo que anda picando piedra en busca de la candidatura del Movimiento de Regeneraci\u00f3n Nacional (Morena) a la Alcald\u00eda de Altamira, pero por fuerza se va a enfrentar a dos grandes problemas de los cuales, al menos uno, tiene por lo menos m\u00e1s de un a\u00f1o que le est\u00e1 dando lata\u2026 <strong>CUENTAN QUE\u2026<\/strong> Uno de los dos problemas de <strong>MARCELO<\/strong> se llama <strong>ARMANDO MART\u00cdNEZ MANR\u00cdQUEZ<\/strong>, s\u00ed, el alcalde de Altamira, quienes todos saben es quien le esta patrocinando la \u201ccampa\u00f1ita\u201d de golpeteo medi\u00e1tico que tiene en contra el diputado desde hace tiempo\u2026 el otro gran problema ser\u00e1 el tema del g\u00e9nero, pues si Altamira es perfilado para que compitan las damas por la Alcald\u00eda, nada tendr\u00eda qu\u00e9 hacer <strong>ABUNDIS<\/strong> m\u00e1s que perfilar a una dama de su equipo, pero esa es otra historia\u2026 <strong><em>\u00a1AyWey<\/em><\/strong>!<\/p>\n<p><strong>++ANDAN DICIENDO QUE\u2026<\/strong> Es mucha la insistencia (aunque todav\u00eda no se sabe si poca la resistencia), en mencionar el nombre del exgobernador <strong>EUGENIO HERN\u00c1NDEZ FLORES<\/strong> como candidato del Partido Verde Ecologista de M\u00e9xico a la alcald\u00eda de Ciudad Victoria\u2026 <strong>CUENTAN QUE\u2026<\/strong> Los rumores siguen y siguen, pero de momento nadie sabe en d\u00f3nde est\u00e1 su origen\u2026 La realidad es que el ex gobernador del PRI, ahora Verde, tiene m\u00e1s ganas de jugar con sus nietos que aparecer en la boleta. Y es que, aunque la pol\u00edtica le ha dejado muchas satisfacciones, tambi\u00e9n le ha salido muy caro el pago que ha tenido que hacer; as\u00ed que regresar a la pol\u00edtica no es algo que de momento y ni despu\u00e9s se le antoje, dijo un pajarito de Canc\u00fan\u2026 \u00a1<strong><em>Santas Batilocuras<\/em><\/strong>!<\/p>\n<p><strong>++ANDAN DICIENDO QUE\u2026<\/strong> La euforia que ha venido presentando el dirigente del PRI en Tamaulipas <strong>BRUNO D\u00cdAZ LARA<\/strong>, en cada rueda de prensa donde asegura que su partido cada d\u00eda crece en simpat\u00edas y afiliaciones, se la ha venido apagando el Instituto Nacional Electoral (INE)\u2026 <strong>CUENTAN QUE\u2026<\/strong> Mientras en la \u00faltima elecci\u00f3n el PRI obtuvo poco m\u00e1s de 65 mil y menos de 70 mil votos, su padr\u00f3n de afiliados andaba rascando los 20 mil miembros; pero el <strong>INE <\/strong>le ha venido rasurando la cifra, porque fiel a su costumbre el PRI tamaulipeco anda \u201cembarazando\u201d su padr\u00f3n de afiliaciones con duplicidades y hasta registros sin el consentimiento de los due\u00f1os de la credencial de elector y que no le rasquen porque si la realidad se da a conocer, el padr\u00f3n en Tamaulipas ser\u00eda menos que el del PAN que ronda los nueve mil miembros, de los cuales apenas unos tres o cuatro mil dan \u201cse\u00f1al de vida\u201d\u2026 \u00a1<strong><em>Que gacho Tacho<\/em><\/strong>!<\/p>\n<p><strong>++ANDAN DICIENDO QUE\u2026<\/strong> Los comentarios que hizo el secretario de Educaci\u00f3n de Tamaulipas, <strong>MIGUEL \u00c1NGEL VALDEZ GARC\u00cdA<\/strong>, el d\u00eda en que compareci\u00f3 ante el Congreso del Estado, con motivo de la Glosa del Informe de Gobierno, dio pie a una serie de especulaciones, rumorolog\u00edas, sospechosismos, asegunes y hasta elucubraciones\u2026 <strong>CUENTAN QUE\u2026<\/strong> El hecho de que <strong>VALDEZ GARC\u00cdA<\/strong> haya dicho que de ni\u00f1o quer\u00eda ser diputado y el hecho de estar en el Pleno de Sesiones ante los legisladores era una forma de haberlo cumplido, muchos lo entendieron como un anticipo de que para el 2027 se le ver\u00e1 en las boletas electorales\u2026 Hay ratones de bibliotecas y hay lobos feroces y <strong>VALDEZ GARC\u00cdA<\/strong> no tiene ojos grandes, boca grande, ni nariz tan grande; pero le pueden crecer\u2026 \u00a1<strong><em>Santas Baticlaridades<\/em><\/strong>!<\/p>\n<p>En otro tema. El rector de la Universidad Aut\u00f3noma de Tamaulipas, <strong>D\u00c1MASO ANAYA ALVARADO<\/strong>, dio la bienvenida al director general del Instituto Mexicano de la Propiedad Industrial (IMPI), Dr. <strong>SANTIAGO NIETO CASTILLO<\/strong>, al impartir en la casa de estudios la conferencia \u201cProtecci\u00f3n de la Innovaci\u00f3n y la Propiedad Intelectual\u201d, donde destac\u00f3 que M\u00e9xico debe consolidar un modelo econ\u00f3mico basado en la ciencia, la tecnolog\u00eda y la innovaci\u00f3n.<\/p>\n<p>En este evento, llevado a cabo en el Centro de Excelencia del Campus Victoria, con el fin de fortalecer la cultura de la innovaci\u00f3n, el emprendimiento y el desarrollo tecnol\u00f3gico, el ponente subray\u00f3 que la propiedad intelectual constituye una herramienta estrat\u00e9gica fundamental para impulsar la competitividad y el desarrollo nacional.<\/p>\n<p>Ante la asistencia de estudiantes de la Facultad de Comercio y Administraci\u00f3n Victoria, el Dr. <strong>SANTIAGO NIETO<\/strong> agradeci\u00f3 la oportunidad de compartir con los j\u00f3venes un tema de gran trascendencia para su formaci\u00f3n profesional y de gran impacto para el pa\u00eds.<\/p>\n<p>El funcionario federal destac\u00f3 adem\u00e1s el crecimiento que ha registrado Tamaulipas en solicitudes de patentes y registros de marcas, as\u00ed como la participaci\u00f3n de la UAT en proyectos relacionados con innovaci\u00f3n, transferencia tecnol\u00f3gica y desarrollo regional.<\/p>\n<p>Por su parte, el rector <strong>D\u00c1MASO ANAYA ALVARADO<\/strong> destac\u00f3 la importancia de impulsar, entre las y los estudiantes, una cultura enfocada en el desarrollo de patentes y la creaci\u00f3n de marcas, subrayando que la UAT contin\u00faa fortaleciendo los proyectos de investigaci\u00f3n y el registro de propiedad intelectual generados por acad\u00e9micos y universitarios de distintas facultades\u2026 \u00a1<strong><em>Enhorabuena<\/em><\/strong>!<\/p>\n<p>GRACIAS\u2026 Nos leemos hasta el lunes<\/p>\n<p>COMENTARIOS: <a href=\"mailto:letrasprohibidas2011@hotmail.com\">letrasprohibidas2011@hotmail.com<\/a><\/p>\n<p>&nbsp;<\/p>\n","protected":false},"excerpt":{"rendered":"<p>Parece que en este 2026, en la Capital de Tamaulipas, se puso de moda el moverse para poder salir en la foto. Hagan de cuenta lo que en su momento hizo VICENTE FOX QUESADA, moverse con mucha antelaci\u00f3n \u2014tres a\u00f1os\u2014 en busca de la candidatura presidencial, rompiendo la frase acu\u00f1ada por el viejo l\u00edder sindical [&hellip;]<\/p>\n","protected":false},"author":1,"featured_media":216103,"comment_status":"closed","ping_status":"closed","sticky":false,"template":"","format":"standard","meta":{"footnotes":""},"categories":[16],"tags":[],"class_list":["post-222276","post","type-post","status-publish","format-standard","has-post-thumbnail","hentry","category-opinion"],"_links":{"self":[{"href":"https:\/\/www.elsinodaldetamaulipas.com.mx\/index.php?rest_route=\/wp\/v2\/posts\/222276","targetHints":{"allow":["GET"]}}],"collection":[{"href":"https:\/\/www.elsinodaldetamaulipas.com.mx\/index.php?rest_route=\/wp\/v2\/posts"}],"about":[{"href":"https:\/\/www.elsinodaldetamaulipas.com.mx\/index.php?rest_route=\/wp\/v2\/types\/post"}],"author":[{"embeddable":true,"href":"https:\/\/www.elsinodaldetamaulipas.com.mx\/index.php?rest_route=\/wp\/v2\/users\/1"}],"replies":[{"embeddable":true,"href":"https:\/\/www.elsinodaldetamaulipas.com.mx\/index.php?rest_route=%2Fwp%2Fv2%2Fcomments&post=222276"}],"version-history":[{"count":1,"href":"https:\/\/www.elsinodaldetamaulipas.com.mx\/index.php?rest_route=\/wp\/v2\/posts\/222276\/revisions"}],"predecessor-version":[{"id":222277,"href":"https:\/\/www.elsinodaldetamaulipas.com.mx\/index.php?rest_route=\/wp\/v2\/posts\/222276\/revisions\/222277"}],"wp:featuredmedia":[{"embeddable":true,"href":"https:\/\/www.elsinodaldetamaulipas.com.mx\/index.php?rest_route=\/wp\/v2\/media\/216103"}],"wp:attachment":[{"href":"https:\/\/www.elsinodaldetamaulipas.com.mx\/index.php?rest_route=%2Fwp%2Fv2%2Fmedia&parent=222276"}],"wp:term":[{"taxonomy":"category","embeddable":true,"href":"https:\/\/www.elsinodaldetamaulipas.com.mx\/index.php?rest_route=%2Fwp%2Fv2%2Fcategories&post=222276"},{"taxonomy":"post_tag","embeddable":true,"href":"https:\/\/www.elsinodaldetamaulipas.com.mx\/index.php?rest_route=%2Fwp%2Fv2%2Ftags&post=222276"}],"curies":[{"name":"wp","href":"https:\/\/api.w.org\/{rel}","templated":true}]}}